{"id":845,"date":"2020-02-27T09:31:57","date_gmt":"2020-02-27T09:31:57","guid":{"rendered":"https:\/\/nkef.eus\/?p=845"},"modified":"2020-10-26T10:37:29","modified_gmt":"2020-10-26T10:37:29","slug":"resultados-campeonato-de-euskadi-navarra-y-aragon-esqui-de-fondo-relevos","status":"publish","type":"post","link":"https:\/\/nkef.eus\/eu\/index.php\/2020\/02\/27\/resultados-campeonato-de-euskadi-navarra-y-aragon-esqui-de-fondo-relevos\/","title":{"rendered":"RESULTADOS CAMPEONATO DE EUSKADI-NAVARRA Y ARAGON ESQUI DE FONDO RELEVOS"},"content":{"rendered":"<div data-elementor-type=\"wp-post\" data-elementor-id=\"845\" class=\"elementor elementor-845\">\n\t\t\t\t\t\t<div class=\"elementor-inner\">\n\t\t\t\t<div class=\"elementor-section-wrap\">\n\t\t\t\t\t\t\t\t\t<section class=\"elementor-section elementor-top-section elementor-element elementor-element-7a89a199 elementor-section-content-middle elementor-section-boxed elementor-section-height-default elementor-section-height-default\" data-id=\"7a89a199\" data-element_type=\"section\">\n\t\t\t\t\t\t<div class=\"elementor-container elementor-column-gap-no\">\n\t\t\t\t\t\t\t<div class=\"elementor-row\">\n\t\t\t\t\t<div class=\"elementor-column elementor-col-100 elementor-top-column elementor-element elementor-element-2a5cff57\" data-id=\"2a5cff57\" data-element_type=\"column\">\n\t\t\t<div class=\"elementor-column-wrap elementor-element-populated\">\n\t\t\t\t\t\t\t<div class=\"elementor-widget-wrap\">\n\t\t\t\t\t\t<div class=\"elementor-element elementor-element-6e9470fe elementor-widget elementor-widget-heading\" data-id=\"6e9470fe\" data-element_type=\"widget\" data-widget_type=\"heading.default\">\n\t\t\t\t<div class=\"elementor-widget-container\">\n\t\t\t<h4 class=\"elementor-heading-title elementor-size-default\">RESULTADOS CAMPEONATO DE EUSKADI-NAVARRA Y ARAGON ESQUI DE FONDO RELEVOS<\/h4>\t\t<\/div>\n\t\t\t\t<\/div>\n\t\t\t\t<div class=\"elementor-element elementor-element-18310e97 elementor-widget elementor-widget-text-editor\" data-id=\"18310e97\" data-element_type=\"widget\" data-widget_type=\"text-editor.default\">\n\t\t\t\t<div class=\"elementor-widget-container\">\n\t\t\t\t\t\t\t\t<div class=\"elementor-text-editor elementor-clearfix\">\n\t\t\t\t<p>CANDANCHU 26\/01\/2020<\/p><p>El d\u00eda 26 Enero se ha celebrado en la estaci\u00f3n de Candanchu, el Campeonato de Euskadi,Navarra y Aragon de Esqu\u00ed de Fondo relevos con un gran exito a nivel organizativo y de participaci\u00f3n, con la presencia de mas de 100 corredores y 35 equipos.\u00a0<\/p><p>\u00a0<\/p><p>\u00a0<\/p><p>Desde la FVDI-NKEf, queremos agradecer la implicaci\u00f3n de todas las personas que han hecho posible la disputa de este Campeonato.<\/p>\t\t\t\t\t<\/div>\n\t\t\t\t\t\t<\/div>\n\t\t\t\t<\/div>\n\t\t\t\t<div class=\"elementor-element elementor-element-5c10ab22 elementor-icon-list--layout-traditional elementor-list-item-link-full_width elementor-widget elementor-widget-icon-list\" data-id=\"5c10ab22\" data-element_type=\"widget\" data-widget_type=\"icon-list.default\">\n\t\t\t\t<div class=\"elementor-widget-container\">\n\t\t\t\t\t<ul class=\"elementor-icon-list-items\">\n\t\t\t\t\t\t\t<li class=\"elementor-icon-list-item\">\n\t\t\t\t\t\t\t\t\t\t\t<a href=\"https:\/\/nkef.eus\/wp-content\/uploads\/2020\/06\/REL-ABSOLUTOS-MOFIFICADO-CANDANCHU.pdf\" target=\"_blank\">\n\n\t\t\t\t\t\t\t\t\t\t\t\t<span class=\"elementor-icon-list-icon\">\n\t\t\t\t\t\t\t<i aria-hidden=\"true\" class=\"far fa-file-pdf\"><\/i>\t\t\t\t\t\t<\/span>\n\t\t\t\t\t\t\t\t\t\t<span class=\"elementor-icon-list-text\">CLASIFICACI\u00d3N FINAL<\/span>\n\t\t\t\t\t\t\t\t\t\t\t<\/a>\n\t\t\t\t\t\t\t\t\t<\/li>\n\t\t\t\t\t\t<\/ul>\n\t\t\t\t<\/div>\n\t\t\t\t<\/div>\n\t\t\t\t\t\t<\/div>\n\t\t\t\t\t<\/div>\n\t\t<\/div>\n\t\t\t\t\t\t\t\t<\/div>\n\t\t\t\t\t<\/div>\n\t\t<\/section>\n\t\t\t\t\t\t\t\t\t<\/div>\n\t\t\t<\/div>\n\t\t\t\t\t<\/div>","protected":false},"excerpt":{"rendered":"<p>RESULTADOS CAMPEONATO DE EUSKADI-NAVARRA Y ARAGON ESQUI DE FONDO RELEVOS CANDANCHU 26\/01\/2020 El d\u00eda 26 Enero se ha celebrado en la estaci\u00f3n de Candanchu, el Campeonato de Euskadi,Navarra y Aragon de Esqu\u00ed de Fondo relevos con un gran exito a nivel organizativo y de participaci\u00f3n, con la presencia de mas de 100 corredores y 35 [&hellip;]<\/p>","protected":false},"author":2,"featured_media":847,"comment_status":"closed","ping_status":"closed","sticky":false,"template":"elementor_header_footer","format":"standard","meta":[],"categories":[9],"tags":[],"_links":{"self":[{"href":"https:\/\/nkef.eus\/eu\/index.php\/wp-json\/wp\/v2\/posts\/845"}],"collection":[{"href":"https:\/\/nkef.eus\/eu\/index.php\/wp-json\/wp\/v2\/posts"}],"about":[{"href":"https:\/\/nkef.eus\/eu\/index.php\/wp-json\/wp\/v2\/types\/post"}],"author":[{"embeddable":true,"href":"https:\/\/nkef.eus\/eu\/index.php\/wp-json\/wp\/v2\/users\/2"}],"replies":[{"embeddable":true,"href":"https:\/\/nkef.eus\/eu\/index.php\/wp-json\/wp\/v2\/comments?post=845"}],"version-history":[{"count":3,"href":"https:\/\/nkef.eus\/eu\/index.php\/wp-json\/wp\/v2\/posts\/845\/revisions"}],"predecessor-version":[{"id":1796,"href":"https:\/\/nkef.eus\/eu\/index.php\/wp-json\/wp\/v2\/posts\/845\/revisions\/1796"}],"wp:featuredmedia":[{"embeddable":true,"href":"https:\/\/nkef.eus\/eu\/index.php\/wp-json\/wp\/v2\/media\/847"}],"wp:attachment":[{"href":"https:\/\/nkef.eus\/eu\/index.php\/wp-json\/wp\/v2\/media?parent=845"}],"wp:term":[{"taxonomy":"category","embeddable":true,"href":"https:\/\/nkef.eus\/eu\/index.php\/wp-json\/wp\/v2\/categories?post=845"},{"taxonomy":"post_tag","embeddable":true,"href":"https:\/\/nkef.eus\/eu\/index.php\/wp-json\/wp\/v2\/tags?post=845"}],"curies":[{"name":"wp","href":"https:\/\/api.w.org\/{rel}","templated":true}]}}