{"id":8132,"date":"2026-04-08T08:49:01","date_gmt":"2026-04-08T08:49:01","guid":{"rendered":"https:\/\/nkef.eus\/?p=8132"},"modified":"2026-04-22T07:30:58","modified_gmt":"2026-04-22T07:30:58","slug":"elecciones-rfedi-2026","status":"publish","type":"post","link":"https:\/\/nkef.eus\/eu\/index.php\/2026\/04\/08\/elecciones-rfedi-2026\/","title":{"rendered":"ELECCIONES A LA ASAMBLEA GENERAL Y PRESIDENCIA DE LA  RFEDI 2026 &#8211; 2030"},"content":{"rendered":"<div data-elementor-type=\"wp-post\" data-elementor-id=\"8132\" class=\"elementor elementor-8132\">\n\t\t\t\t\t\t<div class=\"elementor-inner\">\n\t\t\t\t<div class=\"elementor-section-wrap\">\n\t\t\t\t\t\t\t\t\t<section class=\"elementor-section elementor-top-section elementor-element elementor-element-5ede4ebd elementor-section-content-middle elementor-section-boxed elementor-section-height-default elementor-section-height-default\" data-id=\"5ede4ebd\" data-element_type=\"section\">\n\t\t\t\t\t\t<div class=\"elementor-container elementor-column-gap-no\">\n\t\t\t\t\t\t\t<div class=\"elementor-row\">\n\t\t\t\t\t<div class=\"elementor-column elementor-col-100 elementor-top-column elementor-element elementor-element-7bb9acd6\" data-id=\"7bb9acd6\" data-element_type=\"column\">\n\t\t\t<div class=\"elementor-column-wrap elementor-element-populated\">\n\t\t\t\t\t\t\t<div class=\"elementor-widget-wrap\">\n\t\t\t\t\t\t<div class=\"elementor-element elementor-element-67f0df49 elementor-widget elementor-widget-heading\" data-id=\"67f0df49\" data-element_type=\"widget\" data-widget_type=\"heading.default\">\n\t\t\t\t<div class=\"elementor-widget-container\">\n\t\t\t<h4 class=\"elementor-heading-title elementor-size-default\">ELECCIONES A LA ASAMBLEA GENERAL Y PRESIDENCIA DE LA  RFEDI 2026 - 2030<\/h4>\t\t<\/div>\n\t\t\t\t<\/div>\n\t\t\t\t<div class=\"elementor-element elementor-element-41fa415 elementor-widget elementor-widget-image\" data-id=\"41fa415\" data-element_type=\"widget\" data-widget_type=\"image.default\">\n\t\t\t\t<div class=\"elementor-widget-container\">\n\t\t\t\t\t\t\t\t<div class=\"elementor-image\">\n\t\t\t\t\t\t\t\t\t\t\t\t<img width=\"580\" height=\"580\" src=\"https:\/\/nkef.eus\/wp-content\/uploads\/2026\/04\/elecciones-rfedo-2026-2030-1024x1024.jpeg\" class=\"attachment-large size-large\" alt=\"\" loading=\"lazy\" srcset=\"https:\/\/nkef.eus\/wp-content\/uploads\/2026\/04\/elecciones-rfedo-2026-2030-1024x1024.jpeg 1024w, https:\/\/nkef.eus\/wp-content\/uploads\/2026\/04\/elecciones-rfedo-2026-2030-300x300.jpeg 300w, https:\/\/nkef.eus\/wp-content\/uploads\/2026\/04\/elecciones-rfedo-2026-2030-150x150.jpeg 150w, https:\/\/nkef.eus\/wp-content\/uploads\/2026\/04\/elecciones-rfedo-2026-2030-768x768.jpeg 768w, https:\/\/nkef.eus\/wp-content\/uploads\/2026\/04\/elecciones-rfedo-2026-2030-1536x1536.jpeg 1536w, https:\/\/nkef.eus\/wp-content\/uploads\/2026\/04\/elecciones-rfedo-2026-2030-12x12.jpeg 12w, https:\/\/nkef.eus\/wp-content\/uploads\/2026\/04\/elecciones-rfedo-2026-2030-1200x1201.jpeg 1200w, https:\/\/nkef.eus\/wp-content\/uploads\/2026\/04\/elecciones-rfedo-2026-2030.jpeg 1808w\" sizes=\"(max-width: 580px) 100vw, 580px\" \/>\t\t\t\t\t\t\t\t\t\t\t\t\t\t<\/div>\n\t\t\t\t\t\t<\/div>\n\t\t\t\t<\/div>\n\t\t\t\t<div class=\"elementor-element elementor-element-0948fd2 elementor-widget-divider--view-line elementor-widget elementor-widget-divider\" data-id=\"0948fd2\" data-element_type=\"widget\" data-widget_type=\"divider.default\">\n\t\t\t\t<div class=\"elementor-widget-container\">\n\t\t\t\t\t<div class=\"elementor-divider\">\n\t\t\t<span class=\"elementor-divider-separator\">\n\t\t\t\t\t\t<\/span>\n\t\t<\/div>\n\t\t\t\t<\/div>\n\t\t\t\t<\/div>\n\t\t\t\t<div class=\"elementor-element elementor-element-3b0ade29 elementor-widget elementor-widget-text-editor\" data-id=\"3b0ade29\" data-element_type=\"widget\" data-widget_type=\"text-editor.default\">\n\t\t\t\t<div class=\"elementor-widget-container\">\n\t\t\t\t\t\t\t\t<div class=\"elementor-text-editor elementor-clearfix\">\n\t\t\t\t<p><b>El pr\u00f3ximo jueves 21 de mayo se llevar\u00e1n a cabo las votaciones para la elecci\u00f3n de la Asamblea General de la Real Federaci\u00f3n Espa\u00f1ola de Deportes de Invierno en la que se escoger\u00e1n un total de 36 miembros entre estamentos, clubes deportivos, deportistas, t\u00e9cnicos\/as y delegados\/as t\u00e9cnicos y jueces\/as.<\/b><\/p><p><b>El 27 de mayo se proclamar\u00e1n los resultados de la Asamblea de forma oficial y el 20 de junio est\u00e1 prevista la elecci\u00f3n a la Presidencia y a la Comisi\u00f3n Delegada para el ciclo Ol\u00edmpico y Paral\u00edmpico 2026-2030.<\/b><\/p><p>Dentro del proceso electoral de la RFEDI, que coincide con el fin de cada ciclo ol\u00edmpico\/paral\u00edmpico de invierno, y como paso previo a las elecciones a la Presidencia se procede a las votaciones para confeccionar la Asamblea General, que se realizar\u00e1n el\u00a0 jueves d\u00eda 21 de mayo de 2026, y que representar\u00e1 a todos los estamentos de los deportes de nieve espa\u00f1oles durante los pr\u00f3ximos 4 a\u00f1os.<\/p><p>El jueves 21 de mayo de 2026, tal como establece la normativa electoral Orden EFD\/42\/2024 de 25 de enero por la que se regulan los procesos electorales en las federaciones deportivas espa\u00f1olas y reglamento electoral RFEDI, se llevar\u00e1 a cabo la elecci\u00f3n de los 36 miembros electos de la Asamblea General RFEDI correspondientes a los estamentos, clubes deportivos, deportistas, t\u00e9cnicos\/as y delegados\/as t\u00e9cnicos\u00a0 y jueces\/as.<\/p><p>El resto de miembros, dentro de la estructura de los deportes de invierno nacional, corresponden a los representantes de las trece federaciones auton\u00f3micas y el presidente\/a RFEDI, una vez se haya elegido en el mes de junio, confirmando la Asamblea que suma un total de 50 miembros.<\/p><p>El 21 de mayo y una vez terminado el plazo de voto, se llevar\u00e1 a cabo el escrutinio que cada mesa elevar\u00e1 a la Junta Electoral. De los 36 miembros a elegir se presentan candidatos de clubes (7 de alto nivel y 7 de no alto nivel), deportistas (6 de alto nivel y 6 de no alto nivel), t\u00e9cnicos\/as (4 de alto nivel y 3 de no alto nivel) y delegados\/as t\u00e9cnicos y jueces\/as (3).<\/p><p>Durante la jornada del 27 de mayo se proclamar\u00e1n y publicar\u00e1n los resultados oficiales definitivos a la Asamblea General de RFEDI. Ese mismo d\u00eda 27 se abre el plazo para la presentaci\u00f3n de candidaturas a Presidente\/a. El s\u00e1bado 20 de junio est\u00e1 prevista la celebraci\u00f3n de la Asamblea General Extraordinaria para la elecci\u00f3n del Presidente\/a y de la Comisi\u00f3n Delegada para el ciclo Ol\u00edmpico y Paral\u00edmpico 2026-2030.<\/p><p>Toda la documentaci\u00f3n e informaci\u00f3n relativa a estas elecciones se encuentra en la web\u00a0<a href=\"http:\/\/www.rfedi.es\/\"><b>www.rfedi.es<\/b><\/a>\u00a0en el apartado de proceso electoral, concretamente en la direcci\u00f3n web\u00a0<a href=\"https:\/\/rfedi.es\/elecciones-2026\"><b>https:\/\/rfedi.es\/elecciones-2026<\/b><\/a>.<\/p>\t\t\t\t\t<\/div>\n\t\t\t\t\t\t<\/div>\n\t\t\t\t<\/div>\n\t\t\t\t<div class=\"elementor-element elementor-element-f4a9af1 elementor-widget-divider--view-line elementor-widget elementor-widget-divider\" data-id=\"f4a9af1\" data-element_type=\"widget\" data-widget_type=\"divider.default\">\n\t\t\t\t<div class=\"elementor-widget-container\">\n\t\t\t\t\t<div class=\"elementor-divider\">\n\t\t\t<span class=\"elementor-divider-separator\">\n\t\t\t\t\t\t<\/span>\n\t\t<\/div>\n\t\t\t\t<\/div>\n\t\t\t\t<\/div>\n\t\t\t\t<div class=\"elementor-element elementor-element-af76540 elementor-widget elementor-widget-button\" data-id=\"af76540\" data-element_type=\"widget\" data-widget_type=\"button.default\">\n\t\t\t\t<div class=\"elementor-widget-container\">\n\t\t\t\t\t<div class=\"elementor-button-wrapper\">\n\t\t\t<a href=\"https:\/\/nkef.eus\/wp-content\/uploads\/2026\/04\/14-04-2026-CENSO-ELECTORAL-DEFINITIVO-RFEDI.pdf\" class=\"elementor-button-link elementor-button elementor-size-sm\" role=\"button\">\n\t\t\t\t\t\t<span class=\"elementor-button-content-wrapper\">\n\t\t\t\t\t\t<span class=\"elementor-button-text\">14 - 04 - 2026 CENSO-ELECTORAL-DEFINITIVO-RFEDI<\/span>\n\t\t<\/span>\n\t\t\t\t\t<\/a>\n\t\t<\/div>\n\t\t\t\t<\/div>\n\t\t\t\t<\/div>\n\t\t\t\t<div class=\"elementor-element elementor-element-b8a96f3 elementor-widget elementor-widget-button\" data-id=\"b8a96f3\" data-element_type=\"widget\" data-widget_type=\"button.default\">\n\t\t\t\t<div class=\"elementor-widget-container\">\n\t\t\t\t\t<div class=\"elementor-button-wrapper\">\n\t\t\t<a href=\"https:\/\/nkef.eus\/wp-content\/uploads\/2026\/04\/17-04-2026-Resolucion-Junta-Electoral-Censo-voto-no-presencial-.pdf\" class=\"elementor-button-link elementor-button elementor-size-sm\" role=\"button\">\n\t\t\t\t\t\t<span class=\"elementor-button-content-wrapper\">\n\t\t\t\t\t\t<span class=\"elementor-button-text\">17 - 04 - 2026 Resoluci\u00f3n Junta Electoral - Censo voto no presencial-<\/span>\n\t\t<\/span>\n\t\t\t\t\t<\/a>\n\t\t<\/div>\n\t\t\t\t<\/div>\n\t\t\t\t<\/div>\n\t\t\t\t<div class=\"elementor-element elementor-element-5ab0dd5 elementor-widget elementor-widget-button\" data-id=\"5ab0dd5\" data-element_type=\"widget\" data-widget_type=\"button.default\">\n\t\t\t\t<div class=\"elementor-widget-container\">\n\t\t\t\t\t<div class=\"elementor-button-wrapper\">\n\t\t\t<a href=\"https:\/\/nkef.eus\/wp-content\/uploads\/2026\/04\/21-04-2026-Acta-Proclamacion-PROVISIONAL-Candidaturas-a-Miembros-de-la-Asamblea-RFEDI-2026-.pdf\" class=\"elementor-button-link elementor-button elementor-size-sm\" role=\"button\">\n\t\t\t\t\t\t<span class=\"elementor-button-content-wrapper\">\n\t\t\t\t\t\t<span class=\"elementor-button-text\">21 - 04 - 2026  Acta Proclamaci\u00f3n PROVISIONAL Candidaturas a Miembros de la Asamblea RFEDI 2026-<\/span>\n\t\t<\/span>\n\t\t\t\t\t<\/a>\n\t\t<\/div>\n\t\t\t\t<\/div>\n\t\t\t\t<\/div>\n\t\t\t\t\t\t<\/div>\n\t\t\t\t\t<\/div>\n\t\t<\/div>\n\t\t\t\t\t\t\t\t<\/div>\n\t\t\t\t\t<\/div>\n\t\t<\/section>\n\t\t\t\t\t\t\t\t\t<\/div>\n\t\t\t<\/div>\n\t\t\t\t\t<\/div>","protected":false},"excerpt":{"rendered":"<p>ELECCIONES A LA ASAMBLEA GENERAL Y PRESIDENCIA DE LA RFEDI 2026 &#8211; 2030 El pr\u00f3ximo jueves 21 de mayo se llevar\u00e1n a cabo las votaciones para la elecci\u00f3n de la Asamblea General de la Real Federaci\u00f3n Espa\u00f1ola de Deportes de Invierno en la que se escoger\u00e1n un total de 36 miembros entre estamentos, clubes deportivos, [&hellip;]<\/p>","protected":false},"author":3,"featured_media":8142,"comment_status":"closed","ping_status":"closed","sticky":false,"template":"elementor_header_footer","format":"standard","meta":[],"categories":[15],"tags":[],"_links":{"self":[{"href":"https:\/\/nkef.eus\/eu\/index.php\/wp-json\/wp\/v2\/posts\/8132"}],"collection":[{"href":"https:\/\/nkef.eus\/eu\/index.php\/wp-json\/wp\/v2\/posts"}],"about":[{"href":"https:\/\/nkef.eus\/eu\/index.php\/wp-json\/wp\/v2\/types\/post"}],"author":[{"embeddable":true,"href":"https:\/\/nkef.eus\/eu\/index.php\/wp-json\/wp\/v2\/users\/3"}],"replies":[{"embeddable":true,"href":"https:\/\/nkef.eus\/eu\/index.php\/wp-json\/wp\/v2\/comments?post=8132"}],"version-history":[{"count":20,"href":"https:\/\/nkef.eus\/eu\/index.php\/wp-json\/wp\/v2\/posts\/8132\/revisions"}],"predecessor-version":[{"id":8168,"href":"https:\/\/nkef.eus\/eu\/index.php\/wp-json\/wp\/v2\/posts\/8132\/revisions\/8168"}],"wp:featuredmedia":[{"embeddable":true,"href":"https:\/\/nkef.eus\/eu\/index.php\/wp-json\/wp\/v2\/media\/8142"}],"wp:attachment":[{"href":"https:\/\/nkef.eus\/eu\/index.php\/wp-json\/wp\/v2\/media?parent=8132"}],"wp:term":[{"taxonomy":"category","embeddable":true,"href":"https:\/\/nkef.eus\/eu\/index.php\/wp-json\/wp\/v2\/categories?post=8132"},{"taxonomy":"post_tag","embeddable":true,"href":"https:\/\/nkef.eus\/eu\/index.php\/wp-json\/wp\/v2\/tags?post=8132"}],"curies":[{"name":"wp","href":"https:\/\/api.w.org\/{rel}","templated":true}]}}