{"id":7963,"date":"2025-11-14T10:23:40","date_gmt":"2025-11-14T10:23:40","guid":{"rendered":"https:\/\/nkef.eus\/?p=7963"},"modified":"2025-11-18T10:24:12","modified_gmt":"2025-11-18T10:24:12","slug":"copa-de-espana-de-mushing-sprint-tierra-bunuel-navarra-ctos-de-euskadi-y-navarra-22-23-de-noviembre-2025","status":"publish","type":"post","link":"https:\/\/nkef.eus\/eu\/index.php\/2025\/11\/14\/copa-de-espana-de-mushing-sprint-tierra-bunuel-navarra-ctos-de-euskadi-y-navarra-22-23-de-noviembre-2025\/","title":{"rendered":"COPA DE ESPA\u00d1A DE MUSHING SPRINT TIERRA BU\u00d1UEL-NAVARRA &#8211; CTOS DE EUSKADI Y NAVARRA 22-23 De Noviembre 2025"},"content":{"rendered":"<div data-elementor-type=\"wp-post\" data-elementor-id=\"7963\" class=\"elementor elementor-7963\">\n\t\t\t\t\t\t<div class=\"elementor-inner\">\n\t\t\t\t<div class=\"elementor-section-wrap\">\n\t\t\t\t\t\t\t\t\t<section class=\"elementor-section elementor-top-section elementor-element elementor-element-360689c4 elementor-section-content-middle elementor-section-boxed elementor-section-height-default elementor-section-height-default\" data-id=\"360689c4\" data-element_type=\"section\">\n\t\t\t\t\t\t<div class=\"elementor-container elementor-column-gap-no\">\n\t\t\t\t\t\t\t<div class=\"elementor-row\">\n\t\t\t\t\t<div class=\"elementor-column elementor-col-100 elementor-top-column elementor-element elementor-element-30d4a859\" data-id=\"30d4a859\" data-element_type=\"column\">\n\t\t\t<div class=\"elementor-column-wrap elementor-element-populated\">\n\t\t\t\t\t\t\t<div class=\"elementor-widget-wrap\">\n\t\t\t\t\t\t<div class=\"elementor-element elementor-element-73a94bd6 elementor-widget elementor-widget-heading\" data-id=\"73a94bd6\" data-element_type=\"widget\" data-widget_type=\"heading.default\">\n\t\t\t\t<div class=\"elementor-widget-container\">\n\t\t\t<h4 class=\"elementor-heading-title elementor-size-default\">COPA DE ESPA\u00d1A DE MUSHING SPRINT TIERRA BU\u00d1UEL-NAVARRA - CTOS DE EUSKADI Y NAVARRA 22-23 De Noviembre 2025<\/h4>\t\t<\/div>\n\t\t\t\t<\/div>\n\t\t\t\t<div class=\"elementor-element elementor-element-578a170 elementor-widget elementor-widget-image\" data-id=\"578a170\" data-element_type=\"widget\" data-widget_type=\"image.default\">\n\t\t\t\t<div class=\"elementor-widget-container\">\n\t\t\t\t\t\t\t\t<div class=\"elementor-image\">\n\t\t\t\t\t\t\t\t\t\t\t\t<img width=\"580\" height=\"847\" src=\"https:\/\/nkef.eus\/wp-content\/uploads\/2025\/11\/1-701x1024.jpg\" class=\"attachment-large size-large\" alt=\"\" loading=\"lazy\" srcset=\"https:\/\/nkef.eus\/wp-content\/uploads\/2025\/11\/1-701x1024.jpg 701w, https:\/\/nkef.eus\/wp-content\/uploads\/2025\/11\/1-205x300.jpg 205w, https:\/\/nkef.eus\/wp-content\/uploads\/2025\/11\/1-768x1122.jpg 768w, https:\/\/nkef.eus\/wp-content\/uploads\/2025\/11\/1-8x12.jpg 8w, https:\/\/nkef.eus\/wp-content\/uploads\/2025\/11\/1.jpg 975w\" sizes=\"(max-width: 580px) 100vw, 580px\" \/>\t\t\t\t\t\t\t\t\t\t\t\t\t\t<\/div>\n\t\t\t\t\t\t<\/div>\n\t\t\t\t<\/div>\n\t\t\t\t<div class=\"elementor-element elementor-element-2446b56 elementor-widget-divider--view-line elementor-widget elementor-widget-divider\" data-id=\"2446b56\" data-element_type=\"widget\" data-widget_type=\"divider.default\">\n\t\t\t\t<div class=\"elementor-widget-container\">\n\t\t\t\t\t<div class=\"elementor-divider\">\n\t\t\t<span class=\"elementor-divider-separator\">\n\t\t\t\t\t\t<\/span>\n\t\t<\/div>\n\t\t\t\t<\/div>\n\t\t\t\t<\/div>\n\t\t\t\t<div class=\"elementor-element elementor-element-449a9a0d elementor-widget elementor-widget-text-editor\" data-id=\"449a9a0d\" data-element_type=\"widget\" data-widget_type=\"text-editor.default\">\n\t\t\t\t<div class=\"elementor-widget-container\">\n\t\t\t\t\t\t\t\t<div class=\"elementor-text-editor elementor-clearfix\">\n\t\t\t\t<p>Por la presente se convoca la celebraci\u00f3n de la Copa de Espa\u00f1a de Mushing Spring Tierra en Bu\u00f1uel, Navarra que tendr\u00e1 lugar los d\u00edas 22-23 noviembre 2025.<\/p><p>COMIT\u00c9 DE HONOR:<br \/>Ayuntamiento de Bu\u00f1uel.<\/p><p>COMIT\u00c9 ORGANIZADOR:<br \/>\u2022 Organizador: FNDI y NKEF<br \/>\u2022 Colaborador: Club Deportivo Canicross Las Cuevas.<\/p><p>PROGRAMA<br \/>24\/10\/2025 12:00h Apertura de inscripciones<br \/>10\/11\/2025 12:00h Cierre de inscripciones<br \/>13\/11\/2025 12:00h Publicaci\u00f3n listas provisionales de inscritos<br \/>16\/11\/2025 15:00h Finalizaci\u00f3n del periodo de alegaciones<br \/>18\/11\/2025 12:00h Publicaci\u00f3n listas definitivas y horarios.<\/p><p>Mas informaci\u00f3n en la nota informativa adjunta.<\/p>\t\t\t\t\t<\/div>\n\t\t\t\t\t\t<\/div>\n\t\t\t\t<\/div>\n\t\t\t\t<div class=\"elementor-element elementor-element-5805f0c elementor-widget-divider--view-line elementor-widget elementor-widget-divider\" data-id=\"5805f0c\" data-element_type=\"widget\" data-widget_type=\"divider.default\">\n\t\t\t\t<div class=\"elementor-widget-container\">\n\t\t\t\t\t<div class=\"elementor-divider\">\n\t\t\t<span class=\"elementor-divider-separator\">\n\t\t\t\t\t\t<\/span>\n\t\t<\/div>\n\t\t\t\t<\/div>\n\t\t\t\t<\/div>\n\t\t\t\t<div class=\"elementor-element elementor-element-c876776 elementor-widget elementor-widget-button\" data-id=\"c876776\" data-element_type=\"widget\" data-widget_type=\"button.default\">\n\t\t\t\t<div class=\"elementor-widget-container\">\n\t\t\t\t\t<div class=\"elementor-button-wrapper\">\n\t\t\t<a href=\"https:\/\/nkef.eus\/wp-content\/uploads\/2025\/11\/NOTA-INFORMATIVA-COPA-ESPAN\u0303A-MUSHING-BUN\u0303UEL.pdf\" class=\"elementor-button-link elementor-button elementor-size-sm\" role=\"button\">\n\t\t\t\t\t\t<span class=\"elementor-button-content-wrapper\">\n\t\t\t\t\t\t<span class=\"elementor-button-text\">NOTA INFORMATIVA DE LA PRUEBA<\/span>\n\t\t<\/span>\n\t\t\t\t\t<\/a>\n\t\t<\/div>\n\t\t\t\t<\/div>\n\t\t\t\t<\/div>\n\t\t\t\t<div class=\"elementor-element elementor-element-800033b elementor-widget-divider--view-line elementor-widget elementor-widget-divider\" data-id=\"800033b\" data-element_type=\"widget\" data-widget_type=\"divider.default\">\n\t\t\t\t<div class=\"elementor-widget-container\">\n\t\t\t\t\t<div class=\"elementor-divider\">\n\t\t\t<span class=\"elementor-divider-separator\">\n\t\t\t\t\t\t<\/span>\n\t\t<\/div>\n\t\t\t\t<\/div>\n\t\t\t\t<\/div>\n\t\t\t\t<div class=\"elementor-element elementor-element-621f852 elementor-widget elementor-widget-button\" data-id=\"621f852\" data-element_type=\"widget\" data-widget_type=\"button.default\">\n\t\t\t\t<div class=\"elementor-widget-container\">\n\t\t\t\t\t<div class=\"elementor-button-wrapper\">\n\t\t\t<a href=\"https:\/\/nkef.eus\/wp-content\/uploads\/2025\/11\/Salidas-primera-manga-Bunuel.pdf\" class=\"elementor-button-link elementor-button elementor-size-sm\" role=\"button\">\n\t\t\t\t\t\t<span class=\"elementor-button-content-wrapper\">\n\t\t\t\t\t\t<span class=\"elementor-button-text\">SALIDAS PRIMERA MANGA - SABADO 22 NOVIEMBRE<\/span>\n\t\t<\/span>\n\t\t\t\t\t<\/a>\n\t\t<\/div>\n\t\t\t\t<\/div>\n\t\t\t\t<\/div>\n\t\t\t\t\t\t<\/div>\n\t\t\t\t\t<\/div>\n\t\t<\/div>\n\t\t\t\t\t\t\t\t<\/div>\n\t\t\t\t\t<\/div>\n\t\t<\/section>\n\t\t\t\t\t\t\t\t\t<\/div>\n\t\t\t<\/div>\n\t\t\t\t\t<\/div>","protected":false},"excerpt":{"rendered":"<p>COPA DE ESPA\u00d1A DE MUSHING SPRINT TIERRA BU\u00d1UEL-NAVARRA &#8211; CTOS DE EUSKADI Y NAVARRA 22-23 De Noviembre 2025 Por la presente se convoca la celebraci\u00f3n de la Copa de Espa\u00f1a de Mushing Spring Tierra en Bu\u00f1uel, Navarra que tendr\u00e1 lugar los d\u00edas 22-23 noviembre 2025. COMIT\u00c9 DE HONOR:Ayuntamiento de Bu\u00f1uel. COMIT\u00c9 ORGANIZADOR:\u2022 Organizador: FNDI y [&hellip;]<\/p>","protected":false},"author":3,"featured_media":7964,"comment_status":"closed","ping_status":"closed","sticky":false,"template":"elementor_header_footer","format":"standard","meta":[],"categories":[14],"tags":[],"_links":{"self":[{"href":"https:\/\/nkef.eus\/eu\/index.php\/wp-json\/wp\/v2\/posts\/7963"}],"collection":[{"href":"https:\/\/nkef.eus\/eu\/index.php\/wp-json\/wp\/v2\/posts"}],"about":[{"href":"https:\/\/nkef.eus\/eu\/index.php\/wp-json\/wp\/v2\/types\/post"}],"author":[{"embeddable":true,"href":"https:\/\/nkef.eus\/eu\/index.php\/wp-json\/wp\/v2\/users\/3"}],"replies":[{"embeddable":true,"href":"https:\/\/nkef.eus\/eu\/index.php\/wp-json\/wp\/v2\/comments?post=7963"}],"version-history":[{"count":7,"href":"https:\/\/nkef.eus\/eu\/index.php\/wp-json\/wp\/v2\/posts\/7963\/revisions"}],"predecessor-version":[{"id":8003,"href":"https:\/\/nkef.eus\/eu\/index.php\/wp-json\/wp\/v2\/posts\/7963\/revisions\/8003"}],"wp:featuredmedia":[{"embeddable":true,"href":"https:\/\/nkef.eus\/eu\/index.php\/wp-json\/wp\/v2\/media\/7964"}],"wp:attachment":[{"href":"https:\/\/nkef.eus\/eu\/index.php\/wp-json\/wp\/v2\/media?parent=7963"}],"wp:term":[{"taxonomy":"category","embeddable":true,"href":"https:\/\/nkef.eus\/eu\/index.php\/wp-json\/wp\/v2\/categories?post=7963"},{"taxonomy":"post_tag","embeddable":true,"href":"https:\/\/nkef.eus\/eu\/index.php\/wp-json\/wp\/v2\/tags?post=7963"}],"curies":[{"name":"wp","href":"https:\/\/api.w.org\/{rel}","templated":true}]}}