{"id":7743,"date":"2025-03-25T11:35:17","date_gmt":"2025-03-25T11:35:17","guid":{"rendered":"https:\/\/nkef.eus\/?p=7743"},"modified":"2025-03-25T11:40:10","modified_gmt":"2025-03-25T11:40:10","slug":"open-vitoria-gasteiz-2025-f7liph-campeonato-de-euskadi-2025-fase-final-de-liga-norte","status":"publish","type":"post","link":"https:\/\/nkef.eus\/eu\/index.php\/2025\/03\/25\/open-vitoria-gasteiz-2025-f7liph-campeonato-de-euskadi-2025-fase-final-de-liga-norte\/","title":{"rendered":"Open Vitoria &#8211; Gasteiz 2025 F7LIPH \/ CAMPEONATO DE EUSKADI 2025\/ FASE FINAL DE LIGA NORTE"},"content":{"rendered":"<div data-elementor-type=\"wp-post\" data-elementor-id=\"7743\" class=\"elementor elementor-7743\">\n\t\t\t\t\t\t<div class=\"elementor-inner\">\n\t\t\t\t<div class=\"elementor-section-wrap\">\n\t\t\t\t\t\t\t\t\t<section class=\"elementor-section elementor-top-section elementor-element elementor-element-35875c79 elementor-section-content-middle elementor-section-boxed elementor-section-height-default elementor-section-height-default\" data-id=\"35875c79\" data-element_type=\"section\">\n\t\t\t\t\t\t<div class=\"elementor-container elementor-column-gap-no\">\n\t\t\t\t\t\t\t<div class=\"elementor-row\">\n\t\t\t\t\t<div class=\"elementor-column elementor-col-100 elementor-top-column elementor-element elementor-element-110a0e7f\" data-id=\"110a0e7f\" data-element_type=\"column\">\n\t\t\t<div class=\"elementor-column-wrap elementor-element-populated\">\n\t\t\t\t\t\t\t<div class=\"elementor-widget-wrap\">\n\t\t\t\t\t\t<div class=\"elementor-element elementor-element-47977a71 elementor-widget elementor-widget-heading\" data-id=\"47977a71\" data-element_type=\"widget\" data-widget_type=\"heading.default\">\n\t\t\t\t<div class=\"elementor-widget-container\">\n\t\t\t<h4 class=\"elementor-heading-title elementor-size-default\">Open Vitoria - Gasteiz 2025 F7LIPH \/ CAMPEONATO DE EUSKADI 2025\/ FASE FINAL DE LIGA NORTE<\/h4>\t\t<\/div>\n\t\t\t\t<\/div>\n\t\t\t\t<div class=\"elementor-element elementor-element-478649b elementor-widget elementor-widget-image\" data-id=\"478649b\" data-element_type=\"widget\" data-widget_type=\"image.default\">\n\t\t\t\t<div class=\"elementor-widget-container\">\n\t\t\t\t\t\t\t\t<div class=\"elementor-image\">\n\t\t\t\t\t\t\t\t\t\t\t\t<img width=\"580\" height=\"820\" src=\"https:\/\/nkef.eus\/wp-content\/uploads\/2025\/03\/OPEN-VITORIA-GASTEIZ-V2-724x1024.jpg\" class=\"attachment-large size-large\" alt=\"\" loading=\"lazy\" srcset=\"https:\/\/nkef.eus\/wp-content\/uploads\/2025\/03\/OPEN-VITORIA-GASTEIZ-V2-724x1024.jpg 724w, https:\/\/nkef.eus\/wp-content\/uploads\/2025\/03\/OPEN-VITORIA-GASTEIZ-V2-212x300.jpg 212w, https:\/\/nkef.eus\/wp-content\/uploads\/2025\/03\/OPEN-VITORIA-GASTEIZ-V2-768x1086.jpg 768w, https:\/\/nkef.eus\/wp-content\/uploads\/2025\/03\/OPEN-VITORIA-GASTEIZ-V2-1086x1536.jpg 1086w, https:\/\/nkef.eus\/wp-content\/uploads\/2025\/03\/OPEN-VITORIA-GASTEIZ-V2-1448x2048.jpg 1448w, https:\/\/nkef.eus\/wp-content\/uploads\/2025\/03\/OPEN-VITORIA-GASTEIZ-V2-8x12.jpg 8w, https:\/\/nkef.eus\/wp-content\/uploads\/2025\/03\/OPEN-VITORIA-GASTEIZ-V2-1200x1698.jpg 1200w, https:\/\/nkef.eus\/wp-content\/uploads\/2025\/03\/OPEN-VITORIA-GASTEIZ-V2.jpg 1587w\" sizes=\"(max-width: 580px) 100vw, 580px\" \/>\t\t\t\t\t\t\t\t\t\t\t\t\t\t<\/div>\n\t\t\t\t\t\t<\/div>\n\t\t\t\t<\/div>\n\t\t\t\t<div class=\"elementor-element elementor-element-b541840 elementor-widget-divider--view-line elementor-widget elementor-widget-divider\" data-id=\"b541840\" data-element_type=\"widget\" data-widget_type=\"divider.default\">\n\t\t\t\t<div class=\"elementor-widget-container\">\n\t\t\t\t\t<div class=\"elementor-divider\">\n\t\t\t<span class=\"elementor-divider-separator\">\n\t\t\t\t\t\t<\/span>\n\t\t<\/div>\n\t\t\t\t<\/div>\n\t\t\t\t<\/div>\n\t\t\t\t<div class=\"elementor-element elementor-element-76361310 elementor-widget elementor-widget-text-editor\" data-id=\"76361310\" data-element_type=\"widget\" data-widget_type=\"text-editor.default\">\n\t\t\t\t<div class=\"elementor-widget-container\">\n\t\t\t\t\t\t\t\t<div class=\"elementor-text-editor elementor-clearfix\">\n\t\t\t\t<p>Este pasado fin de semana se ha celebrado el\u00a0<strong>Open Vitoria &#8211; Gasteiz 2025 F7LIPH<\/strong>\u00a0\/ CAMPEONATO DE EUSKADI 2025\/ FASE FINAL DE LA XI LIGA NORTE, competici\u00f3n puntuable para Liga iberdrola de Patinaje sobre hielo. Mas de 130 deportistas de 18 Clubs de todo el estado y Andorra, se han dado cita en la pista de Hielo de Bakh, con 38 de ellos que se disputaban puntuaci\u00f3n para la clasificaci\u00f3n final de la XI Liga Norte y 20 de los cuales son de esta federaci\u00f3n y compet\u00edan por lograr el Cto de Euskadi.<\/p><p>\u00a0<\/p><p>Los deportistas de vascos han obtenido unos magn\u00edficos resultados\u00a0en todas las categor\u00edas\u00a0de los diferentes campeonatos del evento.<\/p><p>\u00a0<\/p><p><strong>OPEN VITORIA- GASTEIZ<\/strong><\/p><p><u>Basic Novice Nacional A Femenino\u00a0<\/u><\/p><p>3.- Ane correa<\/p><p>10.- Lucia Ortiz de Urbina<\/p><p>13.- Ehari Iturri<\/p><p>16.- Anixe Saez<\/p><p>\u00a0<\/p><p><u>Intermediate Novice Nacional A Femenino<\/u><\/p><p>1.- Ohinane Palomar<\/p><p>5.- Maialen Pardavilla<\/p><p>\u00a0<\/p><p><u>Junior Nacional A Femenino<\/u><\/p><p>1.- Sabrina Sanchez<\/p><p>13.- Nora Rouget<\/p><p>\u00a0<\/p><p><u>Junior Nacional A Masculino<\/u><\/p><p>2.- Alain Matilla<\/p><p>\u00a0<\/p><p><u>Senior A Femenino<\/u><\/p><p>2.- Janire Idiakez<\/p><p>3.- Malen Bilbao<\/p><p>\u00a0<\/p><p><u>Basic Novice Isu Femenino<\/u><\/p><p>3.- Nahia lopez de Munain<\/p><p>4.- Ayala Saez de Maturana<\/p><p>6.- Otxanda Errasti<\/p><p>\u00a0<\/p><p><u>Basic Novice Isu Masculino<\/u><\/p><p>4.- Mateo Sexmilo<\/p><p>\u00a0<\/p><p>I<u>ntermediate Novice Isu Femenino<\/u><\/p><p>5.- Iera Hernandez<\/p><p>6.- Carmen Larumbe<\/p><p>9.- Sonia Olano<\/p><p>\u00a0<\/p><p>Resultados completos\u00a0<\/p><p>\u00a0<a href=\"https:\/\/www.rfedh.es\/wp-content\/uploads\/resultados-patinaje\/2025OPENVITORIA\/CAT003RS.htm\">https:\/\/www.rfedh.es\/wp-content\/uploads\/resultados-patinaje\/2025OPENVITORIA\/CAT003RS.htm<\/a>\u00a0<\/p><p>\u00a0<\/p><p><strong>Final de Liga Norte<\/strong><\/p><p>\u00a0<\/p><p><u>Basic Novice Nacional A Femenino<\/u><\/p><p>1.- Ane Correa<\/p><p>2.- Ehari Iturri\u00a0<\/p><p>3.- Irene Lasaosa<\/p><p>4.- Anixe Saez<\/p><p>5.- Lucia Ortiz de Urbina<\/p><p>6.- Lena Wesbuer<\/p><p>\u00a0<\/p><p>Intermendiate Novice Nacional A Femenino<\/p><p>1.- Ohiane Palomar<\/p><p>2.- Maialen Pardavilla<\/p><p>3.- Shayla Martinez<\/p><p>\u00a0<\/p><p>Junior Nacional A Femenino<\/p><p>1.- Sabrina Sanchez<\/p><p>2.- Adrianna Alberga<\/p><p>3.- Lucia Viruel<\/p><p>4.- Nora Rouget<\/p><p>5.- Isabella cherrez<\/p><p>\u00a0<\/p><p><u>Junior Nacional A Masculino<\/u><\/p><p><span style=\"font-size: inherit; text-align: inherit; font-family: var( --e-global-typography-text-font-family ), Sans-serif; letter-spacing: 0em;\"><u>1.-\u00a0<\/u>Alain Matilla<\/span><\/p><p><u>Senior Nacional A Femenino<\/u><\/p><p>1.- Malen Bilbao<\/p><p>2.- Leire Garcia<\/p><p>3.- Carla Lozano<\/p><p>4.- Janire Idiakez<\/p><p>\u00a0<\/p><p><u>Basic Novice ISU Femenino<\/u><\/p><p>1.- Ayala Saez de Maturana<\/p><p>2.- Nahia Lope de Munain<\/p><p>3.- Otxanda Errasti<\/p><p>4.- Elena Gonzalez<\/p><p>5.- Noa Lopetegui<\/p><p>\u00a0<\/p><p><u>Basic Novice ISU Masculino<\/u><\/p><p>1.- Mateo Sexmilo<\/p><p>\u00a0<\/p><p><u>Intermediate Novice ISU Femenino<\/u><\/p><p>1.- Sonia Olano<\/p><p>2.- Iera Hernandez<\/p><p>3.- Carmen Larumbe<\/p><p>\u00a0<\/p><p><u>Novice Advance ISU Masculino<\/u><\/p><p>1.- Gonzalo Vallejo<\/p><p>2.- Pablo Azurmendi<\/p><p>3.- Asier Gomez<\/p><p>\u00a0<\/p><p>\u00a0<strong>CTO de Euskadi 2025<\/strong><\/p><p><u>Basic Novice Nacinal A Femenino<\/u><\/p><p>1.- Ane Correa<\/p><p>2.- Lucia Ortiz de Urbina<\/p><p>3.- Ehari Iturri<\/p><p>\u00a0<\/p><p><u>Intermediate Novice Nacional A FEmenino<\/u><\/p><p><span style=\"font-size: inherit; text-align: inherit; font-family: var( --e-global-typography-text-font-family ), Sans-serif; letter-spacing: 0em;\"><u>1.-<\/u>Ohiane Palomar<\/span><\/p><p>2.- Maialen Pardavilla<\/p><p>\u00a0<\/p><p><u>Senior Nacional A Femenino<\/u><\/p><p>1.- Sabrina Sanchez<\/p><p>2.- Nora Rouget<\/p><p>\u00a0<\/p><p><u>Junior Nacional A Masculino<\/u><\/p><p><span style=\"font-size: inherit; text-align: inherit; font-family: var( --e-global-typography-text-font-family ), Sans-serif; letter-spacing: 0em;\">1.- Alain Matilla<\/span><\/p><p><u>Senior Nacional A Femenino<\/u><\/p><p>1.- Janire Idiakez<\/p><p>2.- Malen Bilbao<\/p><p>\u00a0<\/p><p><u>Basic Novice Isu Femenino<\/u><\/p><p>1.- Nahia Lopez de Munain<\/p><p>2.- Ayala Saez de Maturana<\/p><p>3.- Otxanda Errasti<\/p><p>\u00a0<\/p><p><u>Basic Novice Isu Masculino<\/u><\/p><p>1.- Mateo Sexmilo<\/p><p>\u00a0<\/p><p><u>Intermediate novice ISU femenino\u00a0<\/u><\/p><p>1.- Iera Hernandez<\/p><p>2.- Carmen Larumbe<\/p><p>3.-Sonia Olano<\/p><p>\u00a0<\/p><p><u>Novice Advance\u00a0 ISU Femenino<\/u><\/p><p>1.- Maider LLanos<\/p><p>2.- Naroa Egea<\/p><p>\u00a0<\/p><p><u>Novice Advance ISU Masculino<\/u><\/p><p>1.- Pablo Azurmendi<\/p><p>2.- Gonzalo Vallejo<\/p><p>\u00a0<\/p><p><u>Junior ISU\u00a0Femenino<\/u><\/p><p>1.- Nahia Olaizola<\/p><p>2.- Nora Saez de Maturana<\/p><p>\u00a0<\/p><p><u>Senior Isu Masculino<\/u><\/p><p>1.- Iker Oyarzabal<\/p><p>\u00a0<\/p><p>Felicidades a todos los deportistas, por\u00a0el esfuerzo y los resultado obtenidos.<\/p><p>A los patrocinadores\u00a0 @iberdrola @basquewateralzola\u00a0<\/p><p>Fotos realizadas para esta federaci\u00f3n por Fernando Espinosa\u00a0@f.espinosa_sports_photography\u00a0y que puedes ver, aqu\u00ed\u00a0\u00a0<img class=\"emoji\" role=\"img\" draggable=\"false\" src=\"https:\/\/s.w.org\/images\/core\/emoji\/13.1.0\/svg\/1f447.svg\" alt=\"\ud83d\udc47\" \/><img class=\"emoji\" role=\"img\" draggable=\"false\" src=\"https:\/\/s.w.org\/images\/core\/emoji\/13.1.0\/svg\/1f447.svg\" alt=\"\ud83d\udc47\" \/><img class=\"emoji\" role=\"img\" draggable=\"false\" src=\"https:\/\/s.w.org\/images\/core\/emoji\/13.1.0\/svg\/1f447.svg\" alt=\"\ud83d\udc47\" \/>\u00a0<\/p><p>Un fuerte abrazo a todos\u00a0<\/p><p>\u00a0<\/p><p>En este enlace puedes descargarte las fotos, est\u00e1n ya renombradas por categor\u00edas<\/p><p><a href=\"https:\/\/we.tl\/t-OB09iZ0vtP\">https:\/\/we.tl\/t-OB09iZ0vtP<\/a>\u00a0<\/p>\t\t\t\t\t<\/div>\n\t\t\t\t\t\t<\/div>\n\t\t\t\t<\/div>\n\t\t\t\t\t\t<\/div>\n\t\t\t\t\t<\/div>\n\t\t<\/div>\n\t\t\t\t\t\t\t\t<\/div>\n\t\t\t\t\t<\/div>\n\t\t<\/section>\n\t\t\t\t\t\t\t\t\t<\/div>\n\t\t\t<\/div>\n\t\t\t\t\t<\/div>","protected":false},"excerpt":{"rendered":"<p>Open Vitoria &#8211; Gasteiz 2025 F7LIPH \/ CAMPEONATO DE EUSKADI 2025\/ FASE FINAL DE LIGA NORTE Este pasado fin de semana se ha celebrado el\u00a0Open Vitoria &#8211; Gasteiz 2025 F7LIPH\u00a0\/ CAMPEONATO DE EUSKADI 2025\/ FASE FINAL DE LA XI LIGA NORTE, competici\u00f3n puntuable para Liga iberdrola de Patinaje sobre hielo. Mas de 130 deportistas de [&hellip;]<\/p>","protected":false},"author":3,"featured_media":7704,"comment_status":"closed","ping_status":"closed","sticky":false,"template":"elementor_header_footer","format":"standard","meta":[],"categories":[16],"tags":[],"_links":{"self":[{"href":"https:\/\/nkef.eus\/eu\/index.php\/wp-json\/wp\/v2\/posts\/7743"}],"collection":[{"href":"https:\/\/nkef.eus\/eu\/index.php\/wp-json\/wp\/v2\/posts"}],"about":[{"href":"https:\/\/nkef.eus\/eu\/index.php\/wp-json\/wp\/v2\/types\/post"}],"author":[{"embeddable":true,"href":"https:\/\/nkef.eus\/eu\/index.php\/wp-json\/wp\/v2\/users\/3"}],"replies":[{"embeddable":true,"href":"https:\/\/nkef.eus\/eu\/index.php\/wp-json\/wp\/v2\/comments?post=7743"}],"version-history":[{"count":4,"href":"https:\/\/nkef.eus\/eu\/index.php\/wp-json\/wp\/v2\/posts\/7743\/revisions"}],"predecessor-version":[{"id":7747,"href":"https:\/\/nkef.eus\/eu\/index.php\/wp-json\/wp\/v2\/posts\/7743\/revisions\/7747"}],"wp:featuredmedia":[{"embeddable":true,"href":"https:\/\/nkef.eus\/eu\/index.php\/wp-json\/wp\/v2\/media\/7704"}],"wp:attachment":[{"href":"https:\/\/nkef.eus\/eu\/index.php\/wp-json\/wp\/v2\/media?parent=7743"}],"wp:term":[{"taxonomy":"category","embeddable":true,"href":"https:\/\/nkef.eus\/eu\/index.php\/wp-json\/wp\/v2\/categories?post=7743"},{"taxonomy":"post_tag","embeddable":true,"href":"https:\/\/nkef.eus\/eu\/index.php\/wp-json\/wp\/v2\/tags?post=7743"}],"curies":[{"name":"wp","href":"https:\/\/api.w.org\/{rel}","templated":true}]}}