{"id":7671,"date":"2025-02-25T11:00:48","date_gmt":"2025-02-25T11:00:48","guid":{"rendered":"https:\/\/nkef.eus\/?p=7671"},"modified":"2025-02-25T11:02:17","modified_gmt":"2025-02-25T11:02:17","slug":"open-vitoria-gasteiz-2025-fase-7-de-liga-iberdrola-de-patinaje-sobre-hielo","status":"publish","type":"post","link":"https:\/\/nkef.eus\/eu\/index.php\/2025\/02\/25\/open-vitoria-gasteiz-2025-fase-7-de-liga-iberdrola-de-patinaje-sobre-hielo\/","title":{"rendered":"OPEN VITORIA-GASTEIZ 2025, fase 7 de Liga Iberdrola de Patinaje sobre Hielo"},"content":{"rendered":"<div data-elementor-type=\"wp-post\" data-elementor-id=\"7671\" class=\"elementor elementor-7671\">\n\t\t\t\t\t\t<div class=\"elementor-inner\">\n\t\t\t\t<div class=\"elementor-section-wrap\">\n\t\t\t\t\t\t\t\t\t<section class=\"elementor-section elementor-top-section elementor-element elementor-element-4080cef9 elementor-section-content-middle elementor-section-boxed elementor-section-height-default elementor-section-height-default\" data-id=\"4080cef9\" data-element_type=\"section\">\n\t\t\t\t\t\t<div class=\"elementor-container elementor-column-gap-no\">\n\t\t\t\t\t\t\t<div class=\"elementor-row\">\n\t\t\t\t\t<div class=\"elementor-column elementor-col-100 elementor-top-column elementor-element elementor-element-25e058e8\" data-id=\"25e058e8\" data-element_type=\"column\">\n\t\t\t<div class=\"elementor-column-wrap elementor-element-populated\">\n\t\t\t\t\t\t\t<div class=\"elementor-widget-wrap\">\n\t\t\t\t\t\t<div class=\"elementor-element elementor-element-1ff3845 elementor-widget elementor-widget-heading\" data-id=\"1ff3845\" data-element_type=\"widget\" data-widget_type=\"heading.default\">\n\t\t\t\t<div class=\"elementor-widget-container\">\n\t\t\t<h4 class=\"elementor-heading-title elementor-size-default\">OPEN VITORIA-GASTEIZ 2025, fase 7 de Liga Iberdrola de Patinaje sobre Hielo<\/h4>\t\t<\/div>\n\t\t\t\t<\/div>\n\t\t\t\t<div class=\"elementor-element elementor-element-e03c8bc elementor-widget-divider--view-line elementor-widget elementor-widget-divider\" data-id=\"e03c8bc\" data-element_type=\"widget\" data-widget_type=\"divider.default\">\n\t\t\t\t<div class=\"elementor-widget-container\">\n\t\t\t\t\t<div class=\"elementor-divider\">\n\t\t\t<span class=\"elementor-divider-separator\">\n\t\t\t\t\t\t<\/span>\n\t\t<\/div>\n\t\t\t\t<\/div>\n\t\t\t\t<\/div>\n\t\t\t\t<div class=\"elementor-element elementor-element-c39fa05 elementor-widget elementor-widget-image\" data-id=\"c39fa05\" data-element_type=\"widget\" data-widget_type=\"image.default\">\n\t\t\t\t<div class=\"elementor-widget-container\">\n\t\t\t\t\t\t\t\t<div class=\"elementor-image\">\n\t\t\t\t\t\t\t\t\t\t\t\t<img width=\"580\" height=\"820\" src=\"https:\/\/nkef.eus\/wp-content\/uploads\/2025\/02\/OPEN-VITORIA-GASTEIZ-V2-724x1024.jpg\" class=\"attachment-large size-large\" alt=\"\" loading=\"lazy\" srcset=\"https:\/\/nkef.eus\/wp-content\/uploads\/2025\/02\/OPEN-VITORIA-GASTEIZ-V2-724x1024.jpg 724w, https:\/\/nkef.eus\/wp-content\/uploads\/2025\/02\/OPEN-VITORIA-GASTEIZ-V2-212x300.jpg 212w, https:\/\/nkef.eus\/wp-content\/uploads\/2025\/02\/OPEN-VITORIA-GASTEIZ-V2-768x1086.jpg 768w, https:\/\/nkef.eus\/wp-content\/uploads\/2025\/02\/OPEN-VITORIA-GASTEIZ-V2-1086x1536.jpg 1086w, https:\/\/nkef.eus\/wp-content\/uploads\/2025\/02\/OPEN-VITORIA-GASTEIZ-V2-1448x2048.jpg 1448w, https:\/\/nkef.eus\/wp-content\/uploads\/2025\/02\/OPEN-VITORIA-GASTEIZ-V2-8x12.jpg 8w, https:\/\/nkef.eus\/wp-content\/uploads\/2025\/02\/OPEN-VITORIA-GASTEIZ-V2-1200x1698.jpg 1200w, https:\/\/nkef.eus\/wp-content\/uploads\/2025\/02\/OPEN-VITORIA-GASTEIZ-V2.jpg 1587w\" sizes=\"(max-width: 580px) 100vw, 580px\" \/>\t\t\t\t\t\t\t\t\t\t\t\t\t\t<\/div>\n\t\t\t\t\t\t<\/div>\n\t\t\t\t<\/div>\n\t\t\t\t<div class=\"elementor-element elementor-element-17672db elementor-widget-divider--view-line elementor-widget elementor-widget-divider\" data-id=\"17672db\" data-element_type=\"widget\" data-widget_type=\"divider.default\">\n\t\t\t\t<div class=\"elementor-widget-container\">\n\t\t\t\t\t<div class=\"elementor-divider\">\n\t\t\t<span class=\"elementor-divider-separator\">\n\t\t\t\t\t\t<\/span>\n\t\t<\/div>\n\t\t\t\t<\/div>\n\t\t\t\t<\/div>\n\t\t\t\t<div class=\"elementor-element elementor-element-783f92fb elementor-widget elementor-widget-text-editor\" data-id=\"783f92fb\" data-element_type=\"widget\" data-widget_type=\"text-editor.default\">\n\t\t\t\t<div class=\"elementor-widget-container\">\n\t\t\t\t\t\t\t\t<div class=\"elementor-text-editor elementor-clearfix\">\n\t\t\t\t<p>Desde la NKEF, queremos invitar a todas las FF.AA., al OPEN VITORIA-GASTEIZ 2025, fase 7 de Liga Iberdrola de Patinaje sobre Hielo, que se celebrar\u00e1 los pr\u00f3ximos d\u00edas 22 Y 23 de marzo,\u00a0en la pista de hielo de Bakh de Vitoria, que ser\u00e1 puntuable para Liga Iberdrola y\u00a0 la ultima fase de Liga Norte para esas categor\u00edas.\u00a0<\/p><p>Organizado por esta federaci\u00f3n, junto con la Federaci\u00f3n Espa\u00f1ola de Deportes de Hielo, la Federaci\u00f3n Alavesa de Deportes de Invierno, el Club Deportivo Hielo Bipolo y Bakh.<\/p><p>\u00a0<\/p><p>Categor\u00edas convocadas:<\/p><p>.- Isu Infantil (Debs, Basic Novice e Intermediate Novice, tanto masculino como femenino)<\/p><p>.- Nacional A (Todas las categor\u00edas, tanto masculino como femenino)<\/p><p>\u00a0<\/p><p>Instamos a todos los participantes a rellenar el cuestionario de datos para la comentarista del evento.<\/p><p>\u00a0<a href=\"https:\/\/http%20s:\/acortar.link\/S2IFBV\">https:\/\/acortar.link\/S2IFBV<\/a>\u00a0\u00a0<\/p><p>\u00a0<\/p><p>Tambi\u00e9n se convoca a todos los Clubs que forman parte de Liga Norte y en la misma instalaci\u00f3n y fechas, al CAMPEONATO DE EUSKADI 2025, fase Final de Liga norte, para categor\u00edas ISU Absolutas.<\/p><p>\u00a0<\/p><p>Toda la informaci\u00f3n de ambos anuncios, esta en la convocatorias adjuntas.<\/p><p>Estaremos encantados de recibir a todos los deportistas que as\u00ed lo deseen<\/p>\t\t\t\t\t<\/div>\n\t\t\t\t\t\t<\/div>\n\t\t\t\t<\/div>\n\t\t\t\t<div class=\"elementor-element elementor-element-8d9c889 elementor-widget-divider--view-line elementor-widget elementor-widget-divider\" data-id=\"8d9c889\" data-element_type=\"widget\" data-widget_type=\"divider.default\">\n\t\t\t\t<div class=\"elementor-widget-container\">\n\t\t\t\t\t<div class=\"elementor-divider\">\n\t\t\t<span class=\"elementor-divider-separator\">\n\t\t\t\t\t\t<\/span>\n\t\t<\/div>\n\t\t\t\t<\/div>\n\t\t\t\t<\/div>\n\t\t\t\t<section class=\"elementor-section elementor-inner-section elementor-element elementor-element-da97988 elementor-section-boxed elementor-section-height-default elementor-section-height-default\" data-id=\"da97988\" data-element_type=\"section\">\n\t\t\t\t\t\t<div class=\"elementor-container elementor-column-gap-default\">\n\t\t\t\t\t\t\t<div class=\"elementor-row\">\n\t\t\t\t\t<div class=\"elementor-column elementor-col-50 elementor-inner-column elementor-element elementor-element-1418488\" data-id=\"1418488\" data-element_type=\"column\">\n\t\t\t<div class=\"elementor-column-wrap elementor-element-populated\">\n\t\t\t\t\t\t\t<div class=\"elementor-widget-wrap\">\n\t\t\t\t\t\t<div class=\"elementor-element elementor-element-8d9eca2 elementor-align-center elementor-widget elementor-widget-button\" data-id=\"8d9eca2\" data-element_type=\"widget\" data-widget_type=\"button.default\">\n\t\t\t\t<div class=\"elementor-widget-container\">\n\t\t\t\t\t<div class=\"elementor-button-wrapper\">\n\t\t\t<a href=\"https:\/\/nkef.eus\/wp-content\/uploads\/2025\/02\/Convocatoria-Cto-Euskadi-2025-FINAL-LN-ISU-ABSOLUTO.pdf\" class=\"elementor-button-link elementor-button elementor-size-sm\" role=\"button\">\n\t\t\t\t\t\t<span class=\"elementor-button-content-wrapper\">\n\t\t\t\t\t\t<span class=\"elementor-button-text\">Convocatoria Cto Euskadi 2025 FINAL LN ISU ABSOLUTO<\/span>\n\t\t<\/span>\n\t\t\t\t\t<\/a>\n\t\t<\/div>\n\t\t\t\t<\/div>\n\t\t\t\t<\/div>\n\t\t\t\t\t\t<\/div>\n\t\t\t\t\t<\/div>\n\t\t<\/div>\n\t\t\t\t<div class=\"elementor-column elementor-col-50 elementor-inner-column elementor-element elementor-element-8ee2ec8\" data-id=\"8ee2ec8\" data-element_type=\"column\">\n\t\t\t<div class=\"elementor-column-wrap elementor-element-populated\">\n\t\t\t\t\t\t\t<div class=\"elementor-widget-wrap\">\n\t\t\t\t\t\t<div class=\"elementor-element elementor-element-0df80a1 elementor-align-center elementor-widget elementor-widget-button\" data-id=\"0df80a1\" data-element_type=\"widget\" data-widget_type=\"button.default\">\n\t\t\t\t<div class=\"elementor-widget-container\">\n\t\t\t\t\t<div class=\"elementor-button-wrapper\">\n\t\t\t<a href=\"https:\/\/nkef.eus\/wp-content\/uploads\/2025\/02\/Convocatoria-Open-Vitoria-GAsteiz-Cto-Euskadi-2025-F7-LIPH-F5LN.pdf\" class=\"elementor-button-link elementor-button elementor-size-sm\" role=\"button\">\n\t\t\t\t\t\t<span class=\"elementor-button-content-wrapper\">\n\t\t\t\t\t\t<span class=\"elementor-button-text\">Convocatoria-Open-Vitoria-GAsteiz-Cto-Euskadi-2025-F7-LIPH-F5LN<\/span>\n\t\t<\/span>\n\t\t\t\t\t<\/a>\n\t\t<\/div>\n\t\t\t\t<\/div>\n\t\t\t\t<\/div>\n\t\t\t\t\t\t<\/div>\n\t\t\t\t\t<\/div>\n\t\t<\/div>\n\t\t\t\t\t\t\t\t<\/div>\n\t\t\t\t\t<\/div>\n\t\t<\/section>\n\t\t\t\t\t\t<\/div>\n\t\t\t\t\t<\/div>\n\t\t<\/div>\n\t\t\t\t\t\t\t\t<\/div>\n\t\t\t\t\t<\/div>\n\t\t<\/section>\n\t\t\t\t\t\t\t\t\t<\/div>\n\t\t\t<\/div>\n\t\t\t\t\t<\/div>","protected":false},"excerpt":{"rendered":"<p>OPEN VITORIA-GASTEIZ 2025, fase 7 de Liga Iberdrola de Patinaje sobre Hielo Desde la NKEF, queremos invitar a todas las FF.AA., al OPEN VITORIA-GASTEIZ 2025, fase 7 de Liga Iberdrola de Patinaje sobre Hielo, que se celebrar\u00e1 los pr\u00f3ximos d\u00edas 22 Y 23 de marzo,\u00a0en la pista de hielo de Bakh de Vitoria, que ser\u00e1 [&hellip;]<\/p>","protected":false},"author":3,"featured_media":7672,"comment_status":"closed","ping_status":"closed","sticky":false,"template":"elementor_header_footer","format":"standard","meta":[],"categories":[17],"tags":[],"_links":{"self":[{"href":"https:\/\/nkef.eus\/eu\/index.php\/wp-json\/wp\/v2\/posts\/7671"}],"collection":[{"href":"https:\/\/nkef.eus\/eu\/index.php\/wp-json\/wp\/v2\/posts"}],"about":[{"href":"https:\/\/nkef.eus\/eu\/index.php\/wp-json\/wp\/v2\/types\/post"}],"author":[{"embeddable":true,"href":"https:\/\/nkef.eus\/eu\/index.php\/wp-json\/wp\/v2\/users\/3"}],"replies":[{"embeddable":true,"href":"https:\/\/nkef.eus\/eu\/index.php\/wp-json\/wp\/v2\/comments?post=7671"}],"version-history":[{"count":4,"href":"https:\/\/nkef.eus\/eu\/index.php\/wp-json\/wp\/v2\/posts\/7671\/revisions"}],"predecessor-version":[{"id":7678,"href":"https:\/\/nkef.eus\/eu\/index.php\/wp-json\/wp\/v2\/posts\/7671\/revisions\/7678"}],"wp:featuredmedia":[{"embeddable":true,"href":"https:\/\/nkef.eus\/eu\/index.php\/wp-json\/wp\/v2\/media\/7672"}],"wp:attachment":[{"href":"https:\/\/nkef.eus\/eu\/index.php\/wp-json\/wp\/v2\/media?parent=7671"}],"wp:term":[{"taxonomy":"category","embeddable":true,"href":"https:\/\/nkef.eus\/eu\/index.php\/wp-json\/wp\/v2\/categories?post=7671"},{"taxonomy":"post_tag","embeddable":true,"href":"https:\/\/nkef.eus\/eu\/index.php\/wp-json\/wp\/v2\/tags?post=7671"}],"curies":[{"name":"wp","href":"https:\/\/api.w.org\/{rel}","templated":true}]}}