{"id":7538,"date":"2024-09-16T11:09:48","date_gmt":"2024-09-16T11:09:48","guid":{"rendered":"https:\/\/nkef.eus\/?p=7538"},"modified":"2024-09-16T11:12:20","modified_gmt":"2024-09-16T11:12:20","slug":"iv-edicion-euskal-kopa-u15-hockey-hielo","status":"publish","type":"post","link":"https:\/\/nkef.eus\/eu\/index.php\/2024\/09\/16\/iv-edicion-euskal-kopa-u15-hockey-hielo\/","title":{"rendered":"IV EDICI\u00d3N EUSKAL KOPA U15 HOCKEY HIELO"},"content":{"rendered":"<div data-elementor-type=\"wp-post\" data-elementor-id=\"7538\" class=\"elementor elementor-7538\">\n\t\t\t\t\t\t<div class=\"elementor-inner\">\n\t\t\t\t<div class=\"elementor-section-wrap\">\n\t\t\t\t\t\t\t\t\t<section class=\"elementor-section elementor-top-section elementor-element elementor-element-65aede8c elementor-section-content-middle elementor-section-boxed elementor-section-height-default elementor-section-height-default\" data-id=\"65aede8c\" data-element_type=\"section\">\n\t\t\t\t\t\t<div class=\"elementor-container elementor-column-gap-no\">\n\t\t\t\t\t\t\t<div class=\"elementor-row\">\n\t\t\t\t\t<div class=\"elementor-column elementor-col-100 elementor-top-column elementor-element elementor-element-7d534b5d\" data-id=\"7d534b5d\" data-element_type=\"column\">\n\t\t\t<div class=\"elementor-column-wrap elementor-element-populated\">\n\t\t\t\t\t\t\t<div class=\"elementor-widget-wrap\">\n\t\t\t\t\t\t<div class=\"elementor-element elementor-element-4ea607b7 elementor-widget elementor-widget-heading\" data-id=\"4ea607b7\" data-element_type=\"widget\" data-widget_type=\"heading.default\">\n\t\t\t\t<div class=\"elementor-widget-container\">\n\t\t\t<h4 class=\"elementor-heading-title elementor-size-default\">IV EDICI\u00d3N EUSKAL KOPA U15 HOCKEY HIELO<\/h4>\t\t<\/div>\n\t\t\t\t<\/div>\n\t\t\t\t<div class=\"elementor-element elementor-element-b8b552c elementor-widget-divider--view-line elementor-widget elementor-widget-divider\" data-id=\"b8b552c\" data-element_type=\"widget\" data-widget_type=\"divider.default\">\n\t\t\t\t<div class=\"elementor-widget-container\">\n\t\t\t\t\t<div class=\"elementor-divider\">\n\t\t\t<span class=\"elementor-divider-separator\">\n\t\t\t\t\t\t<\/span>\n\t\t<\/div>\n\t\t\t\t<\/div>\n\t\t\t\t<\/div>\n\t\t\t\t<div class=\"elementor-element elementor-element-7a9b861 elementor-widget elementor-widget-image\" data-id=\"7a9b861\" data-element_type=\"widget\" data-widget_type=\"image.default\">\n\t\t\t\t<div class=\"elementor-widget-container\">\n\t\t\t\t\t\t\t\t<div class=\"elementor-image\">\n\t\t\t\t\t\t\t\t\t\t\t\t<img width=\"580\" height=\"820\" src=\"https:\/\/nkef.eus\/wp-content\/uploads\/2024\/09\/euskal-kopa-FOTO-CARTEL-724x1024.png\" class=\"attachment-large size-large\" alt=\"\" loading=\"lazy\" srcset=\"https:\/\/nkef.eus\/wp-content\/uploads\/2024\/09\/euskal-kopa-FOTO-CARTEL-724x1024.png 724w, https:\/\/nkef.eus\/wp-content\/uploads\/2024\/09\/euskal-kopa-FOTO-CARTEL-212x300.png 212w, https:\/\/nkef.eus\/wp-content\/uploads\/2024\/09\/euskal-kopa-FOTO-CARTEL-768x1086.png 768w, https:\/\/nkef.eus\/wp-content\/uploads\/2024\/09\/euskal-kopa-FOTO-CARTEL-1086x1536.png 1086w, https:\/\/nkef.eus\/wp-content\/uploads\/2024\/09\/euskal-kopa-FOTO-CARTEL-8x12.png 8w, https:\/\/nkef.eus\/wp-content\/uploads\/2024\/09\/euskal-kopa-FOTO-CARTEL-1200x1697.png 1200w, https:\/\/nkef.eus\/wp-content\/uploads\/2024\/09\/euskal-kopa-FOTO-CARTEL.png 1414w\" sizes=\"(max-width: 580px) 100vw, 580px\" \/>\t\t\t\t\t\t\t\t\t\t\t\t\t\t<\/div>\n\t\t\t\t\t\t<\/div>\n\t\t\t\t<\/div>\n\t\t\t\t<div class=\"elementor-element elementor-element-984afab elementor-widget-divider--view-line elementor-widget elementor-widget-divider\" data-id=\"984afab\" data-element_type=\"widget\" data-widget_type=\"divider.default\">\n\t\t\t\t<div class=\"elementor-widget-container\">\n\t\t\t\t\t<div class=\"elementor-divider\">\n\t\t\t<span class=\"elementor-divider-separator\">\n\t\t\t\t\t\t<\/span>\n\t\t<\/div>\n\t\t\t\t<\/div>\n\t\t\t\t<\/div>\n\t\t\t\t<div class=\"elementor-element elementor-element-46d82475 elementor-widget elementor-widget-text-editor\" data-id=\"46d82475\" data-element_type=\"widget\" data-widget_type=\"text-editor.default\">\n\t\t\t\t<div class=\"elementor-widget-container\">\n\t\t\t\t\t\t\t\t<div class=\"elementor-text-editor elementor-clearfix\">\n\t\t\t\t<p><strong>Los d\u00edas 28 y 29 de Septiembre en la pista de hielo BAKH (Vitoria &#8211; Gasteiz), organizado por la NKEF, en colaboraci\u00f3n con el Club Deportivo De Hielo Bipolo,\u00a0 tendr\u00e1 lugar una nueva edici\u00f3n del ya tradicional torneo de hockey hielo U15, donde este a\u00f1o contaremos con la presencia de 9 equipos que lucharan por alzarse campeones del torneo.<\/strong><\/p><p><strong>En los siguientes enlaces se pueden ver las bases del torneo y el calendario de partidos.<\/strong><\/p>\t\t\t\t\t<\/div>\n\t\t\t\t\t\t<\/div>\n\t\t\t\t<\/div>\n\t\t\t\t<div class=\"elementor-element elementor-element-29f0fa8 elementor-widget-divider--view-line elementor-widget elementor-widget-divider\" data-id=\"29f0fa8\" data-element_type=\"widget\" data-widget_type=\"divider.default\">\n\t\t\t\t<div class=\"elementor-widget-container\">\n\t\t\t\t\t<div class=\"elementor-divider\">\n\t\t\t<span class=\"elementor-divider-separator\">\n\t\t\t\t\t\t<\/span>\n\t\t<\/div>\n\t\t\t\t<\/div>\n\t\t\t\t<\/div>\n\t\t\t\t<section class=\"elementor-section elementor-inner-section elementor-element elementor-element-b1738d4 elementor-section-boxed elementor-section-height-default elementor-section-height-default\" data-id=\"b1738d4\" data-element_type=\"section\">\n\t\t\t\t\t\t<div class=\"elementor-container elementor-column-gap-default\">\n\t\t\t\t\t\t\t<div class=\"elementor-row\">\n\t\t\t\t\t<div class=\"elementor-column elementor-col-50 elementor-inner-column elementor-element elementor-element-a219807\" data-id=\"a219807\" data-element_type=\"column\">\n\t\t\t<div class=\"elementor-column-wrap elementor-element-populated\">\n\t\t\t\t\t\t\t<div class=\"elementor-widget-wrap\">\n\t\t\t\t\t\t<div class=\"elementor-element elementor-element-94d42b5 elementor-align-center elementor-widget elementor-widget-button\" data-id=\"94d42b5\" data-element_type=\"widget\" data-widget_type=\"button.default\">\n\t\t\t\t<div class=\"elementor-widget-container\">\n\t\t\t\t\t<div class=\"elementor-button-wrapper\">\n\t\t\t<a href=\"https:\/\/nkef.eus\/wp-content\/uploads\/2024\/09\/BASES-DE-COMPETICION-EUSKAL-KOPA.pdf\" class=\"elementor-button-link elementor-button elementor-size-sm\" role=\"button\">\n\t\t\t\t\t\t<span class=\"elementor-button-content-wrapper\">\n\t\t\t\t\t\t<span class=\"elementor-button-text\">BASES DEL TORNEO<\/span>\n\t\t<\/span>\n\t\t\t\t\t<\/a>\n\t\t<\/div>\n\t\t\t\t<\/div>\n\t\t\t\t<\/div>\n\t\t\t\t\t\t<\/div>\n\t\t\t\t\t<\/div>\n\t\t<\/div>\n\t\t\t\t<div class=\"elementor-column elementor-col-50 elementor-inner-column elementor-element elementor-element-986eb71\" data-id=\"986eb71\" data-element_type=\"column\">\n\t\t\t<div class=\"elementor-column-wrap elementor-element-populated\">\n\t\t\t\t\t\t\t<div class=\"elementor-widget-wrap\">\n\t\t\t\t\t\t<div class=\"elementor-element elementor-element-8d31e10 elementor-align-center elementor-widget elementor-widget-button\" data-id=\"8d31e10\" data-element_type=\"widget\" data-widget_type=\"button.default\">\n\t\t\t\t<div class=\"elementor-widget-container\">\n\t\t\t\t\t<div class=\"elementor-button-wrapper\">\n\t\t\t<a href=\"https:\/\/nkef.eus\/wp-content\/uploads\/2024\/09\/CALENDARIO-EUSKAL-KOPA-2-1.pdf\" class=\"elementor-button-link elementor-button elementor-size-sm\" role=\"button\">\n\t\t\t\t\t\t<span class=\"elementor-button-content-wrapper\">\n\t\t\t\t\t\t<span class=\"elementor-button-text\">CALENDARIO DE PARTIDOS<\/span>\n\t\t<\/span>\n\t\t\t\t\t<\/a>\n\t\t<\/div>\n\t\t\t\t<\/div>\n\t\t\t\t<\/div>\n\t\t\t\t\t\t<\/div>\n\t\t\t\t\t<\/div>\n\t\t<\/div>\n\t\t\t\t\t\t\t\t<\/div>\n\t\t\t\t\t<\/div>\n\t\t<\/section>\n\t\t\t\t\t\t<\/div>\n\t\t\t\t\t<\/div>\n\t\t<\/div>\n\t\t\t\t\t\t\t\t<\/div>\n\t\t\t\t\t<\/div>\n\t\t<\/section>\n\t\t\t\t\t\t\t\t\t<\/div>\n\t\t\t<\/div>\n\t\t\t\t\t<\/div>","protected":false},"excerpt":{"rendered":"<p>IV EDICI\u00d3N EUSKAL KOPA U15 HOCKEY HIELO Los d\u00edas 28 y 29 de Septiembre en la pista de hielo BAKH (Vitoria &#8211; Gasteiz), organizado por la NKEF, en colaboraci\u00f3n con el Club Deportivo De Hielo Bipolo,\u00a0 tendr\u00e1 lugar una nueva edici\u00f3n del ya tradicional torneo de hockey hielo U15, donde este a\u00f1o contaremos con la [&hellip;]<\/p>","protected":false},"author":3,"featured_media":7539,"comment_status":"closed","ping_status":"closed","sticky":false,"template":"elementor_header_footer","format":"standard","meta":[],"categories":[13],"tags":[],"_links":{"self":[{"href":"https:\/\/nkef.eus\/eu\/index.php\/wp-json\/wp\/v2\/posts\/7538"}],"collection":[{"href":"https:\/\/nkef.eus\/eu\/index.php\/wp-json\/wp\/v2\/posts"}],"about":[{"href":"https:\/\/nkef.eus\/eu\/index.php\/wp-json\/wp\/v2\/types\/post"}],"author":[{"embeddable":true,"href":"https:\/\/nkef.eus\/eu\/index.php\/wp-json\/wp\/v2\/users\/3"}],"replies":[{"embeddable":true,"href":"https:\/\/nkef.eus\/eu\/index.php\/wp-json\/wp\/v2\/comments?post=7538"}],"version-history":[{"count":4,"href":"https:\/\/nkef.eus\/eu\/index.php\/wp-json\/wp\/v2\/posts\/7538\/revisions"}],"predecessor-version":[{"id":7550,"href":"https:\/\/nkef.eus\/eu\/index.php\/wp-json\/wp\/v2\/posts\/7538\/revisions\/7550"}],"wp:featuredmedia":[{"embeddable":true,"href":"https:\/\/nkef.eus\/eu\/index.php\/wp-json\/wp\/v2\/media\/7539"}],"wp:attachment":[{"href":"https:\/\/nkef.eus\/eu\/index.php\/wp-json\/wp\/v2\/media?parent=7538"}],"wp:term":[{"taxonomy":"category","embeddable":true,"href":"https:\/\/nkef.eus\/eu\/index.php\/wp-json\/wp\/v2\/categories?post=7538"},{"taxonomy":"post_tag","embeddable":true,"href":"https:\/\/nkef.eus\/eu\/index.php\/wp-json\/wp\/v2\/tags?post=7538"}],"curies":[{"name":"wp","href":"https:\/\/api.w.org\/{rel}","templated":true}]}}