{"id":7469,"date":"2024-06-14T09:29:31","date_gmt":"2024-06-14T09:29:31","guid":{"rendered":"https:\/\/nkef.eus\/?p=7469"},"modified":"2024-06-14T09:33:30","modified_gmt":"2024-06-14T09:33:30","slug":"album-de-fotografias-iii-gala-deportes-de-invierno-nkef","status":"publish","type":"post","link":"https:\/\/nkef.eus\/eu\/index.php\/2024\/06\/14\/album-de-fotografias-iii-gala-deportes-de-invierno-nkef\/","title":{"rendered":"ALBUM DE FOTOGRAFIAS III GALA DEPORTES DE INVIERNO NKEF"},"content":{"rendered":"<div data-elementor-type=\"wp-post\" data-elementor-id=\"7469\" class=\"elementor elementor-7469\">\n\t\t\t\t\t\t<div class=\"elementor-inner\">\n\t\t\t\t<div class=\"elementor-section-wrap\">\n\t\t\t\t\t\t\t\t\t<section class=\"elementor-section elementor-top-section elementor-element elementor-element-4c9257ae elementor-section-content-middle elementor-section-boxed elementor-section-height-default elementor-section-height-default\" data-id=\"4c9257ae\" data-element_type=\"section\">\n\t\t\t\t\t\t<div class=\"elementor-container elementor-column-gap-no\">\n\t\t\t\t\t\t\t<div class=\"elementor-row\">\n\t\t\t\t\t<div class=\"elementor-column elementor-col-100 elementor-top-column elementor-element elementor-element-341e3a8c\" data-id=\"341e3a8c\" data-element_type=\"column\">\n\t\t\t<div class=\"elementor-column-wrap elementor-element-populated\">\n\t\t\t\t\t\t\t<div class=\"elementor-widget-wrap\">\n\t\t\t\t\t\t<div class=\"elementor-element elementor-element-179ed0b8 elementor-widget elementor-widget-heading\" data-id=\"179ed0b8\" data-element_type=\"widget\" data-widget_type=\"heading.default\">\n\t\t\t\t<div class=\"elementor-widget-container\">\n\t\t\t<h4 class=\"elementor-heading-title elementor-size-default\">\u00c1LBUM DE FOTOGRAF\u00cdAS III GALA DEPORTES DE INVIERNO NKEF<\/h4>\t\t<\/div>\n\t\t\t\t<\/div>\n\t\t\t\t<div class=\"elementor-element elementor-element-edf0c6e elementor-widget elementor-widget-image\" data-id=\"edf0c6e\" data-element_type=\"widget\" data-widget_type=\"image.default\">\n\t\t\t\t<div class=\"elementor-widget-container\">\n\t\t\t\t\t\t\t\t<div class=\"elementor-image\">\n\t\t\t\t\t\t\t\t\t\t\t\t<img width=\"580\" height=\"387\" src=\"https:\/\/nkef.eus\/wp-content\/uploads\/2024\/06\/20240607_18_13_Lenju_16328-1024x683.jpg\" class=\"attachment-large size-large\" alt=\"\" loading=\"lazy\" srcset=\"https:\/\/nkef.eus\/wp-content\/uploads\/2024\/06\/20240607_18_13_Lenju_16328-1024x683.jpg 1024w, https:\/\/nkef.eus\/wp-content\/uploads\/2024\/06\/20240607_18_13_Lenju_16328-300x200.jpg 300w, https:\/\/nkef.eus\/wp-content\/uploads\/2024\/06\/20240607_18_13_Lenju_16328-768x512.jpg 768w, https:\/\/nkef.eus\/wp-content\/uploads\/2024\/06\/20240607_18_13_Lenju_16328-1536x1024.jpg 1536w, https:\/\/nkef.eus\/wp-content\/uploads\/2024\/06\/20240607_18_13_Lenju_16328-18x12.jpg 18w, https:\/\/nkef.eus\/wp-content\/uploads\/2024\/06\/20240607_18_13_Lenju_16328-1200x800.jpg 1200w, https:\/\/nkef.eus\/wp-content\/uploads\/2024\/06\/20240607_18_13_Lenju_16328-1980x1320.jpg 1980w, https:\/\/nkef.eus\/wp-content\/uploads\/2024\/06\/20240607_18_13_Lenju_16328.jpg 2048w\" sizes=\"(max-width: 580px) 100vw, 580px\" \/>\t\t\t\t\t\t\t\t\t\t\t\t\t\t<\/div>\n\t\t\t\t\t\t<\/div>\n\t\t\t\t<\/div>\n\t\t\t\t<div class=\"elementor-element elementor-element-7bf3c9b0 elementor-widget elementor-widget-text-editor\" data-id=\"7bf3c9b0\" data-element_type=\"widget\" data-widget_type=\"text-editor.default\">\n\t\t\t\t<div class=\"elementor-widget-container\">\n\t\t\t\t\t\t\t\t<div class=\"elementor-text-editor elementor-clearfix\">\n\t\t\t\t<p style=\"text-align: center;\">\u00c1LBUM DE FOGRAF\u00cdAS III GALA DE LOS DEPORTES DE INVIERNO NKEF<\/p>\t\t\t\t\t<\/div>\n\t\t\t\t\t\t<\/div>\n\t\t\t\t<\/div>\n\t\t\t\t<div class=\"elementor-element elementor-element-e08ee12 elementor-widget-divider--view-line elementor-widget elementor-widget-divider\" data-id=\"e08ee12\" data-element_type=\"widget\" data-widget_type=\"divider.default\">\n\t\t\t\t<div class=\"elementor-widget-container\">\n\t\t\t\t\t<div class=\"elementor-divider\">\n\t\t\t<span class=\"elementor-divider-separator\">\n\t\t\t\t\t\t<\/span>\n\t\t<\/div>\n\t\t\t\t<\/div>\n\t\t\t\t<\/div>\n\t\t\t\t<div class=\"elementor-element elementor-element-a97a102 elementor-widget elementor-widget-button\" data-id=\"a97a102\" data-element_type=\"widget\" data-widget_type=\"button.default\">\n\t\t\t\t<div class=\"elementor-widget-container\">\n\t\t\t\t\t<div class=\"elementor-button-wrapper\">\n\t\t\t<a href=\"https:\/\/nkef.eus\/eu\/index.php\/galeria-2\/\" class=\"elementor-button-link elementor-button elementor-size-sm\" role=\"button\">\n\t\t\t\t\t\t<span class=\"elementor-button-content-wrapper\">\n\t\t\t\t\t\t<span class=\"elementor-button-text\">ABRIR ENLACE<\/span>\n\t\t<\/span>\n\t\t\t\t\t<\/a>\n\t\t<\/div>\n\t\t\t\t<\/div>\n\t\t\t\t<\/div>\n\t\t\t\t\t\t<\/div>\n\t\t\t\t\t<\/div>\n\t\t<\/div>\n\t\t\t\t\t\t\t\t<\/div>\n\t\t\t\t\t<\/div>\n\t\t<\/section>\n\t\t\t\t\t\t\t\t\t<\/div>\n\t\t\t<\/div>\n\t\t\t\t\t<\/div>","protected":false},"excerpt":{"rendered":"<p>\u00c1LBUM DE FOTOGRAF\u00cdAS III GALA DEPORTES DE INVIERNO NKEF \u00c1LBUM DE FOGRAF\u00cdAS III GALA DE LOS DEPORTES DE INVIERNO NKEF ABRIR ENLACE<\/p>","protected":false},"author":3,"featured_media":7238,"comment_status":"closed","ping_status":"closed","sticky":false,"template":"elementor_header_footer","format":"standard","meta":[],"categories":[72],"tags":[],"_links":{"self":[{"href":"https:\/\/nkef.eus\/eu\/index.php\/wp-json\/wp\/v2\/posts\/7469"}],"collection":[{"href":"https:\/\/nkef.eus\/eu\/index.php\/wp-json\/wp\/v2\/posts"}],"about":[{"href":"https:\/\/nkef.eus\/eu\/index.php\/wp-json\/wp\/v2\/types\/post"}],"author":[{"embeddable":true,"href":"https:\/\/nkef.eus\/eu\/index.php\/wp-json\/wp\/v2\/users\/3"}],"replies":[{"embeddable":true,"href":"https:\/\/nkef.eus\/eu\/index.php\/wp-json\/wp\/v2\/comments?post=7469"}],"version-history":[{"count":4,"href":"https:\/\/nkef.eus\/eu\/index.php\/wp-json\/wp\/v2\/posts\/7469\/revisions"}],"predecessor-version":[{"id":7473,"href":"https:\/\/nkef.eus\/eu\/index.php\/wp-json\/wp\/v2\/posts\/7469\/revisions\/7473"}],"wp:featuredmedia":[{"embeddable":true,"href":"https:\/\/nkef.eus\/eu\/index.php\/wp-json\/wp\/v2\/media\/7238"}],"wp:attachment":[{"href":"https:\/\/nkef.eus\/eu\/index.php\/wp-json\/wp\/v2\/media?parent=7469"}],"wp:term":[{"taxonomy":"category","embeddable":true,"href":"https:\/\/nkef.eus\/eu\/index.php\/wp-json\/wp\/v2\/categories?post=7469"},{"taxonomy":"post_tag","embeddable":true,"href":"https:\/\/nkef.eus\/eu\/index.php\/wp-json\/wp\/v2\/tags?post=7469"}],"curies":[{"name":"wp","href":"https:\/\/api.w.org\/{rel}","templated":true}]}}