{"id":737,"date":"2020-02-12T15:51:49","date_gmt":"2020-02-12T15:51:49","guid":{"rendered":"https:\/\/nkef.eus\/?p=737"},"modified":"2020-10-26T10:44:55","modified_gmt":"2020-10-26T10:44:55","slug":"imanol-rojo-disputara-el-ski-tour-2020","status":"publish","type":"post","link":"https:\/\/nkef.eus\/eu\/index.php\/2020\/02\/12\/imanol-rojo-disputara-el-ski-tour-2020\/","title":{"rendered":"IMANOL ROJO DISPUTARA EL SKI TOUR 2020"},"content":{"rendered":"<div data-elementor-type=\"wp-post\" data-elementor-id=\"737\" class=\"elementor elementor-737\">\n\t\t\t\t\t\t<div class=\"elementor-inner\">\n\t\t\t\t<div class=\"elementor-section-wrap\">\n\t\t\t\t\t\t\t\t\t<section class=\"elementor-section elementor-top-section elementor-element elementor-element-5aad2c4b elementor-section-content-middle elementor-section-boxed elementor-section-height-default elementor-section-height-default\" data-id=\"5aad2c4b\" data-element_type=\"section\">\n\t\t\t\t\t\t<div class=\"elementor-container elementor-column-gap-no\">\n\t\t\t\t\t\t\t<div class=\"elementor-row\">\n\t\t\t\t\t<div class=\"elementor-column elementor-col-100 elementor-top-column elementor-element elementor-element-348bd7ec\" data-id=\"348bd7ec\" data-element_type=\"column\">\n\t\t\t<div class=\"elementor-column-wrap elementor-element-populated\">\n\t\t\t\t\t\t\t<div class=\"elementor-widget-wrap\">\n\t\t\t\t\t\t<div class=\"elementor-element elementor-element-24349630 elementor-widget elementor-widget-heading\" data-id=\"24349630\" data-element_type=\"widget\" data-widget_type=\"heading.default\">\n\t\t\t\t<div class=\"elementor-widget-container\">\n\t\t\t<h4 class=\"elementor-heading-title elementor-size-default\">IMANOL ROJO DISPUTARA EL SKI TOUR 2020<\/h4>\t\t<\/div>\n\t\t\t\t<\/div>\n\t\t\t\t<div class=\"elementor-element elementor-element-36622b09 elementor-widget elementor-widget-text-editor\" data-id=\"36622b09\" data-element_type=\"widget\" data-widget_type=\"text-editor.default\">\n\t\t\t\t<div class=\"elementor-widget-container\">\n\t\t\t\t\t\t\t\t<div class=\"elementor-text-editor elementor-clearfix\">\n\t\t\t\t<p>Damos la bienvenida al Ski Tour 2020 \/ Coop FIS Cross Country World Cup. Seis d\u00edas de carrera en cinco areas diferentes a trav\u00e9s de la frontera entre dos pa\u00edses (Suecia y Noruega). Ski Tour 2020 es parte de la Coop FIS Cross-Country World Cup 2020 y por lo tanto contar\u00e1 con la presencia de Imanol Rojo Club Alpino Uzturre\/ FVDI-NKEF<br \/>Ski Tour 2020 comienza con la ceremonia de apertura en Stortorget en el centro de \u00d6stersund el 14 de Febrero a las 17.00 y luego sigue las dos primeras etapas de la gira en el estadio de esqu\u00ed de \u00d6stersund.<\/p><p>Apertura. Stortorget, \u00d6stersund<br \/>14 Viernes<\/p><p>Inauguraci\u00f3n de Ski Tour 2020<\/p><p>Etapa 1 De Damas: 10 Km<br \/>15 S\u00e1bado<br \/>Comienzo de 10 km F para mujeres en el \u00d6stersund Ski Stadium<\/p><p>Etapa Masculina 1: 15 Km<br \/>15 S\u00e1bado<br \/>15 km intervalo F hombres en \u00d6stersund Ski Stadium<\/p><p>Etapa 2: Caballeros De 15 Km<br \/>16 Domingo<\/p><p>15 km persecuci\u00f3n C en el estadio de esqu\u00ed de \u00d6stersund<\/p><p>Etapa 2: Damas De 10 Km<br \/>16 Domingo<\/p><p>10 km persecuci\u00f3n C en el estadio de esqu\u00ed de \u00d6stersund<\/p><p>Etapa 3. Sprint F Damas Y hombres<br \/>18 Martes<\/p><p>1:45 pm: Clasificaci\u00f3n, 4:15 pm: Finales. Arena nacional alpina de Suecia en \u00c5re<\/p><p>Etapa 4: 38 Km Damas<br \/>20 Jueves<\/p><p>38 km inicio conjunto F damas de Storlien (SWE) a Mer\u00e5ker (NOR)<\/p><p>Etapa 4: 38 Km Hombres<br \/>20 Jueves<\/p><p>salida conjunta de 38 km F hombres de Storlien (SWE) a Mer\u00e5ker (NOR)<\/p><p>Etapa 5: Damas Y hombres De Sprint<br \/>22 S\u00e1bado<\/p><p>10:30: Calificaci\u00f3n Sprint C. 13:00: Finales Sprint C. Gran\u00e5sen Ski Center, Trondheim.<\/p><p>Etapa 6: Damas De 15 Km<br \/>23 Domingo<\/p><p>11:15: 15 km de inicio de caza C damas en Gran\u00e5sen Ski Center, Trondheim<\/p><p>Etapa 6: hombres 30 Km<br \/>23 Domingo<\/p><p>13:20: 30 km de inicio de caza C hombres en Gran\u00e5sen Ski Center, Trondheim<\/p>\t\t\t\t\t<\/div>\n\t\t\t\t\t\t<\/div>\n\t\t\t\t<\/div>\n\t\t\t\t\t\t<\/div>\n\t\t\t\t\t<\/div>\n\t\t<\/div>\n\t\t\t\t\t\t\t\t<\/div>\n\t\t\t\t\t<\/div>\n\t\t<\/section>\n\t\t\t\t\t\t\t\t\t<\/div>\n\t\t\t<\/div>\n\t\t\t\t\t<\/div>","protected":false},"excerpt":{"rendered":"<p>IMANOL ROJO DISPUTARA EL SKI TOUR 2020 Damos la bienvenida al Ski Tour 2020 \/ Coop FIS Cross Country World Cup. Seis d\u00edas de carrera en cinco areas diferentes a trav\u00e9s de la frontera entre dos pa\u00edses (Suecia y Noruega). Ski Tour 2020 es parte de la Coop FIS Cross-Country World Cup 2020 y por [&hellip;]<\/p>","protected":false},"author":2,"featured_media":738,"comment_status":"closed","ping_status":"closed","sticky":false,"template":"elementor_header_footer","format":"standard","meta":[],"categories":[9],"tags":[],"_links":{"self":[{"href":"https:\/\/nkef.eus\/eu\/index.php\/wp-json\/wp\/v2\/posts\/737"}],"collection":[{"href":"https:\/\/nkef.eus\/eu\/index.php\/wp-json\/wp\/v2\/posts"}],"about":[{"href":"https:\/\/nkef.eus\/eu\/index.php\/wp-json\/wp\/v2\/types\/post"}],"author":[{"embeddable":true,"href":"https:\/\/nkef.eus\/eu\/index.php\/wp-json\/wp\/v2\/users\/2"}],"replies":[{"embeddable":true,"href":"https:\/\/nkef.eus\/eu\/index.php\/wp-json\/wp\/v2\/comments?post=737"}],"version-history":[{"count":3,"href":"https:\/\/nkef.eus\/eu\/index.php\/wp-json\/wp\/v2\/posts\/737\/revisions"}],"predecessor-version":[{"id":1807,"href":"https:\/\/nkef.eus\/eu\/index.php\/wp-json\/wp\/v2\/posts\/737\/revisions\/1807"}],"wp:featuredmedia":[{"embeddable":true,"href":"https:\/\/nkef.eus\/eu\/index.php\/wp-json\/wp\/v2\/media\/738"}],"wp:attachment":[{"href":"https:\/\/nkef.eus\/eu\/index.php\/wp-json\/wp\/v2\/media?parent=737"}],"wp:term":[{"taxonomy":"category","embeddable":true,"href":"https:\/\/nkef.eus\/eu\/index.php\/wp-json\/wp\/v2\/categories?post=737"},{"taxonomy":"post_tag","embeddable":true,"href":"https:\/\/nkef.eus\/eu\/index.php\/wp-json\/wp\/v2\/tags?post=737"}],"curies":[{"name":"wp","href":"https:\/\/api.w.org\/{rel}","templated":true}]}}