{"id":717,"date":"2020-02-14T15:35:33","date_gmt":"2020-02-14T15:35:33","guid":{"rendered":"https:\/\/nkef.eus\/?p=717"},"modified":"2020-10-26T10:43:51","modified_gmt":"2020-10-26T10:43:51","slug":"entrevista-a-paula-prado-jugadora-cd-sumendi","status":"publish","type":"post","link":"https:\/\/nkef.eus\/eu\/index.php\/2020\/02\/14\/entrevista-a-paula-prado-jugadora-cd-sumendi\/","title":{"rendered":"ENTREVISTA A PAULA PRADO JUGADORA CD SUMENDI"},"content":{"rendered":"<div data-elementor-type=\"wp-post\" data-elementor-id=\"717\" class=\"elementor elementor-717\">\n\t\t\t\t\t\t<div class=\"elementor-inner\">\n\t\t\t\t<div class=\"elementor-section-wrap\">\n\t\t\t\t\t\t\t\t\t<section class=\"elementor-section elementor-top-section elementor-element elementor-element-bb0bc8a elementor-section-content-middle elementor-section-boxed elementor-section-height-default elementor-section-height-default\" data-id=\"bb0bc8a\" data-element_type=\"section\">\n\t\t\t\t\t\t<div class=\"elementor-container elementor-column-gap-no\">\n\t\t\t\t\t\t\t<div class=\"elementor-row\">\n\t\t\t\t\t<div class=\"elementor-column elementor-col-100 elementor-top-column elementor-element elementor-element-3e263ba4\" data-id=\"3e263ba4\" data-element_type=\"column\">\n\t\t\t<div class=\"elementor-column-wrap elementor-element-populated\">\n\t\t\t\t\t\t\t<div class=\"elementor-widget-wrap\">\n\t\t\t\t\t\t<div class=\"elementor-element elementor-element-53d68c62 elementor-widget elementor-widget-heading\" data-id=\"53d68c62\" data-element_type=\"widget\" data-widget_type=\"heading.default\">\n\t\t\t\t<div class=\"elementor-widget-container\">\n\t\t\t<h4 class=\"elementor-heading-title elementor-size-default\">ENTREVISTA A PAULA PRADO JUGADORA CD SUMENDI<\/h4>\t\t<\/div>\n\t\t\t\t<\/div>\n\t\t\t\t<div class=\"elementor-element elementor-element-635e86ae elementor-widget elementor-widget-text-editor\" data-id=\"635e86ae\" data-element_type=\"widget\" data-widget_type=\"text-editor.default\">\n\t\t\t\t<div class=\"elementor-widget-container\">\n\t\t\t\t\t\t\t\t<div class=\"elementor-text-editor elementor-clearfix\">\n\t\t\t\t<p>DIARIO DE VALLADOLID<\/p><p>El h\u00e1bitat natural de las panteras se extiende por todos los rincones del planeta. Desde la c\u00e1lida selva sudamericana hasta las fr\u00edas nieves del Himalaya, hogar de la Panthera uncia. Su rugido, no entiende de idiomas, es igual de intimidante en cualquier ecosistema. Esa facilidad de mimetizarse con cualquier entorno es una de las caracter\u00edsticas que definen a la vallisoletana\u00a0<strong>Paula Prado<\/strong>, una Pantera capaz de deslizarse con la misma habilidad sobre ruedas que sobre cuchillas.<\/p><p><br \/><br \/><\/p><p>La joven jugadora del CPLV conquist\u00f3 M\u00e9xico como lo hizo Hern\u00e1n Cort\u00e9s siglos atr\u00e1s. El pa\u00eds centroamericano se convirti\u00f3 en la sede del Mundial \u2018C\u2019 de hockey hielo sub 18, t\u00edtulo que la selecci\u00f3n espa\u00f1ola conquist\u00f3 por primera vez en su historia, consiguiendo el ascenso a la segunda categor\u00eda despu\u00e9s de ganar en la final a Turqu\u00eda 7-0. Espa\u00f1a da un paso m\u00e1s hacia las grandes potencias del hielo como Canad\u00e1 o Estados Unidos gracias a la participaci\u00f3n de una armada invencible -gan\u00f3 todos sus partidos en suelo mexicano- de la que forma parte Paula Prado.<\/p><p><br \/><br \/><\/p><p>El m\u00e9rito de la pantera va m\u00e1s all\u00e1 de las medallas y, es que, se ha logrado hacer un hueco en el futuro del hielo en una ciudad en la que el fr\u00edo est\u00e1 en el ambiente, pero no en la pista. \u00abYo ve\u00eda la NHL en la tele, pero como un sue\u00f1o, no como nada cercano\u00bb, admite Prado, que encontr\u00f3 una puerta abierta al reino de hielo en Vitoria.<\/p><p><br \/><br \/><\/p><p>\u00abYo nunca hab\u00eda jugado en hielo. Me dieron la posibilidad de jugar en el Sumendi -donde juegan tambi\u00e9n sus compa\u00f1eras de equipo Sara D\u00edez y Julia Fouz-. Prob\u00e9 el verano del a\u00f1o pasado y me qued\u00e9\u00bb, explica.<\/p><p><br \/><br \/><\/p><p>Desde entonces su agenda se escribe con encaje de bolillos, haciendo compatible su rol en el CPLV y en el equipo vasco. \u00abHace poco jugamos un partido con las Panteras en Bilbao y al acabar me fui a jugar otro a San Sebasti\u00e1n en hielo\u00bb, palabras que sirven como ejemplo del compromiso de la vallisoletana con el stick; una herramienta de trabajo que le ha permitido ensamblar una trayectoria envidiable desde que comenzara a desplazarse en patines de peque\u00f1a, primero en La Cist\u00e9rniga y despu\u00e9s en Los Cerros, escalas antes de conquistar el mundo.<\/p><p><br \/><br \/><\/p><p>Paula Prado tiene la estela de una estrella. Lo demuestra como diamante de la cantera del CPLV y en el hielo, donde un a\u00f1o despu\u00e9s de comenzar ya se ha deslizado hasta una concentraci\u00f3n con la selecci\u00f3n senior y la participaci\u00f3n en un Cuatro Naciones sub 18 en Escocia. La vallisoletana ha dado caza a lo que parec\u00eda una quimera. \u00abLa verdad es que ser internacional lo ve\u00eda lej\u00edsimos, porque aqu\u00ed no hay pista para entrenar, pero el primer a\u00f1o jugando se hizo el Mundial en Jaca y fui de reserva. Eso fue un subid\u00f3n, porque vi que interesaba\u00bb, admite la jugadora que s\u00ed se ve como parte de la absoluta a medio plazo.<\/p><p><br \/><br \/><\/p><p>\u00abEn hielo lo veo bastante posible. Lleva mucho esfuerzo, pero en los \u00faltimos a\u00f1os est\u00e1n llevando a gente joven\u00bb, explica.<\/p><p><br \/><br \/><\/p><p>No es la primera vez que el rugido de la jugadora se escucha en todo el mundo. En menos de un a\u00f1o ha encontrado el Dorado en dos ocasiones. Antes de llevarse el Mundial de M\u00e9xico de hockey hielo ya hizo lo propio el pasado verano en Barcelona, cuando form\u00f3 parte del equipo j\u00fanior que conquist\u00f3 en hockey l\u00ednea los World Roller Games desplumando a gallos como Canad\u00e1 en semifinales y a Estados Unidos en la final.<\/p><p><br \/><br \/><\/p><p>La vida en patines de Paula Prado la lleva de Canterac a Vitoria en un abrir y cerrar de ojos. Sin problemas para entrenar en pista, el hielo la relega a ocasiones especiales a la pista del hielo. Todo para compaginar dos primos con el mismo nombre, hockey, y diferente apellido.<\/p><p><br \/><br \/><\/p><p>\u00abParecen iguales, pero son muy diferentes. En hielo es m\u00e1s posicional y es un deporte superr\u00e1pido\u00bb, admite.<\/p><p>Como buena deportista, esta joven de 17 a\u00f1os reparte el m\u00e9rito de sus \u00e9xitos con todo su entorno -inclu\u00eddos sus padres, \u2018ch\u00f3feres\u2019 en esta aventura-: \u00abEl oro no hubiera sido posible sin el apoyo de mis clubes, CPLV y Sumendi, de mi instituto, el Juan de Juni, que me facilitan en medida de lo posible la realizaci\u00f3n de los ex\u00e1menes y de los vecinos de Cabez\u00f3n, por sus \u00e1nimos constantes\u00bb, asegura una Pantera con un rugido helador.\u00a0<\/p>\t\t\t\t\t<\/div>\n\t\t\t\t\t\t<\/div>\n\t\t\t\t<\/div>\n\t\t\t\t\t\t<\/div>\n\t\t\t\t\t<\/div>\n\t\t<\/div>\n\t\t\t\t\t\t\t\t<\/div>\n\t\t\t\t\t<\/div>\n\t\t<\/section>\n\t\t\t\t\t\t\t\t\t<\/div>\n\t\t\t<\/div>\n\t\t\t\t\t<\/div>","protected":false},"excerpt":{"rendered":"<p>ENTREVISTA A PAULA PRADO JUGADORA CD SUMENDI DIARIO DE VALLADOLID El h\u00e1bitat natural de las panteras se extiende por todos los rincones del planeta. Desde la c\u00e1lida selva sudamericana hasta las fr\u00edas nieves del Himalaya, hogar de la Panthera uncia. Su rugido, no entiende de idiomas, es igual de intimidante en cualquier ecosistema. Esa facilidad [&hellip;]<\/p>","protected":false},"author":2,"featured_media":721,"comment_status":"closed","ping_status":"closed","sticky":false,"template":"elementor_header_footer","format":"standard","meta":[],"categories":[13],"tags":[],"_links":{"self":[{"href":"https:\/\/nkef.eus\/eu\/index.php\/wp-json\/wp\/v2\/posts\/717"}],"collection":[{"href":"https:\/\/nkef.eus\/eu\/index.php\/wp-json\/wp\/v2\/posts"}],"about":[{"href":"https:\/\/nkef.eus\/eu\/index.php\/wp-json\/wp\/v2\/types\/post"}],"author":[{"embeddable":true,"href":"https:\/\/nkef.eus\/eu\/index.php\/wp-json\/wp\/v2\/users\/2"}],"replies":[{"embeddable":true,"href":"https:\/\/nkef.eus\/eu\/index.php\/wp-json\/wp\/v2\/comments?post=717"}],"version-history":[{"count":4,"href":"https:\/\/nkef.eus\/eu\/index.php\/wp-json\/wp\/v2\/posts\/717\/revisions"}],"predecessor-version":[{"id":1806,"href":"https:\/\/nkef.eus\/eu\/index.php\/wp-json\/wp\/v2\/posts\/717\/revisions\/1806"}],"wp:featuredmedia":[{"embeddable":true,"href":"https:\/\/nkef.eus\/eu\/index.php\/wp-json\/wp\/v2\/media\/721"}],"wp:attachment":[{"href":"https:\/\/nkef.eus\/eu\/index.php\/wp-json\/wp\/v2\/media?parent=717"}],"wp:term":[{"taxonomy":"category","embeddable":true,"href":"https:\/\/nkef.eus\/eu\/index.php\/wp-json\/wp\/v2\/categories?post=717"},{"taxonomy":"post_tag","embeddable":true,"href":"https:\/\/nkef.eus\/eu\/index.php\/wp-json\/wp\/v2\/tags?post=717"}],"curies":[{"name":"wp","href":"https:\/\/api.w.org\/{rel}","templated":true}]}}