{"id":6645,"date":"2023-06-19T10:25:07","date_gmt":"2023-06-19T10:25:07","guid":{"rendered":"https:\/\/nkef.eus\/?p=6645"},"modified":"2023-06-19T10:30:02","modified_gmt":"2023-06-19T10:30:02","slug":"ii-gala-de-los-deportes-de-invierno-nkef","status":"publish","type":"post","link":"https:\/\/nkef.eus\/eu\/index.php\/2023\/06\/19\/ii-gala-de-los-deportes-de-invierno-nkef\/","title":{"rendered":"II GALA DE LOS DEPORTES DE INVIERNO &#8211; NKEF"},"content":{"rendered":"<div data-elementor-type=\"wp-post\" data-elementor-id=\"6645\" class=\"elementor elementor-6645\">\n\t\t\t\t\t\t<div class=\"elementor-inner\">\n\t\t\t\t<div class=\"elementor-section-wrap\">\n\t\t\t\t\t\t\t\t\t<section class=\"elementor-section elementor-top-section elementor-element elementor-element-586f8cd7 elementor-section-content-middle elementor-section-boxed elementor-section-height-default elementor-section-height-default\" data-id=\"586f8cd7\" data-element_type=\"section\">\n\t\t\t\t\t\t<div class=\"elementor-container elementor-column-gap-no\">\n\t\t\t\t\t\t\t<div class=\"elementor-row\">\n\t\t\t\t\t<div class=\"elementor-column elementor-col-100 elementor-top-column elementor-element elementor-element-5877824c\" data-id=\"5877824c\" data-element_type=\"column\">\n\t\t\t<div class=\"elementor-column-wrap elementor-element-populated\">\n\t\t\t\t\t\t\t<div class=\"elementor-widget-wrap\">\n\t\t\t\t\t\t<div class=\"elementor-element elementor-element-7a16195e elementor-widget elementor-widget-heading\" data-id=\"7a16195e\" data-element_type=\"widget\" data-widget_type=\"heading.default\">\n\t\t\t\t<div class=\"elementor-widget-container\">\n\t\t\t<h4 class=\"elementor-heading-title elementor-size-default\">II GALA DE LOS DEPORTES DE INVIERNO - NKEF<\/h4>\t\t<\/div>\n\t\t\t\t<\/div>\n\t\t\t\t<div class=\"elementor-element elementor-element-75bc8d0 elementor-widget elementor-widget-image\" data-id=\"75bc8d0\" data-element_type=\"widget\" data-widget_type=\"image.default\">\n\t\t\t\t<div class=\"elementor-widget-container\">\n\t\t\t\t\t\t\t\t<div class=\"elementor-image\">\n\t\t\t\t\t\t\t\t\t\t\t\t<img width=\"580\" height=\"387\" src=\"https:\/\/nkef.eus\/wp-content\/uploads\/2023\/06\/20230615_19_10_Lenju_3917-1024x683.jpg\" class=\"attachment-large size-large\" alt=\"\" loading=\"lazy\" srcset=\"https:\/\/nkef.eus\/wp-content\/uploads\/2023\/06\/20230615_19_10_Lenju_3917-1024x683.jpg 1024w, https:\/\/nkef.eus\/wp-content\/uploads\/2023\/06\/20230615_19_10_Lenju_3917-300x200.jpg 300w, https:\/\/nkef.eus\/wp-content\/uploads\/2023\/06\/20230615_19_10_Lenju_3917-768x512.jpg 768w, https:\/\/nkef.eus\/wp-content\/uploads\/2023\/06\/20230615_19_10_Lenju_3917-1536x1024.jpg 1536w, https:\/\/nkef.eus\/wp-content\/uploads\/2023\/06\/20230615_19_10_Lenju_3917-18x12.jpg 18w, https:\/\/nkef.eus\/wp-content\/uploads\/2023\/06\/20230615_19_10_Lenju_3917-1200x800.jpg 1200w, https:\/\/nkef.eus\/wp-content\/uploads\/2023\/06\/20230615_19_10_Lenju_3917-1980x1320.jpg 1980w, https:\/\/nkef.eus\/wp-content\/uploads\/2023\/06\/20230615_19_10_Lenju_3917.jpg 2048w\" sizes=\"(max-width: 580px) 100vw, 580px\" \/>\t\t\t\t\t\t\t\t\t\t\t\t\t\t<\/div>\n\t\t\t\t\t\t<\/div>\n\t\t\t\t<\/div>\n\t\t\t\t<div class=\"elementor-element elementor-element-db9de5a elementor-widget-divider--view-line elementor-widget elementor-widget-divider\" data-id=\"db9de5a\" data-element_type=\"widget\" data-widget_type=\"divider.default\">\n\t\t\t\t<div class=\"elementor-widget-container\">\n\t\t\t\t\t<div class=\"elementor-divider\">\n\t\t\t<span class=\"elementor-divider-separator\">\n\t\t\t\t\t\t<\/span>\n\t\t<\/div>\n\t\t\t\t<\/div>\n\t\t\t\t<\/div>\n\t\t\t\t<div class=\"elementor-element elementor-element-2f670637 elementor-widget elementor-widget-text-editor\" data-id=\"2f670637\" data-element_type=\"widget\" data-widget_type=\"text-editor.default\">\n\t\t\t\t<div class=\"elementor-widget-container\">\n\t\t\t\t\t\t\t\t<div class=\"elementor-text-editor elementor-clearfix\">\n\t\t\t\t<p>El pasado jueves ten\u00eda lugar en la sala TOPIC (TOLOSA), la celebraci\u00f3n de la II Gala de los deportes de invierno donde la NKEF ha querido reconocer los resultados obtenidos a lo largo de la temporada de sus deportistas.<br \/>La Gala ha contado con la presencia de personalidades destacadas como Gorka Irurriaga (Director de Actividad F\u00edsica y Deporte del Gobierno vasco). Olatz legarza (Directora de de la fundaci\u00f3n Basque Team). Maria Jos\u00e9 telleria (Diputada de cultura,cooperaci\u00f3n, juventud y deportes), Frank Gonzalez (Presidente de la Real Federaci\u00f3n Espa\u00f1ola de Deportes de hielo), entre otros muchos que han querido estar presentes y compartir este momento con los deportistas de la NKEF.<br \/>.<br \/>En hielo los premiados han sido los siguientes:<br \/>.<br \/>CURLING:<br \/><br \/>1\ufe0f\u20e3 Mejor equipo femenino: Txuri Berri curling.<br \/>2\ufe0f\u20e3 Mejor equipo masculino: iparpolo.<br \/>3\ufe0f\u20e3 Mejor equipo Mixto: Txuri Berri Caf\u00e9s Aitona.<br \/>4\ufe0f\u20e3 Dobles mixtos: Mikel Unanue y Oihane Otaegi.<br \/>.<br \/>HOCKEY HIELO:<br \/><br \/>5\ufe0f\u20e3 Club Bipolo U18.<br \/>.<br \/>PATINAJE:<br \/><br \/>6\ufe0f\u20e3 Iker Oyarzabal, Naia Olaizola, Ayala S\u00e1ez de Maturana, Asier G\u00f3mez y Maialen Pardavila.<br \/>.<br \/>7\ufe0f\u20e3 Premio Mejor deportista Vasco de la temporada no encuadrado dentro de la estructura NKEF (Euken Alberdi)<br \/>.<br \/>SKELETON:<br \/><br \/>7\ufe0f\u20e3 Agurtzane castrillo.<br \/>.<br \/><br \/>Premiados Nieve:<br \/><br \/>ESQU\u00cd ALPINO CATEGORIAS INFERIORES.<br \/><br \/>8\ufe0f\u20e3 Martina Pineda, Oinatz Borobia, Carlota Navasa, Lier Borobia y Mencia M\u00e9ndez.<br \/>.<br \/>ESQU\u00cd ALPINO CATEGORIA ABSOLUTA (M\/H).<br \/><br \/>9\ufe0f\u20e3 Arrieta Rodriguez y June Garitano.<br \/>.<br \/>1\ufe0f\u20e30\ufe0f\u20e3 Juan del Campo y Aingeru Garay.<br \/>.<br \/>FONDO CATEGOR\u00cdAS INFERIORES:<br \/>.<br \/>1\ufe0f\u20e31\ufe0f\u20e3 Jurgi Irurieta, Alaia Juaristi, Peio A\u00f1arbe, Laia Azpilgain y June Aranburu.<br \/>.<br \/>ABSOLUTOS H:<br \/><br \/>1\ufe0f\u20e32\ufe0f\u20e3 Imanol Rojo.<br \/>.<br \/>SNOWBOARD FEMENINO:<br \/><br \/>1\ufe0f\u20e33\ufe0f\u20e3 Naia Aramendia.<br \/>.<br \/>SNOWBOARD MASCULINO:<br \/><br \/>1\ufe0f\u20e34\ufe0f\u20e3 Lucas Eguibar y \u00c1lvaro Romero.<br \/>.<br \/>FREESTYLE SKI:<br \/><br \/>1\ufe0f\u20e35\ufe0f\u20e3 Maialen Oiartzabal y Jorge Zufia.<br \/>.<br \/>FREESTYLE SNOW:<br \/><br \/>1\ufe0f\u20e36\ufe0f\u20e3 Izan Fern\u00e1ndez, Telmo Rodr\u00edguez y Lukas Olaizola.<br \/>.<br \/>MUSHING:<br \/>.<br \/>1\ufe0f\u20e37\ufe0f\u20e3 Andoni Isusi, Jon Gonz\u00e1lez, Iskander Rodr\u00edguez y Ekaitz Erauskin.<br \/>.<br \/>PREMIO MUJER Y DEPORTE MEJOR ENTRENADORA TEMPORADA 22\/23:<br \/><br \/>1\ufe0f\u20e38\ufe0f\u20e3 Irene Senac.<br \/>.<br \/>PREMIO MUJER Y DEPORTE MEJOR DEPORTISTA TEMPORADA 22\/23:<br \/><br \/>1\ufe0f\u20e39\ufe0f\u20e3 Irati Idiakez.<br \/>.<br \/>Zorionak a todos y todas.. \ud83d\udc4f\ud83d\udc4f<\/p>\t\t\t\t\t<\/div>\n\t\t\t\t\t\t<\/div>\n\t\t\t\t<\/div>\n\t\t\t\t<div class=\"elementor-element elementor-element-afcdcf5 elementor-widget-divider--view-line elementor-widget elementor-widget-divider\" data-id=\"afcdcf5\" data-element_type=\"widget\" data-widget_type=\"divider.default\">\n\t\t\t\t<div class=\"elementor-widget-container\">\n\t\t\t\t\t<div class=\"elementor-divider\">\n\t\t\t<span class=\"elementor-divider-separator\">\n\t\t\t\t\t\t<\/span>\n\t\t<\/div>\n\t\t\t\t<\/div>\n\t\t\t\t<\/div>\n\t\t\t\t<div class=\"elementor-element elementor-element-48ac687 elementor-widget elementor-widget-button\" data-id=\"48ac687\" data-element_type=\"widget\" data-widget_type=\"button.default\">\n\t\t\t\t<div class=\"elementor-widget-container\">\n\t\t\t\t\t<div class=\"elementor-button-wrapper\">\n\t\t\t<a href=\"https:\/\/nkef.eus\/eu\/index.php\/bwg_gallery\/nkef-ii-gala-de-los-deportes-de-invierno\/\" class=\"elementor-button-link elementor-button elementor-size-sm\" role=\"button\">\n\t\t\t\t\t\t<span class=\"elementor-button-content-wrapper\">\n\t\t\t\t\t\t<span class=\"elementor-button-text\">VER FOTOS DE  LA GALA - JULEN JUARISTI<\/span>\n\t\t<\/span>\n\t\t\t\t\t<\/a>\n\t\t<\/div>\n\t\t\t\t<\/div>\n\t\t\t\t<\/div>\n\t\t\t\t\t\t<\/div>\n\t\t\t\t\t<\/div>\n\t\t<\/div>\n\t\t\t\t\t\t\t\t<\/div>\n\t\t\t\t\t<\/div>\n\t\t<\/section>\n\t\t\t\t\t\t\t\t\t<\/div>\n\t\t\t<\/div>\n\t\t\t\t\t<\/div>","protected":false},"excerpt":{"rendered":"<p>II GALA DE LOS DEPORTES DE INVIERNO &#8211; NKEF El pasado jueves ten\u00eda lugar en la sala TOPIC (TOLOSA), la celebraci\u00f3n de la II Gala de los deportes de invierno donde la NKEF ha querido reconocer los resultados obtenidos a lo largo de la temporada de sus deportistas.La Gala ha contado con la presencia de [&hellip;]<\/p>","protected":false},"author":3,"featured_media":6608,"comment_status":"closed","ping_status":"closed","sticky":false,"template":"elementor_header_footer","format":"standard","meta":[],"categories":[18],"tags":[],"_links":{"self":[{"href":"https:\/\/nkef.eus\/eu\/index.php\/wp-json\/wp\/v2\/posts\/6645"}],"collection":[{"href":"https:\/\/nkef.eus\/eu\/index.php\/wp-json\/wp\/v2\/posts"}],"about":[{"href":"https:\/\/nkef.eus\/eu\/index.php\/wp-json\/wp\/v2\/types\/post"}],"author":[{"embeddable":true,"href":"https:\/\/nkef.eus\/eu\/index.php\/wp-json\/wp\/v2\/users\/3"}],"replies":[{"embeddable":true,"href":"https:\/\/nkef.eus\/eu\/index.php\/wp-json\/wp\/v2\/comments?post=6645"}],"version-history":[{"count":4,"href":"https:\/\/nkef.eus\/eu\/index.php\/wp-json\/wp\/v2\/posts\/6645\/revisions"}],"predecessor-version":[{"id":6649,"href":"https:\/\/nkef.eus\/eu\/index.php\/wp-json\/wp\/v2\/posts\/6645\/revisions\/6649"}],"wp:featuredmedia":[{"embeddable":true,"href":"https:\/\/nkef.eus\/eu\/index.php\/wp-json\/wp\/v2\/media\/6608"}],"wp:attachment":[{"href":"https:\/\/nkef.eus\/eu\/index.php\/wp-json\/wp\/v2\/media?parent=6645"}],"wp:term":[{"taxonomy":"category","embeddable":true,"href":"https:\/\/nkef.eus\/eu\/index.php\/wp-json\/wp\/v2\/categories?post=6645"},{"taxonomy":"post_tag","embeddable":true,"href":"https:\/\/nkef.eus\/eu\/index.php\/wp-json\/wp\/v2\/tags?post=6645"}],"curies":[{"name":"wp","href":"https:\/\/api.w.org\/{rel}","templated":true}]}}