{"id":659,"date":"2020-06-02T14:52:18","date_gmt":"2020-06-02T14:52:18","guid":{"rendered":"https:\/\/nkef.eus\/?p=659"},"modified":"2020-10-26T10:22:17","modified_gmt":"2020-10-26T10:22:17","slug":"naia-aramendia-seguimiento-rfedi","status":"publish","type":"post","link":"https:\/\/nkef.eus\/eu\/index.php\/2020\/06\/02\/naia-aramendia-seguimiento-rfedi\/","title":{"rendered":"NAIA ARAMENDIA &#8211; SEGUIMIENTO RFEDI"},"content":{"rendered":"<div data-elementor-type=\"wp-post\" data-elementor-id=\"659\" class=\"elementor elementor-659\">\n\t\t\t\t\t\t<div class=\"elementor-inner\">\n\t\t\t\t<div class=\"elementor-section-wrap\">\n\t\t\t\t\t\t\t\t\t<section class=\"elementor-section elementor-top-section elementor-element elementor-element-599c2e72 elementor-section-content-middle elementor-section-boxed elementor-section-height-default elementor-section-height-default\" data-id=\"599c2e72\" data-element_type=\"section\">\n\t\t\t\t\t\t<div class=\"elementor-container elementor-column-gap-no\">\n\t\t\t\t\t\t\t<div class=\"elementor-row\">\n\t\t\t\t\t<div class=\"elementor-column elementor-col-100 elementor-top-column elementor-element elementor-element-2f69d0d7\" data-id=\"2f69d0d7\" data-element_type=\"column\">\n\t\t\t<div class=\"elementor-column-wrap elementor-element-populated\">\n\t\t\t\t\t\t\t<div class=\"elementor-widget-wrap\">\n\t\t\t\t\t\t<div class=\"elementor-element elementor-element-45bb845c elementor-widget elementor-widget-heading\" data-id=\"45bb845c\" data-element_type=\"widget\" data-widget_type=\"heading.default\">\n\t\t\t\t<div class=\"elementor-widget-container\">\n\t\t\t<h4 class=\"elementor-heading-title elementor-size-default\">NAIA ARAMENDIA - SEGUIMIENTO RFEDI<\/h4>\t\t<\/div>\n\t\t\t\t<\/div>\n\t\t\t\t<div class=\"elementor-element elementor-element-18bd9f0c elementor-widget elementor-widget-text-editor\" data-id=\"18bd9f0c\" data-element_type=\"widget\" data-widget_type=\"text-editor.default\">\n\t\t\t\t<div class=\"elementor-widget-container\">\n\t\t\t\t\t\t\t\t<div class=\"elementor-text-editor elementor-clearfix\">\n\t\t\t\t<p>CONVOCATORIA SEGUIMIENTO SBX 7-8 MARZO KUEHTAI (AUSTRIA)<\/p><p>Naia Aramendia, deportista del Club Dalton e integrante de la Federaci\u00f3n Vasca de Deportes de Invierno @nkef_fvdi , ha sido convocada por la Real Federaci\u00f3n Espa\u00f1ola de Deportes de Invierno @rfedinv , para formar parte del programa de seguimiento de j\u00f3venes deportistas que consistir\u00e1 en convocatorias a entrenamientos y a competiciones internacionales. Tambi\u00e9n se realizar\u00e1 un plan de seguimiento en las competiciones del\u00a0Calendario RFEDI y FIS 2019\/20 para convocatorias durante la temporada de invierno<\/p><p>Zorionak Naia\u00a0\ud83d\udc4f\ud83d\udc4f\ud83d\udc4f\ud83d\udc4f<\/p>\t\t\t\t\t<\/div>\n\t\t\t\t\t\t<\/div>\n\t\t\t\t<\/div>\n\t\t\t\t\t\t<\/div>\n\t\t\t\t\t<\/div>\n\t\t<\/div>\n\t\t\t\t\t\t\t\t<\/div>\n\t\t\t\t\t<\/div>\n\t\t<\/section>\n\t\t\t\t\t\t\t\t\t<\/div>\n\t\t\t<\/div>\n\t\t\t\t\t<\/div>","protected":false},"excerpt":{"rendered":"<p>NAIA ARAMENDIA &#8211; SEGUIMIENTO RFEDI CONVOCATORIA SEGUIMIENTO SBX 7-8 MARZO KUEHTAI (AUSTRIA) Naia Aramendia, deportista del Club Dalton e integrante de la Federaci\u00f3n Vasca de Deportes de Invierno @nkef_fvdi , ha sido convocada por la Real Federaci\u00f3n Espa\u00f1ola de Deportes de Invierno @rfedinv , para formar parte del programa de seguimiento de j\u00f3venes deportistas que [&hellip;]<\/p>","protected":false},"author":2,"featured_media":660,"comment_status":"closed","ping_status":"closed","sticky":false,"template":"elementor_header_footer","format":"standard","meta":[],"categories":[19],"tags":[],"_links":{"self":[{"href":"https:\/\/nkef.eus\/eu\/index.php\/wp-json\/wp\/v2\/posts\/659"}],"collection":[{"href":"https:\/\/nkef.eus\/eu\/index.php\/wp-json\/wp\/v2\/posts"}],"about":[{"href":"https:\/\/nkef.eus\/eu\/index.php\/wp-json\/wp\/v2\/types\/post"}],"author":[{"embeddable":true,"href":"https:\/\/nkef.eus\/eu\/index.php\/wp-json\/wp\/v2\/users\/2"}],"replies":[{"embeddable":true,"href":"https:\/\/nkef.eus\/eu\/index.php\/wp-json\/wp\/v2\/comments?post=659"}],"version-history":[{"count":3,"href":"https:\/\/nkef.eus\/eu\/index.php\/wp-json\/wp\/v2\/posts\/659\/revisions"}],"predecessor-version":[{"id":1774,"href":"https:\/\/nkef.eus\/eu\/index.php\/wp-json\/wp\/v2\/posts\/659\/revisions\/1774"}],"wp:featuredmedia":[{"embeddable":true,"href":"https:\/\/nkef.eus\/eu\/index.php\/wp-json\/wp\/v2\/media\/660"}],"wp:attachment":[{"href":"https:\/\/nkef.eus\/eu\/index.php\/wp-json\/wp\/v2\/media?parent=659"}],"wp:term":[{"taxonomy":"category","embeddable":true,"href":"https:\/\/nkef.eus\/eu\/index.php\/wp-json\/wp\/v2\/categories?post=659"},{"taxonomy":"post_tag","embeddable":true,"href":"https:\/\/nkef.eus\/eu\/index.php\/wp-json\/wp\/v2\/tags?post=659"}],"curies":[{"name":"wp","href":"https:\/\/api.w.org\/{rel}","templated":true}]}}