{"id":6337,"date":"2023-05-02T07:54:35","date_gmt":"2023-05-02T07:54:35","guid":{"rendered":"https:\/\/nkef.eus\/?p=6337"},"modified":"2023-05-02T07:57:55","modified_gmt":"2023-05-02T07:57:55","slug":"cdh-bipolo-campeon-de-la-liga-nacional-de-hockey-hielo-u18","status":"publish","type":"post","link":"https:\/\/nkef.eus\/eu\/index.php\/2023\/05\/02\/cdh-bipolo-campeon-de-la-liga-nacional-de-hockey-hielo-u18\/","title":{"rendered":"CDH BIPOLO CAMPE\u00d3N DE LA LIGA NACIONAL DE HOCKEY HIELO U18"},"content":{"rendered":"<div data-elementor-type=\"wp-post\" data-elementor-id=\"6337\" class=\"elementor elementor-6337\">\n\t\t\t\t\t\t<div class=\"elementor-inner\">\n\t\t\t\t<div class=\"elementor-section-wrap\">\n\t\t\t\t\t\t\t\t\t<section class=\"elementor-section elementor-top-section elementor-element elementor-element-3666c416 elementor-section-content-middle elementor-section-boxed elementor-section-height-default elementor-section-height-default\" data-id=\"3666c416\" data-element_type=\"section\">\n\t\t\t\t\t\t<div class=\"elementor-container elementor-column-gap-no\">\n\t\t\t\t\t\t\t<div class=\"elementor-row\">\n\t\t\t\t\t<div class=\"elementor-column elementor-col-100 elementor-top-column elementor-element elementor-element-25dd0955\" data-id=\"25dd0955\" data-element_type=\"column\">\n\t\t\t<div class=\"elementor-column-wrap elementor-element-populated\">\n\t\t\t\t\t\t\t<div class=\"elementor-widget-wrap\">\n\t\t\t\t\t\t<div class=\"elementor-element elementor-element-7d03c063 elementor-widget elementor-widget-heading\" data-id=\"7d03c063\" data-element_type=\"widget\" data-widget_type=\"heading.default\">\n\t\t\t\t<div class=\"elementor-widget-container\">\n\t\t\t<h4 class=\"elementor-heading-title elementor-size-default\">CDH BIPOLO CAMPE\u00d3N DE LA LIGA NACIONAL DE HOCKEY HIELO U18<\/h4>\t\t<\/div>\n\t\t\t\t<\/div>\n\t\t\t\t<div class=\"elementor-element elementor-element-27c1702 elementor-widget elementor-widget-image\" data-id=\"27c1702\" data-element_type=\"widget\" data-widget_type=\"image.default\">\n\t\t\t\t<div class=\"elementor-widget-container\">\n\t\t\t\t\t\t\t\t<div class=\"elementor-image\">\n\t\t\t\t\t\t\t\t\t\t\t\t<img width=\"580\" height=\"326\" src=\"https:\/\/nkef.eus\/wp-content\/uploads\/2023\/05\/20230430_164028-1024x576.jpg\" class=\"attachment-large size-large\" alt=\"\" loading=\"lazy\" srcset=\"https:\/\/nkef.eus\/wp-content\/uploads\/2023\/05\/20230430_164028-1024x576.jpg 1024w, https:\/\/nkef.eus\/wp-content\/uploads\/2023\/05\/20230430_164028-300x169.jpg 300w, https:\/\/nkef.eus\/wp-content\/uploads\/2023\/05\/20230430_164028-768x432.jpg 768w, https:\/\/nkef.eus\/wp-content\/uploads\/2023\/05\/20230430_164028-1536x864.jpg 1536w, https:\/\/nkef.eus\/wp-content\/uploads\/2023\/05\/20230430_164028-2048x1152.jpg 2048w, https:\/\/nkef.eus\/wp-content\/uploads\/2023\/05\/20230430_164028-18x10.jpg 18w, https:\/\/nkef.eus\/wp-content\/uploads\/2023\/05\/20230430_164028-1200x675.jpg 1200w, https:\/\/nkef.eus\/wp-content\/uploads\/2023\/05\/20230430_164028-1980x1114.jpg 1980w\" sizes=\"(max-width: 580px) 100vw, 580px\" \/>\t\t\t\t\t\t\t\t\t\t\t\t\t\t<\/div>\n\t\t\t\t\t\t<\/div>\n\t\t\t\t<\/div>\n\t\t\t\t<div class=\"elementor-element elementor-element-4a302b4c elementor-widget elementor-widget-text-editor\" data-id=\"4a302b4c\" data-element_type=\"widget\" data-widget_type=\"text-editor.default\">\n\t\t\t\t<div class=\"elementor-widget-container\">\n\t\t\t\t\t\t\t\t<div class=\"elementor-text-editor elementor-clearfix\">\n\t\t\t\t<p><strong>El Bipolo sub-18 es campe\u00f3n de Espa\u00f1a<\/strong>. Y lo ha hecho en casa, la pista de hielo de Bakh, tras\u00a0<strong>superar al Bar\u00e7a en la final de liga<\/strong>. El equipo gasteiztarra super\u00f3 en los dos partidos al conjunto cul\u00e9 por 5-0 y 6-3 para alzarse con el t\u00edtulo de campe\u00f3n. Este \u00e9xito se suma al t\u00edtulo de Copa conseguido la temporada pasada.<\/p>\t\t\t\t\t<\/div>\n\t\t\t\t\t\t<\/div>\n\t\t\t\t<\/div>\n\t\t\t\t<div class=\"elementor-element elementor-element-375b54b elementor-widget elementor-widget-image\" data-id=\"375b54b\" data-element_type=\"widget\" data-widget_type=\"image.default\">\n\t\t\t\t<div class=\"elementor-widget-container\">\n\t\t\t\t\t\t\t\t<div class=\"elementor-image\">\n\t\t\t\t\t\t\t\t\t\t\t\t<img width=\"580\" height=\"326\" src=\"https:\/\/nkef.eus\/wp-content\/uploads\/2023\/05\/20230430_163901-1024x576.jpg\" class=\"attachment-large size-large\" alt=\"\" loading=\"lazy\" srcset=\"https:\/\/nkef.eus\/wp-content\/uploads\/2023\/05\/20230430_163901-1024x576.jpg 1024w, https:\/\/nkef.eus\/wp-content\/uploads\/2023\/05\/20230430_163901-300x169.jpg 300w, https:\/\/nkef.eus\/wp-content\/uploads\/2023\/05\/20230430_163901-768x432.jpg 768w, https:\/\/nkef.eus\/wp-content\/uploads\/2023\/05\/20230430_163901-1536x864.jpg 1536w, https:\/\/nkef.eus\/wp-content\/uploads\/2023\/05\/20230430_163901-2048x1152.jpg 2048w, https:\/\/nkef.eus\/wp-content\/uploads\/2023\/05\/20230430_163901-18x10.jpg 18w, https:\/\/nkef.eus\/wp-content\/uploads\/2023\/05\/20230430_163901-1200x675.jpg 1200w, https:\/\/nkef.eus\/wp-content\/uploads\/2023\/05\/20230430_163901-1980x1114.jpg 1980w\" sizes=\"(max-width: 580px) 100vw, 580px\" \/>\t\t\t\t\t\t\t\t\t\t\t\t\t\t<\/div>\n\t\t\t\t\t\t<\/div>\n\t\t\t\t<\/div>\n\t\t\t\t<div class=\"elementor-element elementor-element-d0ea517 elementor-widget elementor-widget-text-editor\" data-id=\"d0ea517\" data-element_type=\"widget\" data-widget_type=\"text-editor.default\">\n\t\t\t\t<div class=\"elementor-widget-container\">\n\t\t\t\t\t\t\t\t<div class=\"elementor-text-editor elementor-clearfix\">\n\t\t\t\t<p>Los vitorianos cierran una\u00a0<strong>temporada perfecta<\/strong>\u00a0con este t\u00edtulo liguero. Y es que el Bipolo sub-18 fue el mejor de la liga regular en la que jug\u00f3 contra nueve equipos. Adem\u00e1s, tambi\u00e9n domin\u00f3 el playoff para llegar hasta esta final en la que fueron muy superiores al Bar\u00e7a.<\/p><p>Pero el af\u00e1n de ganar del Bipolo no queda aqu\u00ed. Ahora, el equipo gasteiztarra quiere\u00a0<strong>redondear la temporada con el t\u00edtulo de Copa<\/strong>. Para ello, los j\u00f3venes vitorianos tienen que superar en semifinales al Majadahonda para verse las caras en la final con el Bar\u00e7a o Jaca. El torneo del KO se jugar\u00e1 este pr\u00f3ximo fin de semana en Madrid.<\/p>\t\t\t\t\t<\/div>\n\t\t\t\t\t\t<\/div>\n\t\t\t\t<\/div>\n\t\t\t\t\t\t<\/div>\n\t\t\t\t\t<\/div>\n\t\t<\/div>\n\t\t\t\t\t\t\t\t<\/div>\n\t\t\t\t\t<\/div>\n\t\t<\/section>\n\t\t\t\t\t\t\t\t\t<\/div>\n\t\t\t<\/div>\n\t\t\t\t\t<\/div>","protected":false},"excerpt":{"rendered":"<p>CDH BIPOLO CAMPE\u00d3N DE LA LIGA NACIONAL DE HOCKEY HIELO U18 El Bipolo sub-18 es campe\u00f3n de Espa\u00f1a. Y lo ha hecho en casa, la pista de hielo de Bakh, tras\u00a0superar al Bar\u00e7a en la final de liga. El equipo gasteiztarra super\u00f3 en los dos partidos al conjunto cul\u00e9 por 5-0 y 6-3 para alzarse [&hellip;]<\/p>","protected":false},"author":3,"featured_media":6340,"comment_status":"closed","ping_status":"closed","sticky":false,"template":"elementor_header_footer","format":"standard","meta":[],"categories":[13],"tags":[],"_links":{"self":[{"href":"https:\/\/nkef.eus\/eu\/index.php\/wp-json\/wp\/v2\/posts\/6337"}],"collection":[{"href":"https:\/\/nkef.eus\/eu\/index.php\/wp-json\/wp\/v2\/posts"}],"about":[{"href":"https:\/\/nkef.eus\/eu\/index.php\/wp-json\/wp\/v2\/types\/post"}],"author":[{"embeddable":true,"href":"https:\/\/nkef.eus\/eu\/index.php\/wp-json\/wp\/v2\/users\/3"}],"replies":[{"embeddable":true,"href":"https:\/\/nkef.eus\/eu\/index.php\/wp-json\/wp\/v2\/comments?post=6337"}],"version-history":[{"count":4,"href":"https:\/\/nkef.eus\/eu\/index.php\/wp-json\/wp\/v2\/posts\/6337\/revisions"}],"predecessor-version":[{"id":6344,"href":"https:\/\/nkef.eus\/eu\/index.php\/wp-json\/wp\/v2\/posts\/6337\/revisions\/6344"}],"wp:featuredmedia":[{"embeddable":true,"href":"https:\/\/nkef.eus\/eu\/index.php\/wp-json\/wp\/v2\/media\/6340"}],"wp:attachment":[{"href":"https:\/\/nkef.eus\/eu\/index.php\/wp-json\/wp\/v2\/media?parent=6337"}],"wp:term":[{"taxonomy":"category","embeddable":true,"href":"https:\/\/nkef.eus\/eu\/index.php\/wp-json\/wp\/v2\/categories?post=6337"},{"taxonomy":"post_tag","embeddable":true,"href":"https:\/\/nkef.eus\/eu\/index.php\/wp-json\/wp\/v2\/tags?post=6337"}],"curies":[{"name":"wp","href":"https:\/\/api.w.org\/{rel}","templated":true}]}}