{"id":5969,"date":"2022-12-19T08:43:05","date_gmt":"2022-12-19T08:43:05","guid":{"rendered":"https:\/\/nkef.eus\/?p=5969"},"modified":"2022-12-19T08:44:57","modified_gmt":"2022-12-19T08:44:57","slug":"lucas-eguibar-termina-en-cuarta-posicion-la-segunda-carrera-de-copa-del-mundo-en-cervinia","status":"publish","type":"post","link":"https:\/\/nkef.eus\/eu\/index.php\/2022\/12\/19\/lucas-eguibar-termina-en-cuarta-posicion-la-segunda-carrera-de-copa-del-mundo-en-cervinia\/","title":{"rendered":"Lucas Eguibar Termina en Cuarta Posici\u00f3n La Segunda Carrera De Copa Del Mundo En Cervinia"},"content":{"rendered":"<div data-elementor-type=\"wp-post\" data-elementor-id=\"5969\" class=\"elementor elementor-5969\">\n\t\t\t\t\t\t<div class=\"elementor-inner\">\n\t\t\t\t<div class=\"elementor-section-wrap\">\n\t\t\t\t\t\t\t\t\t<section class=\"elementor-section elementor-top-section elementor-element elementor-element-56f826d8 elementor-section-content-middle elementor-section-boxed elementor-section-height-default elementor-section-height-default\" data-id=\"56f826d8\" data-element_type=\"section\">\n\t\t\t\t\t\t<div class=\"elementor-container elementor-column-gap-no\">\n\t\t\t\t\t\t\t<div class=\"elementor-row\">\n\t\t\t\t\t<div class=\"elementor-column elementor-col-100 elementor-top-column elementor-element elementor-element-4afda91\" data-id=\"4afda91\" data-element_type=\"column\">\n\t\t\t<div class=\"elementor-column-wrap elementor-element-populated\">\n\t\t\t\t\t\t\t<div class=\"elementor-widget-wrap\">\n\t\t\t\t\t\t<div class=\"elementor-element elementor-element-2cb8aeeb elementor-widget elementor-widget-heading\" data-id=\"2cb8aeeb\" data-element_type=\"widget\" data-widget_type=\"heading.default\">\n\t\t\t\t<div class=\"elementor-widget-container\">\n\t\t\t<h4 class=\"elementor-heading-title elementor-size-default\">Lucas Eguibar Termina en Cuarta Posici\u00f3n La Segunda Carrera De Copa Del Mundo En Cervinia.<br><\/h4>\t\t<\/div>\n\t\t\t\t<\/div>\n\t\t\t\t<div class=\"elementor-element elementor-element-fe37655 elementor-widget elementor-widget-image\" data-id=\"fe37655\" data-element_type=\"widget\" data-widget_type=\"image.default\">\n\t\t\t\t<div class=\"elementor-widget-container\">\n\t\t\t\t\t\t\t\t<div class=\"elementor-image\">\n\t\t\t\t\t\t\t\t\t\t\t\t<img width=\"580\" height=\"580\" src=\"https:\/\/nkef.eus\/wp-content\/uploads\/2022\/12\/lucas-eguibar-1024x1024.png\" class=\"attachment-large size-large\" alt=\"\" loading=\"lazy\" srcset=\"https:\/\/nkef.eus\/wp-content\/uploads\/2022\/12\/lucas-eguibar-1024x1024.png 1024w, https:\/\/nkef.eus\/wp-content\/uploads\/2022\/12\/lucas-eguibar-300x300.png 300w, https:\/\/nkef.eus\/wp-content\/uploads\/2022\/12\/lucas-eguibar-150x150.png 150w, https:\/\/nkef.eus\/wp-content\/uploads\/2022\/12\/lucas-eguibar-768x768.png 768w, https:\/\/nkef.eus\/wp-content\/uploads\/2022\/12\/lucas-eguibar-12x12.png 12w, https:\/\/nkef.eus\/wp-content\/uploads\/2022\/12\/lucas-eguibar.png 1080w\" sizes=\"(max-width: 580px) 100vw, 580px\" \/>\t\t\t\t\t\t\t\t\t\t\t\t\t\t<\/div>\n\t\t\t\t\t\t<\/div>\n\t\t\t\t<\/div>\n\t\t\t\t<div class=\"elementor-element elementor-element-0ff270e elementor-widget-divider--view-line elementor-widget elementor-widget-divider\" data-id=\"0ff270e\" data-element_type=\"widget\" data-widget_type=\"divider.default\">\n\t\t\t\t<div class=\"elementor-widget-container\">\n\t\t\t\t\t<div class=\"elementor-divider\">\n\t\t\t<span class=\"elementor-divider-separator\">\n\t\t\t\t\t\t<\/span>\n\t\t<\/div>\n\t\t\t\t<\/div>\n\t\t\t\t<\/div>\n\t\t\t\t<div class=\"elementor-element elementor-element-13213e13 elementor-widget elementor-widget-text-editor\" data-id=\"13213e13\" data-element_type=\"widget\" data-widget_type=\"text-editor.default\">\n\t\t\t\t<div class=\"elementor-widget-container\">\n\t\t\t\t\t\t\t\t<div class=\"elementor-text-editor elementor-clearfix\">\n\t\t\t\t<table width=\"100%\"><tbody><tr><td><table style=\"height: 32px;\" width=\"206\"><tbody><tr><td width=\"600\"><p>Lucas Eguibar sigue acumulando puntos importantes de cara a mantenerse en los puestos de cabeza en la general de la Copa del Mundo. En la primera carrera de las dos disputadas este fin de semana en Cervinia, una ca\u00edda producida por un toque con un contrincante impidi\u00f3 a Lucas meterse en la gran final. Hoy, sin embargo, el deportista NKEF becado por la fundaci\u00f3n Basque Team ha podido llegar hasta la \u00faltima fase de la prueba. Parece que los dolores de espalda que ha sufrido el \u00faltimo a\u00f1o y medio han quedado atr\u00e1s y la forma f\u00edsica de Lucas permite so\u00f1ar con una temporada fruc\u00edfera.<br \/><br \/><\/p><p>Hoy en dieciseisavos de final Lucas no ha tenido problemas para pasar en primera posisici\u00f3n a la siguiente ronda. El donostiarra ha sido primero, por delante del austriaco David Pickl y de los canadienses Williams Scott y Tristan Bell. Los octavos de final han sido algo m\u00e1s peliagudos. En algunos tramos del trazado parec\u00eda que Lucas iba a terminar derribado, como ya pas\u00f3 ayer, pero ha sabido solventar la situaci\u00f3n y mantener el equilibrio para acceder a la siguiente ronda en segunda posici\u00f3n, junto al franc\u00e9s Loan Bozzolo, dejando fuera al estadounidense Tyler Hamel y al austriaco David Pickl.<br \/><br \/><\/p><p>Los cuartos de final han puesto los pelos de punta a los y las espectadoras que han seguido en directo la carrera.\u00a0 Lucas ha competido en la \u00faltima manga, la cuarta, midiendo fuerzas con pesos pesados del cuadro masculino: Loan Bozzolo y los austriacos Luca y Alessandro Haemmerle. Lucas ha quedado en cuarta posici\u00f3n en la salida pero tratando de recuperar posiciones, en un lance de la carrera, ha tocado levemente con la parte posterior de la tabla a Alessandro Haemmerle y le ha derribado. A partir de ah\u00ed se ha colocado en segunda posici\u00f3n y ha conseguido avanzar junto a Bozzolo. Los jueces han entendido que no ha sido una acci\u00f3n intencionada por parte de Eguibar, y le han otorgado la clasificaci\u00f3n.<\/p><p>El siguiente escal\u00f3n a superar, las semifinales, tambi\u00e9n han estado llenas de emoci\u00f3n. Lucas Eguibar se ha colocado cuarto, pero bas\u00e1ndose en su t\u00e9cnica y ganando terreno con grandes saltos, ha tenido la cabeza fr\u00eda y se ha mantenido con inteligencia a rebufo para buscar un hueco. Loan Bozzolo ha pasado en primera posici\u00f3n a la gran final, Lucas lo ha hecho en la segunda, mientras que el franc\u00e9s Ken Vuagnoux y el austriaco Julian Lueftner han quedado eliminados.<\/p><p>En la gran final, tal y como ha hecho en los cuartos y en semifinales, Lucas se ha quedado atr\u00e1s para analizar la situaci\u00f3n. Ha gestionado bien la carrera, pero en la parte media del trazado, se ha desequilibrado y ha salido despedido. El podio en la carrera de hoy lo han completado Loan Bozzolo, el alem\u00e1n Martin Noerl y el suizo Kalle Koblet. El cuarto puesto deja un sabor agridulce al rider donostiarra, que sin embargo, sigue cosechando puntos para continuar en la lucha por el Globo de Cristal.<br \/>\u00a0<br \/>La de hoy ha sido la segunda final para Lucas Eguibar en las tres carreras disputadas hasta el momento en la Copa del Mundo.\u00a0 En la Copa del Mundo de Les Deux Alpes fue cuarto, en la primera carrera de Cervinia noveno, y hoy ha vuelto a repetir cuarta posici\u00f3n. En la general de la Copa del Mundo marcha en la sexta plaza, con 129 puntos.<\/p><p>\u00c1lvaro Romero, por su parte, termin\u00f3 en el puesto 28 en la carrera de ayer y hoy lo ha hecho en el puesto 17, ya que ha superado los dieciseisavos y se ha metido en octavos de final. El joven becado de Basque Team\/NKEF contin\u00faa con su progresi\u00f3n ocupa la plaza 30 en la general, con 17 puntos.<\/p><p>\u00a0<\/p><\/td><\/tr><\/tbody><\/table><\/td><\/tr><\/tbody><\/table>\t\t\t\t\t<\/div>\n\t\t\t\t\t\t<\/div>\n\t\t\t\t<\/div>\n\t\t\t\t\t\t<\/div>\n\t\t\t\t\t<\/div>\n\t\t<\/div>\n\t\t\t\t\t\t\t\t<\/div>\n\t\t\t\t\t<\/div>\n\t\t<\/section>\n\t\t\t\t\t\t\t\t\t<\/div>\n\t\t\t<\/div>\n\t\t\t\t\t<\/div>","protected":false},"excerpt":{"rendered":"<p>Lucas Eguibar Termina en Cuarta Posici\u00f3n La Segunda Carrera De Copa Del Mundo En Cervinia. Lucas Eguibar sigue acumulando puntos importantes de cara a mantenerse en los puestos de cabeza en la general de la Copa del Mundo. En la primera carrera de las dos disputadas este fin de semana en Cervinia, una ca\u00edda producida [&hellip;]<\/p>","protected":false},"author":3,"featured_media":5970,"comment_status":"closed","ping_status":"closed","sticky":false,"template":"elementor_header_footer","format":"standard","meta":[],"categories":[19],"tags":[],"_links":{"self":[{"href":"https:\/\/nkef.eus\/eu\/index.php\/wp-json\/wp\/v2\/posts\/5969"}],"collection":[{"href":"https:\/\/nkef.eus\/eu\/index.php\/wp-json\/wp\/v2\/posts"}],"about":[{"href":"https:\/\/nkef.eus\/eu\/index.php\/wp-json\/wp\/v2\/types\/post"}],"author":[{"embeddable":true,"href":"https:\/\/nkef.eus\/eu\/index.php\/wp-json\/wp\/v2\/users\/3"}],"replies":[{"embeddable":true,"href":"https:\/\/nkef.eus\/eu\/index.php\/wp-json\/wp\/v2\/comments?post=5969"}],"version-history":[{"count":4,"href":"https:\/\/nkef.eus\/eu\/index.php\/wp-json\/wp\/v2\/posts\/5969\/revisions"}],"predecessor-version":[{"id":5974,"href":"https:\/\/nkef.eus\/eu\/index.php\/wp-json\/wp\/v2\/posts\/5969\/revisions\/5974"}],"wp:featuredmedia":[{"embeddable":true,"href":"https:\/\/nkef.eus\/eu\/index.php\/wp-json\/wp\/v2\/media\/5970"}],"wp:attachment":[{"href":"https:\/\/nkef.eus\/eu\/index.php\/wp-json\/wp\/v2\/media?parent=5969"}],"wp:term":[{"taxonomy":"category","embeddable":true,"href":"https:\/\/nkef.eus\/eu\/index.php\/wp-json\/wp\/v2\/categories?post=5969"},{"taxonomy":"post_tag","embeddable":true,"href":"https:\/\/nkef.eus\/eu\/index.php\/wp-json\/wp\/v2\/tags?post=5969"}],"curies":[{"name":"wp","href":"https:\/\/api.w.org\/{rel}","templated":true}]}}