{"id":5897,"date":"2022-11-08T10:42:37","date_gmt":"2022-11-08T10:42:37","guid":{"rendered":"https:\/\/nkef.eus\/?p=5897"},"modified":"2022-11-08T11:07:06","modified_gmt":"2022-11-08T11:07:06","slug":"harrikada-bertako-se-proclama-campeon-de-euskadi-en-el-ii-euskadiko-curling-txapelketa","status":"publish","type":"post","link":"https:\/\/nkef.eus\/eu\/index.php\/2022\/11\/08\/harrikada-bertako-se-proclama-campeon-de-euskadi-en-el-ii-euskadiko-curling-txapelketa\/","title":{"rendered":"Harrikada Bertako se proclama Campe\u00f3n de Euskadi en el II Euskadiko Curling Txapelketa"},"content":{"rendered":"<div data-elementor-type=\"wp-post\" data-elementor-id=\"5897\" class=\"elementor elementor-5897\">\n\t\t\t\t\t\t<div class=\"elementor-inner\">\n\t\t\t\t<div class=\"elementor-section-wrap\">\n\t\t\t\t\t\t\t\t\t<section class=\"elementor-section elementor-top-section elementor-element elementor-element-57b793c7 elementor-section-content-middle elementor-section-boxed elementor-section-height-default elementor-section-height-default\" data-id=\"57b793c7\" data-element_type=\"section\">\n\t\t\t\t\t\t<div class=\"elementor-container elementor-column-gap-no\">\n\t\t\t\t\t\t\t<div class=\"elementor-row\">\n\t\t\t\t\t<div class=\"elementor-column elementor-col-100 elementor-top-column elementor-element elementor-element-7d526e92\" data-id=\"7d526e92\" data-element_type=\"column\">\n\t\t\t<div class=\"elementor-column-wrap elementor-element-populated\">\n\t\t\t\t\t\t\t<div class=\"elementor-widget-wrap\">\n\t\t\t\t\t\t<div class=\"elementor-element elementor-element-725a8d4 elementor-widget elementor-widget-heading\" data-id=\"725a8d4\" data-element_type=\"widget\" data-widget_type=\"heading.default\">\n\t\t\t\t<div class=\"elementor-widget-container\">\n\t\t\t<h4 class=\"elementor-heading-title elementor-size-default\">Harrikada Bertako se proclama Campe\u00f3n de Euskadi en el II Euskadiko Curling Txapelketa<\/h4>\t\t<\/div>\n\t\t\t\t<\/div>\n\t\t\t\t<div class=\"elementor-element elementor-element-0d47556 elementor-widget elementor-widget-image\" data-id=\"0d47556\" data-element_type=\"widget\" data-widget_type=\"image.default\">\n\t\t\t\t<div class=\"elementor-widget-container\">\n\t\t\t\t\t\t\t\t<div class=\"elementor-image\">\n\t\t\t\t\t\t\t\t\t\t\t\t<img width=\"580\" height=\"387\" src=\"https:\/\/nkef.eus\/wp-content\/uploads\/2022\/11\/DSC_0363-1024x683.jpg\" class=\"attachment-large size-large\" alt=\"\" loading=\"lazy\" srcset=\"https:\/\/nkef.eus\/wp-content\/uploads\/2022\/11\/DSC_0363-1024x683.jpg 1024w, https:\/\/nkef.eus\/wp-content\/uploads\/2022\/11\/DSC_0363-300x200.jpg 300w, https:\/\/nkef.eus\/wp-content\/uploads\/2022\/11\/DSC_0363-768x512.jpg 768w, https:\/\/nkef.eus\/wp-content\/uploads\/2022\/11\/DSC_0363-1536x1024.jpg 1536w, https:\/\/nkef.eus\/wp-content\/uploads\/2022\/11\/DSC_0363-2048x1365.jpg 2048w, https:\/\/nkef.eus\/wp-content\/uploads\/2022\/11\/DSC_0363-18x12.jpg 18w, https:\/\/nkef.eus\/wp-content\/uploads\/2022\/11\/DSC_0363-1200x800.jpg 1200w, https:\/\/nkef.eus\/wp-content\/uploads\/2022\/11\/DSC_0363-1980x1320.jpg 1980w\" sizes=\"(max-width: 580px) 100vw, 580px\" \/>\t\t\t\t\t\t\t\t\t\t\t\t\t\t<\/div>\n\t\t\t\t\t\t<\/div>\n\t\t\t\t<\/div>\n\t\t\t\t<div class=\"elementor-element elementor-element-6bd2b5c0 elementor-widget elementor-widget-text-editor\" data-id=\"6bd2b5c0\" data-element_type=\"widget\" data-widget_type=\"text-editor.default\">\n\t\t\t\t<div class=\"elementor-widget-container\">\n\t\t\t\t\t\t\t\t<div class=\"elementor-text-editor elementor-clearfix\">\n\t\t\t\t<p>CH Jaca ha resultado vencedor absoluto del II Campeonato de Euskadi de Curling celebrado en Jaca del 4 al 6 de noviembre, ante la imposibilidad de poder disputarlo en las pistas de hielo del Pa\u00eds Vasco. El podium lo han completado Harrikada Bertako, proclamandose as\u00ed como Campe\u00f3n de Euskadi, y CHP Autom\u00f3viles Serrablo.<br \/><br \/>El podium vasco ha quedado de la siguiente forma: primer puesto para Harrikada Bertako (compuesto por Iraitz P\u00e9rez de Goldarazena, Eneko S\u00e1ez de Oc\u00e1riz, Javier Carasa e I\u00f1igo Ruiz de Egu\u00edlaz), segundo puesto para Harrikada Lacturale (Josu Perlacia, Lydia Garaigordobil, Pablo L\u00f3pez y Estrella Labarta) y tercer puesto para Harrikada Barratxi (Jose Carasa, Rub\u00e9n Mart\u00ednez, Josemi Vall\u00e9s, To\u00f1i Rodr\u00edguez y Joseba S\u00e1ez de Oc\u00e1riz).<br \/><br \/>El Campeonato arranc\u00f3 el viernes 4 de noviembre con dos grupos en los que se jugaba un round-robin (todos los equipo juegan contra todos). En el grupo A Harrikada Bertako quedaba invicto tras jugar contra CHP Autom\u00f3viles Serrablo, Jacetania CC, Harrikada Barratxi y Txuri-Berri (que un problema de salud de \u00faltima hora hizo que el equipo Donostiarra no viajase a Jaca). Mientras que en el grupo B la clasificaci\u00f3n era m\u00e1s ajustada dejando a CH Jaca como primera de grupo con los mismos puntos que Harrikada Lacturale, seguidos de Rioja Curling Club, la Selecci\u00f3n Nacional Femenina (que contin\u00faa su preparaci\u00f3n para el Europeo que disputar\u00e1n en Suecia a finales de noviembre) y Harrikada Arroyo.<br \/><br \/>Tras los cruces de play-off donde Harrikada Lacturale se impon\u00eda a Jacetania CC y CHP Autom\u00f3viles Serrablo a Rioja Curling Club se disputaban el domingo a primera hora las semifinales entre Harrikada Bertako que ganaba a Harrikada Lacturale por 8 a 4. Mientras que en la otra, CH Jaca se impon\u00eda a CHP Autom\u00f3viles Serrablo por 9 a 6.<br \/><br \/>Por \u00faltimo se disputaba la final entre CH Jaca y Harrikada Bertako. Final muy ajustada que se decid\u00eda en la \u00faltima piedra del partido dando la victoria al equipo de Jaca.<br \/><br \/>Imponi\u00e9ndose por otro lado CHP Autom\u00f3viles Serrablo a Harrikada Lacturales por 7 a 4, para quedar en tercer lugar de la clasificaci\u00f3n general y obteniendo el bronce.<br \/><br \/>Con este fin de semana de competici\u00f3n se retoma el Campeonato de Euskadi, despu\u00e9s no haberse disputado m\u00e1s ediciones que la de 2006, con clara intenci\u00f3n de continuidad y de que sea una cita importante para los equipos de Euskadi dentro del calendario de curling actual.<br \/><br \/><\/p>\t\t\t\t\t<\/div>\n\t\t\t\t\t\t<\/div>\n\t\t\t\t<\/div>\n\t\t\t\t<div class=\"elementor-element elementor-element-65cbacb elementor-widget-divider--view-line elementor-widget elementor-widget-divider\" data-id=\"65cbacb\" data-element_type=\"widget\" data-widget_type=\"divider.default\">\n\t\t\t\t<div class=\"elementor-widget-container\">\n\t\t\t\t\t<div class=\"elementor-divider\">\n\t\t\t<span class=\"elementor-divider-separator\">\n\t\t\t\t\t\t<\/span>\n\t\t<\/div>\n\t\t\t\t<\/div>\n\t\t\t\t<\/div>\n\t\t\t\t<div class=\"elementor-element elementor-element-02f0037 elementor-align-center elementor-widget elementor-widget-button\" data-id=\"02f0037\" data-element_type=\"widget\" data-widget_type=\"button.default\">\n\t\t\t\t<div class=\"elementor-widget-container\">\n\t\t\t\t\t<div class=\"elementor-button-wrapper\">\n\t\t\t<a href=\"https:\/\/nkef.eus\/eu\/index.php\/bwg_gallery\/album-de-fotos-ii-campeonato-de-euskadi-de-curling\/\" class=\"elementor-button-link elementor-button elementor-size-sm\" role=\"button\">\n\t\t\t\t\t\t<span class=\"elementor-button-content-wrapper\">\n\t\t\t\t\t\t<span class=\"elementor-button-text\">\u00c1lbum de Im\u00e1genes - Autor: Jos\u00e9 Ignacio Carasa Cruz<\/span>\n\t\t<\/span>\n\t\t\t\t\t<\/a>\n\t\t<\/div>\n\t\t\t\t<\/div>\n\t\t\t\t<\/div>\n\t\t\t\t\t\t<\/div>\n\t\t\t\t\t<\/div>\n\t\t<\/div>\n\t\t\t\t\t\t\t\t<\/div>\n\t\t\t\t\t<\/div>\n\t\t<\/section>\n\t\t\t\t\t\t\t\t\t<\/div>\n\t\t\t<\/div>\n\t\t\t\t\t<\/div>","protected":false},"excerpt":{"rendered":"<p>Harrikada Bertako se proclama Campe\u00f3n de Euskadi en el II Euskadiko Curling Txapelketa CH Jaca ha resultado vencedor absoluto del II Campeonato de Euskadi de Curling celebrado en Jaca del 4 al 6 de noviembre, ante la imposibilidad de poder disputarlo en las pistas de hielo del Pa\u00eds Vasco. El podium lo han completado Harrikada [&hellip;]<\/p>","protected":false},"author":3,"featured_media":5899,"comment_status":"closed","ping_status":"closed","sticky":false,"template":"elementor_header_footer","format":"standard","meta":[],"categories":[8],"tags":[],"_links":{"self":[{"href":"https:\/\/nkef.eus\/eu\/index.php\/wp-json\/wp\/v2\/posts\/5897"}],"collection":[{"href":"https:\/\/nkef.eus\/eu\/index.php\/wp-json\/wp\/v2\/posts"}],"about":[{"href":"https:\/\/nkef.eus\/eu\/index.php\/wp-json\/wp\/v2\/types\/post"}],"author":[{"embeddable":true,"href":"https:\/\/nkef.eus\/eu\/index.php\/wp-json\/wp\/v2\/users\/3"}],"replies":[{"embeddable":true,"href":"https:\/\/nkef.eus\/eu\/index.php\/wp-json\/wp\/v2\/comments?post=5897"}],"version-history":[{"count":16,"href":"https:\/\/nkef.eus\/eu\/index.php\/wp-json\/wp\/v2\/posts\/5897\/revisions"}],"predecessor-version":[{"id":5919,"href":"https:\/\/nkef.eus\/eu\/index.php\/wp-json\/wp\/v2\/posts\/5897\/revisions\/5919"}],"wp:featuredmedia":[{"embeddable":true,"href":"https:\/\/nkef.eus\/eu\/index.php\/wp-json\/wp\/v2\/media\/5899"}],"wp:attachment":[{"href":"https:\/\/nkef.eus\/eu\/index.php\/wp-json\/wp\/v2\/media?parent=5897"}],"wp:term":[{"taxonomy":"category","embeddable":true,"href":"https:\/\/nkef.eus\/eu\/index.php\/wp-json\/wp\/v2\/categories?post=5897"},{"taxonomy":"post_tag","embeddable":true,"href":"https:\/\/nkef.eus\/eu\/index.php\/wp-json\/wp\/v2\/tags?post=5897"}],"curies":[{"name":"wp","href":"https:\/\/api.w.org\/{rel}","templated":true}]}}