{"id":5805,"date":"2022-10-25T09:07:54","date_gmt":"2022-10-25T09:07:54","guid":{"rendered":"https:\/\/nkef.eus\/?p=5805"},"modified":"2022-12-26T11:27:21","modified_gmt":"2022-12-26T11:27:21","slug":"el-tradicional-catalunya-euskadi-de-hockey-hielo-vuelve-esta-navidad","status":"publish","type":"post","link":"https:\/\/nkef.eus\/eu\/index.php\/2022\/10\/25\/el-tradicional-catalunya-euskadi-de-hockey-hielo-vuelve-esta-navidad\/","title":{"rendered":"El tradicional Catalunya-Euskadi de hockey hielo vuelve esta Navidad"},"content":{"rendered":"<div data-elementor-type=\"wp-post\" data-elementor-id=\"5805\" class=\"elementor elementor-5805\">\n\t\t\t\t\t\t<div class=\"elementor-inner\">\n\t\t\t\t<div class=\"elementor-section-wrap\">\n\t\t\t\t\t\t\t\t\t<section class=\"elementor-section elementor-top-section elementor-element elementor-element-607f6da3 elementor-section-content-middle elementor-section-boxed elementor-section-height-default elementor-section-height-default\" data-id=\"607f6da3\" data-element_type=\"section\">\n\t\t\t\t\t\t<div class=\"elementor-container elementor-column-gap-no\">\n\t\t\t\t\t\t\t<div class=\"elementor-row\">\n\t\t\t\t\t<div class=\"elementor-column elementor-col-100 elementor-top-column elementor-element elementor-element-222f4662\" data-id=\"222f4662\" data-element_type=\"column\">\n\t\t\t<div class=\"elementor-column-wrap elementor-element-populated\">\n\t\t\t\t\t\t\t<div class=\"elementor-widget-wrap\">\n\t\t\t\t\t\t<div class=\"elementor-element elementor-element-40ddeff0 elementor-widget elementor-widget-heading\" data-id=\"40ddeff0\" data-element_type=\"widget\" data-widget_type=\"heading.default\">\n\t\t\t\t<div class=\"elementor-widget-container\">\n\t\t\t<h4 class=\"elementor-heading-title elementor-size-default\">El tradicional Catalunya-Euskadi de hockey hielo vuelve esta Navidad<\/h4>\t\t<\/div>\n\t\t\t\t<\/div>\n\t\t\t\t<div class=\"elementor-element elementor-element-073f54e elementor-widget elementor-widget-image\" data-id=\"073f54e\" data-element_type=\"widget\" data-widget_type=\"image.default\">\n\t\t\t\t<div class=\"elementor-widget-container\">\n\t\t\t\t\t\t\t\t<div class=\"elementor-image\">\n\t\t\t\t\t\t\t\t\t\t\t\t<img width=\"580\" height=\"820\" src=\"https:\/\/nkef.eus\/wp-content\/uploads\/2022\/10\/CARTEL-EN-EUSKERA-768x1086.jpg\" class=\"attachment-medium_large size-medium_large\" alt=\"\" loading=\"lazy\" srcset=\"https:\/\/nkef.eus\/wp-content\/uploads\/2022\/10\/CARTEL-EN-EUSKERA-768x1086.jpg 768w, https:\/\/nkef.eus\/wp-content\/uploads\/2022\/10\/CARTEL-EN-EUSKERA-212x300.jpg 212w, https:\/\/nkef.eus\/wp-content\/uploads\/2022\/10\/CARTEL-EN-EUSKERA-724x1024.jpg 724w, https:\/\/nkef.eus\/wp-content\/uploads\/2022\/10\/CARTEL-EN-EUSKERA-1086x1536.jpg 1086w, https:\/\/nkef.eus\/wp-content\/uploads\/2022\/10\/CARTEL-EN-EUSKERA-1448x2048.jpg 1448w, https:\/\/nkef.eus\/wp-content\/uploads\/2022\/10\/CARTEL-EN-EUSKERA-8x12.jpg 8w, https:\/\/nkef.eus\/wp-content\/uploads\/2022\/10\/CARTEL-EN-EUSKERA-1200x1697.jpg 1200w, https:\/\/nkef.eus\/wp-content\/uploads\/2022\/10\/CARTEL-EN-EUSKERA-1980x2801.jpg 1980w, https:\/\/nkef.eus\/wp-content\/uploads\/2022\/10\/CARTEL-EN-EUSKERA-scaled.jpg 1810w\" sizes=\"(max-width: 580px) 100vw, 580px\" \/>\t\t\t\t\t\t\t\t\t\t\t\t\t\t<\/div>\n\t\t\t\t\t\t<\/div>\n\t\t\t\t<\/div>\n\t\t\t\t<div class=\"elementor-element elementor-element-3b6a4a6 elementor-widget-divider--view-line elementor-widget elementor-widget-divider\" data-id=\"3b6a4a6\" data-element_type=\"widget\" data-widget_type=\"divider.default\">\n\t\t\t\t<div class=\"elementor-widget-container\">\n\t\t\t\t\t<div class=\"elementor-divider\">\n\t\t\t<span class=\"elementor-divider-separator\">\n\t\t\t\t\t\t<\/span>\n\t\t<\/div>\n\t\t\t\t<\/div>\n\t\t\t\t<\/div>\n\t\t\t\t<div class=\"elementor-element elementor-element-67835f3 elementor-widget elementor-widget-text-editor\" data-id=\"67835f3\" data-element_type=\"widget\" data-widget_type=\"text-editor.default\">\n\t\t\t\t<div class=\"elementor-widget-container\">\n\t\t\t\t\t\t\t\t<div class=\"elementor-text-editor elementor-clearfix\">\n\t\t\t\t<h6 style=\"text-align: center;\"><span style=\"color: #0000ff;\">Cinco a\u00f1os despu\u00e9s de celebrarse la \u00faltima edici\u00f3n, las dos potencias del hockey hielo estatal volver\u00e1n a verse las caras el pr\u00f3ximo 28 de diciembre de 2022 en la pista de hielo de Puigcerd\u00e0. Las entradas de los partidos de la selecci\u00f3n masculina y femenina ya pueden adquirirse en la p\u00e1gina web de la FCEH.<\/span><\/h6>\t\t\t\t\t<\/div>\n\t\t\t\t\t\t<\/div>\n\t\t\t\t<\/div>\n\t\t\t\t<div class=\"elementor-element elementor-element-7fe482f elementor-widget-divider--view-line elementor-widget elementor-widget-divider\" data-id=\"7fe482f\" data-element_type=\"widget\" data-widget_type=\"divider.default\">\n\t\t\t\t<div class=\"elementor-widget-container\">\n\t\t\t\t\t<div class=\"elementor-divider\">\n\t\t\t<span class=\"elementor-divider-separator\">\n\t\t\t\t\t\t<\/span>\n\t\t<\/div>\n\t\t\t\t<\/div>\n\t\t\t\t<\/div>\n\t\t\t\t<div class=\"elementor-element elementor-element-1ee58a6a elementor-widget elementor-widget-text-editor\" data-id=\"1ee58a6a\" data-element_type=\"widget\" data-widget_type=\"text-editor.default\">\n\t\t\t\t<div class=\"elementor-widget-container\">\n\t\t\t\t\t\t\t\t<div class=\"elementor-text-editor elementor-clearfix\">\n\t\t\t\t<p>En un signo m\u00e1s de retorno a la normalidad previa a la pandemia, despu\u00e9s del aplazamiento del partido el a\u00f1o pasado por las restricciones de prevenci\u00f3n de la Covid-19, el pr\u00f3ximo 28 de diciembre la pista de hielo de Puigcerd\u00e0 acoger\u00e1 un nuevo choque entre las selecciones de Catalunya y Euskadi de hockey hielo. Un duelo con cierta tradici\u00f3n detr\u00e1s que ahora hac\u00eda cuatro a\u00f1os que no ten\u00eda lugar. El \u00faltimo fue en 2017, tambi\u00e9n en Puigcerd\u00e0, con victoria catalana. Con la organizaci\u00f3n de la Federaci\u00f3 Catalana d\u2019Esports d\u2019Hivern (FCEH) y el apoyo de las instituciones y entidades locales, las fiestas navide\u00f1as volver\u00e1n a contar con un partido entre dos selecciones amigas y con potente arraigo social y deportivo en el hockey hielo estatal. Y es que se espera que buena parte de los jugadores que conformen las plantillas de los equipos masculino y femenino sean del C.G. Puigcerd\u00e0 y el FC Barcelona, en el caso de Catalunya, y del CHH Txuri-Urdin, en cuanto al Pa\u00eds Vasco. Puigcerd\u00e0 vivir\u00e1 un mi\u00e9rcoles de ambiente festivo donde el hockey hielo, protagonista habitual de la vida cotidiana de la zona, ser\u00e1 el gran reclamo. La jornada contar\u00e1 con la celebraci\u00f3n de dos partidos \u2013masculino y femenino\u2013, el horario y orden de los cuales est\u00e1 pendiente de confirmaci\u00f3n. Las entradas para la doble cita del 28 de diciembre ya est\u00e1n a la venta en la p\u00e1gina web de la FCEH, a un precio promocional que incrementar\u00e1 ligeramente m\u00e1s adelante, en funci\u00f3n del mes en que se adquieran. Adem\u00e1s de las entradas para cada partido, tambi\u00e9n se puede adquirir el pack Todo en 1, que incluye el acceso a los dos partidos por un precio m\u00e1s econ\u00f3mico.<\/p>\t\t\t\t\t<\/div>\n\t\t\t\t\t\t<\/div>\n\t\t\t\t<\/div>\n\t\t\t\t<div class=\"elementor-element elementor-element-81aa531 elementor-widget elementor-widget-image\" data-id=\"81aa531\" data-element_type=\"widget\" data-widget_type=\"image.default\">\n\t\t\t\t<div class=\"elementor-widget-container\">\n\t\t\t\t\t\t\t\t<div class=\"elementor-image\">\n\t\t\t\t\t\t\t\t\t\t\t\t<img width=\"580\" height=\"387\" src=\"https:\/\/nkef.eus\/wp-content\/uploads\/2022\/10\/FOTO-1024x684.jpg\" class=\"attachment-large size-large\" alt=\"\" loading=\"lazy\" srcset=\"https:\/\/nkef.eus\/wp-content\/uploads\/2022\/10\/FOTO-1024x684.jpg 1024w, https:\/\/nkef.eus\/wp-content\/uploads\/2022\/10\/FOTO-300x200.jpg 300w, https:\/\/nkef.eus\/wp-content\/uploads\/2022\/10\/FOTO-768x513.jpg 768w, https:\/\/nkef.eus\/wp-content\/uploads\/2022\/10\/FOTO-1536x1025.jpg 1536w, https:\/\/nkef.eus\/wp-content\/uploads\/2022\/10\/FOTO-18x12.jpg 18w, https:\/\/nkef.eus\/wp-content\/uploads\/2022\/10\/FOTO-1200x801.jpg 1200w, https:\/\/nkef.eus\/wp-content\/uploads\/2022\/10\/FOTO-1980x1322.jpg 1980w, https:\/\/nkef.eus\/wp-content\/uploads\/2022\/10\/FOTO.jpg 2000w\" sizes=\"(max-width: 580px) 100vw, 580px\" \/>\t\t\t\t\t\t\t\t\t\t\t\t\t\t<\/div>\n\t\t\t\t\t\t<\/div>\n\t\t\t\t<\/div>\n\t\t\t\t<div class=\"elementor-element elementor-element-f5e5c0a elementor-widget elementor-widget-text-editor\" data-id=\"f5e5c0a\" data-element_type=\"widget\" data-widget_type=\"text-editor.default\">\n\t\t\t\t<div class=\"elementor-widget-container\">\n\t\t\t\t\t\t\t\t<div class=\"elementor-text-editor elementor-clearfix\">\n\t\t\t\t<p>El cara a cara, favorable a Catalunya 2008 fue el a\u00f1o de estreno de este enfrentamiento, en Vitoria-Gasteiz, con victoria catalana por 3-5. No obstante, no fue el debut oficial de la selecci\u00f3n, que inici\u00f3 su camino en 2003 con un duelo ante el combinado de B\u00e9lgica. Desde entonces, el balance entre Catalunya y Euskadi es favorable a los primeros por tres victorias a una, adem\u00e1s de un empate.<\/p>\t\t\t\t\t<\/div>\n\t\t\t\t\t\t<\/div>\n\t\t\t\t<\/div>\n\t\t\t\t<section class=\"elementor-section elementor-inner-section elementor-element elementor-element-fd86090 elementor-section-boxed elementor-section-height-default elementor-section-height-default\" data-id=\"fd86090\" data-element_type=\"section\">\n\t\t\t\t\t\t<div class=\"elementor-container elementor-column-gap-default\">\n\t\t\t\t\t\t\t<div class=\"elementor-row\">\n\t\t\t\t\t<div class=\"elementor-column elementor-col-50 elementor-inner-column elementor-element elementor-element-c043f9f\" data-id=\"c043f9f\" data-element_type=\"column\">\n\t\t\t<div class=\"elementor-column-wrap elementor-element-populated\">\n\t\t\t\t\t\t\t<div class=\"elementor-widget-wrap\">\n\t\t\t\t\t\t<div class=\"elementor-element elementor-element-64e5eca elementor-align-center elementor-widget elementor-widget-button\" data-id=\"64e5eca\" data-element_type=\"widget\" data-widget_type=\"button.default\">\n\t\t\t\t<div class=\"elementor-widget-container\">\n\t\t\t\t\t<div class=\"elementor-button-wrapper\">\n\t\t\t<a href=\"https:\/\/fceh.playoffinformatica.com\/ErrorPage.php\" class=\"elementor-button-link elementor-button elementor-size-sm\" role=\"button\">\n\t\t\t\t\t\t<span class=\"elementor-button-content-wrapper\">\n\t\t\t\t\t\t<span class=\"elementor-button-text\">COMPRAR ENTRADA<\/span>\n\t\t<\/span>\n\t\t\t\t\t<\/a>\n\t\t<\/div>\n\t\t\t\t<\/div>\n\t\t\t\t<\/div>\n\t\t\t\t\t\t<\/div>\n\t\t\t\t\t<\/div>\n\t\t<\/div>\n\t\t\t\t<div class=\"elementor-column elementor-col-50 elementor-inner-column elementor-element elementor-element-f650939\" data-id=\"f650939\" data-element_type=\"column\">\n\t\t\t<div class=\"elementor-column-wrap elementor-element-populated\">\n\t\t\t\t\t\t\t<div class=\"elementor-widget-wrap\">\n\t\t\t\t\t\t<div class=\"elementor-element elementor-element-6c7ff7f elementor-align-center elementor-widget elementor-widget-button\" data-id=\"6c7ff7f\" data-element_type=\"widget\" data-widget_type=\"button.default\">\n\t\t\t\t<div class=\"elementor-widget-container\">\n\t\t\t\t\t<div class=\"elementor-button-wrapper\">\n\t\t\t<a href=\"https:\/\/www.fceh.cat\/el-partit-catalunya-euskadi\/\" class=\"elementor-button-link elementor-button elementor-size-sm\" role=\"button\">\n\t\t\t\t\t\t<span class=\"elementor-button-content-wrapper\">\n\t\t\t\t\t\t<span class=\"elementor-button-text\">INFORMACI\u00d3N DEL PARTIDO<\/span>\n\t\t<\/span>\n\t\t\t\t\t<\/a>\n\t\t<\/div>\n\t\t\t\t<\/div>\n\t\t\t\t<\/div>\n\t\t\t\t\t\t<\/div>\n\t\t\t\t\t<\/div>\n\t\t<\/div>\n\t\t\t\t\t\t\t\t<\/div>\n\t\t\t\t\t<\/div>\n\t\t<\/section>\n\t\t\t\t<div class=\"elementor-element elementor-element-2e2a16d elementor-align-center elementor-widget elementor-widget-button\" data-id=\"2e2a16d\" data-element_type=\"widget\" data-widget_type=\"button.default\">\n\t\t\t\t<div class=\"elementor-widget-container\">\n\t\t\t\t\t<div class=\"elementor-button-wrapper\">\n\t\t\t<a href=\"https:\/\/nkef.eus\/wp-content\/uploads\/2022\/12\/CONVOCATORIA-DEFINITIVA-EUSK-CAT-2022.xlsx\" class=\"elementor-button-link elementor-button elementor-size-sm\" role=\"button\">\n\t\t\t\t\t\t<span class=\"elementor-button-content-wrapper\">\n\t\t\t\t\t\t<span class=\"elementor-button-text\">CONVOCATORIA MASCULINA Y FEMENINA<\/span>\n\t\t<\/span>\n\t\t\t\t\t<\/a>\n\t\t<\/div>\n\t\t\t\t<\/div>\n\t\t\t\t<\/div>\n\t\t\t\t<div class=\"elementor-element elementor-element-20425e5 elementor-widget-divider--view-line elementor-widget elementor-widget-divider\" data-id=\"20425e5\" data-element_type=\"widget\" data-widget_type=\"divider.default\">\n\t\t\t\t<div class=\"elementor-widget-container\">\n\t\t\t\t\t<div class=\"elementor-divider\">\n\t\t\t<span class=\"elementor-divider-separator\">\n\t\t\t\t\t\t<\/span>\n\t\t<\/div>\n\t\t\t\t<\/div>\n\t\t\t\t<\/div>\n\t\t\t\t\t\t<\/div>\n\t\t\t\t\t<\/div>\n\t\t<\/div>\n\t\t\t\t\t\t\t\t<\/div>\n\t\t\t\t\t<\/div>\n\t\t<\/section>\n\t\t\t\t\t\t\t\t\t<\/div>\n\t\t\t<\/div>\n\t\t\t\t\t<\/div>","protected":false},"excerpt":{"rendered":"<p>El tradicional Catalunya-Euskadi de hockey hielo vuelve esta Navidad Cinco a\u00f1os despu\u00e9s de celebrarse la \u00faltima edici\u00f3n, las dos potencias del hockey hielo estatal volver\u00e1n a verse las caras el pr\u00f3ximo 28 de diciembre de 2022 en la pista de hielo de Puigcerd\u00e0. Las entradas de los partidos de la selecci\u00f3n masculina y femenina ya [&hellip;]<\/p>","protected":false},"author":3,"featured_media":5808,"comment_status":"closed","ping_status":"closed","sticky":false,"template":"elementor_header_footer","format":"standard","meta":[],"categories":[13],"tags":[],"_links":{"self":[{"href":"https:\/\/nkef.eus\/eu\/index.php\/wp-json\/wp\/v2\/posts\/5805"}],"collection":[{"href":"https:\/\/nkef.eus\/eu\/index.php\/wp-json\/wp\/v2\/posts"}],"about":[{"href":"https:\/\/nkef.eus\/eu\/index.php\/wp-json\/wp\/v2\/types\/post"}],"author":[{"embeddable":true,"href":"https:\/\/nkef.eus\/eu\/index.php\/wp-json\/wp\/v2\/users\/3"}],"replies":[{"embeddable":true,"href":"https:\/\/nkef.eus\/eu\/index.php\/wp-json\/wp\/v2\/comments?post=5805"}],"version-history":[{"count":7,"href":"https:\/\/nkef.eus\/eu\/index.php\/wp-json\/wp\/v2\/posts\/5805\/revisions"}],"predecessor-version":[{"id":5993,"href":"https:\/\/nkef.eus\/eu\/index.php\/wp-json\/wp\/v2\/posts\/5805\/revisions\/5993"}],"wp:featuredmedia":[{"embeddable":true,"href":"https:\/\/nkef.eus\/eu\/index.php\/wp-json\/wp\/v2\/media\/5808"}],"wp:attachment":[{"href":"https:\/\/nkef.eus\/eu\/index.php\/wp-json\/wp\/v2\/media?parent=5805"}],"wp:term":[{"taxonomy":"category","embeddable":true,"href":"https:\/\/nkef.eus\/eu\/index.php\/wp-json\/wp\/v2\/categories?post=5805"},{"taxonomy":"post_tag","embeddable":true,"href":"https:\/\/nkef.eus\/eu\/index.php\/wp-json\/wp\/v2\/tags?post=5805"}],"curies":[{"name":"wp","href":"https:\/\/api.w.org\/{rel}","templated":true}]}}