{"id":5767,"date":"2022-10-03T10:49:47","date_gmt":"2022-10-03T10:49:47","guid":{"rendered":"https:\/\/nkef.eus\/?p=5767"},"modified":"2022-10-03T10:56:26","modified_gmt":"2022-10-03T10:56:26","slug":"daniela-garcia-y-nicholas-shaw-campeones-de-espana-de-curling-dobles-mixtos-2a-division","status":"publish","type":"post","link":"https:\/\/nkef.eus\/eu\/index.php\/2022\/10\/03\/daniela-garcia-y-nicholas-shaw-campeones-de-espana-de-curling-dobles-mixtos-2a-division\/","title":{"rendered":"DANIELA GARC\u00cdA Y NICHOLAS SHAW CAMPEONES DE ESPA\u00d1A DE CURLING DOBLES MIXTOS 2\u00aa DIVISI\u00d3N"},"content":{"rendered":"<div data-elementor-type=\"wp-post\" data-elementor-id=\"5767\" class=\"elementor elementor-5767\">\n\t\t\t\t\t\t<div class=\"elementor-inner\">\n\t\t\t\t<div class=\"elementor-section-wrap\">\n\t\t\t\t\t\t\t\t\t<section class=\"elementor-section elementor-top-section elementor-element elementor-element-57adca6b elementor-section-content-middle elementor-section-boxed elementor-section-height-default elementor-section-height-default\" data-id=\"57adca6b\" data-element_type=\"section\">\n\t\t\t\t\t\t<div class=\"elementor-container elementor-column-gap-no\">\n\t\t\t\t\t\t\t<div class=\"elementor-row\">\n\t\t\t\t\t<div class=\"elementor-column elementor-col-100 elementor-top-column elementor-element elementor-element-29f2760e\" data-id=\"29f2760e\" data-element_type=\"column\">\n\t\t\t<div class=\"elementor-column-wrap elementor-element-populated\">\n\t\t\t\t\t\t\t<div class=\"elementor-widget-wrap\">\n\t\t\t\t\t\t<div class=\"elementor-element elementor-element-19fcec82 elementor-widget elementor-widget-heading\" data-id=\"19fcec82\" data-element_type=\"widget\" data-widget_type=\"heading.default\">\n\t\t\t\t<div class=\"elementor-widget-container\">\n\t\t\t<h4 class=\"elementor-heading-title elementor-size-default\">DANIELA GARC\u00cdA Y NICHOLAS SHAW CAMPEONES DE ESPA\u00d1A DE CURLING DOBLES MIXTOS 2\u00aa DIVISI\u00d3N<\/h4>\t\t<\/div>\n\t\t\t\t<\/div>\n\t\t\t\t<div class=\"elementor-element elementor-element-02b33de elementor-widget elementor-widget-image\" data-id=\"02b33de\" data-element_type=\"widget\" data-widget_type=\"image.default\">\n\t\t\t\t<div class=\"elementor-widget-container\">\n\t\t\t\t\t\t\t\t<div class=\"elementor-image\">\n\t\t\t\t\t\t\t\t\t\t\t\t<img width=\"580\" height=\"580\" src=\"https:\/\/nkef.eus\/wp-content\/uploads\/2022\/10\/IMG_20221002_215756_746.webp\" class=\"attachment-large size-large\" alt=\"\" loading=\"lazy\" srcset=\"https:\/\/nkef.eus\/wp-content\/uploads\/2022\/10\/IMG_20221002_215756_746.webp 891w, https:\/\/nkef.eus\/wp-content\/uploads\/2022\/10\/IMG_20221002_215756_746-300x300.webp 300w, https:\/\/nkef.eus\/wp-content\/uploads\/2022\/10\/IMG_20221002_215756_746-150x150.webp 150w, https:\/\/nkef.eus\/wp-content\/uploads\/2022\/10\/IMG_20221002_215756_746-768x768.webp 768w, https:\/\/nkef.eus\/wp-content\/uploads\/2022\/10\/IMG_20221002_215756_746-12x12.webp 12w\" sizes=\"(max-width: 580px) 100vw, 580px\" \/>\t\t\t\t\t\t\t\t\t\t\t\t\t\t<\/div>\n\t\t\t\t\t\t<\/div>\n\t\t\t\t<\/div>\n\t\t\t\t<div class=\"elementor-element elementor-element-5ff8226b elementor-widget elementor-widget-text-editor\" data-id=\"5ff8226b\" data-element_type=\"widget\" data-widget_type=\"text-editor.default\">\n\t\t\t\t<div class=\"elementor-widget-container\">\n\t\t\t\t\t\t\t\t<div class=\"elementor-text-editor elementor-clearfix\">\n\t\t\t\t<p>Daniela Garc\u00eda y Nicholas Shaw (Txuri-Berri \/ NKEF), se proclaman campeones de Espa\u00f1a de curling dobles mixtos 2\u00aa divisi\u00f3n y logran el ascenso a la m\u00e1xima categor\u00eda.<\/p><p>Torralva &#8211; Sang\u00fcesa\/ JVA logran la medalla de plata y tambi\u00e9n ascienden a la m\u00e1xima categor\u00eda.<\/p><p>El tercer lugar lo han ocupado Aurora y Aleksei \/JACA.<\/p>\t\t\t\t\t<\/div>\n\t\t\t\t\t\t<\/div>\n\t\t\t\t<\/div>\n\t\t\t\t\t\t<\/div>\n\t\t\t\t\t<\/div>\n\t\t<\/div>\n\t\t\t\t\t\t\t\t<\/div>\n\t\t\t\t\t<\/div>\n\t\t<\/section>\n\t\t\t\t\t\t\t\t\t<\/div>\n\t\t\t<\/div>\n\t\t\t\t\t<\/div>","protected":false},"excerpt":{"rendered":"<p>DANIELA GARC\u00cdA Y NICHOLAS SHAW CAMPEONES DE ESPA\u00d1A DE CURLING DOBLES MIXTOS 2\u00aa DIVISI\u00d3N Daniela Garc\u00eda y Nicholas Shaw (Txuri-Berri \/ NKEF), se proclaman campeones de Espa\u00f1a de curling dobles mixtos 2\u00aa divisi\u00f3n y logran el ascenso a la m\u00e1xima categor\u00eda. Torralva &#8211; Sang\u00fcesa\/ JVA logran la medalla de plata y tambi\u00e9n ascienden a la [&hellip;]<\/p>","protected":false},"author":3,"featured_media":5766,"comment_status":"closed","ping_status":"closed","sticky":false,"template":"elementor_header_footer","format":"standard","meta":[],"categories":[8],"tags":[],"_links":{"self":[{"href":"https:\/\/nkef.eus\/eu\/index.php\/wp-json\/wp\/v2\/posts\/5767"}],"collection":[{"href":"https:\/\/nkef.eus\/eu\/index.php\/wp-json\/wp\/v2\/posts"}],"about":[{"href":"https:\/\/nkef.eus\/eu\/index.php\/wp-json\/wp\/v2\/types\/post"}],"author":[{"embeddable":true,"href":"https:\/\/nkef.eus\/eu\/index.php\/wp-json\/wp\/v2\/users\/3"}],"replies":[{"embeddable":true,"href":"https:\/\/nkef.eus\/eu\/index.php\/wp-json\/wp\/v2\/comments?post=5767"}],"version-history":[{"count":4,"href":"https:\/\/nkef.eus\/eu\/index.php\/wp-json\/wp\/v2\/posts\/5767\/revisions"}],"predecessor-version":[{"id":5771,"href":"https:\/\/nkef.eus\/eu\/index.php\/wp-json\/wp\/v2\/posts\/5767\/revisions\/5771"}],"wp:featuredmedia":[{"embeddable":true,"href":"https:\/\/nkef.eus\/eu\/index.php\/wp-json\/wp\/v2\/media\/5766"}],"wp:attachment":[{"href":"https:\/\/nkef.eus\/eu\/index.php\/wp-json\/wp\/v2\/media?parent=5767"}],"wp:term":[{"taxonomy":"category","embeddable":true,"href":"https:\/\/nkef.eus\/eu\/index.php\/wp-json\/wp\/v2\/categories?post=5767"},{"taxonomy":"post_tag","embeddable":true,"href":"https:\/\/nkef.eus\/eu\/index.php\/wp-json\/wp\/v2\/tags?post=5767"}],"curies":[{"name":"wp","href":"https:\/\/api.w.org\/{rel}","templated":true}]}}