{"id":5593,"date":"2022-07-06T07:40:00","date_gmt":"2022-07-06T07:40:00","guid":{"rendered":"https:\/\/nkef.eus\/?p=5593"},"modified":"2022-07-08T09:31:56","modified_gmt":"2022-07-08T09:31:56","slug":"espana-conquista-el-oro-en-el-mundial-u18-femenino-de-hockey-hielo","status":"publish","type":"post","link":"https:\/\/nkef.eus\/eu\/index.php\/2022\/07\/06\/espana-conquista-el-oro-en-el-mundial-u18-femenino-de-hockey-hielo\/","title":{"rendered":"Espa\u00f1a conquista el oro en el Mundial U18 femenino de hockey hielo"},"content":{"rendered":"<div data-elementor-type=\"wp-post\" data-elementor-id=\"5593\" class=\"elementor elementor-5593\">\n\t\t\t\t\t\t<div class=\"elementor-inner\">\n\t\t\t\t<div class=\"elementor-section-wrap\">\n\t\t\t\t\t\t\t\t\t<section class=\"elementor-section elementor-top-section elementor-element elementor-element-58d0eb90 elementor-section-content-middle elementor-section-boxed elementor-section-height-default elementor-section-height-default\" data-id=\"58d0eb90\" data-element_type=\"section\">\n\t\t\t\t\t\t<div class=\"elementor-container elementor-column-gap-no\">\n\t\t\t\t\t\t\t<div class=\"elementor-row\">\n\t\t\t\t\t<div class=\"elementor-column elementor-col-100 elementor-top-column elementor-element elementor-element-7bbebada\" data-id=\"7bbebada\" data-element_type=\"column\">\n\t\t\t<div class=\"elementor-column-wrap elementor-element-populated\">\n\t\t\t\t\t\t\t<div class=\"elementor-widget-wrap\">\n\t\t\t\t\t\t<div class=\"elementor-element elementor-element-6c488411 elementor-widget elementor-widget-heading\" data-id=\"6c488411\" data-element_type=\"widget\" data-widget_type=\"heading.default\">\n\t\t\t\t<div class=\"elementor-widget-container\">\n\t\t\t<h4 class=\"elementor-heading-title elementor-size-default\">Espa\u00f1a conquista el oro en el Mundial U18 femenino de hockey hielo<\/h4>\t\t<\/div>\n\t\t\t\t<\/div>\n\t\t\t\t<div class=\"elementor-element elementor-element-776202f elementor-widget elementor-widget-image\" data-id=\"776202f\" data-element_type=\"widget\" data-widget_type=\"image.default\">\n\t\t\t\t<div class=\"elementor-widget-container\">\n\t\t\t\t\t\t\t\t<div class=\"elementor-image\">\n\t\t\t\t\t\t\t\t\t<figure class=\"wp-caption\">\n\t\t\t\t\t\t\t\t\t\t<img width=\"2560\" height=\"1440\" src=\"https:\/\/nkef.eus\/wp-content\/uploads\/2022\/07\/AWARD-CEREMONI2022-IIHF-U18-WOMEN_S-CHAMP-@TBHFORGTR-16-1-scaled.jpg\" class=\"attachment-full size-full\" alt=\"\" loading=\"lazy\" srcset=\"https:\/\/nkef.eus\/wp-content\/uploads\/2022\/07\/AWARD-CEREMONI2022-IIHF-U18-WOMEN_S-CHAMP-@TBHFORGTR-16-1-scaled.jpg 2560w, https:\/\/nkef.eus\/wp-content\/uploads\/2022\/07\/AWARD-CEREMONI2022-IIHF-U18-WOMEN_S-CHAMP-@TBHFORGTR-16-1-300x169.jpg 300w, https:\/\/nkef.eus\/wp-content\/uploads\/2022\/07\/AWARD-CEREMONI2022-IIHF-U18-WOMEN_S-CHAMP-@TBHFORGTR-16-1-1024x576.jpg 1024w, https:\/\/nkef.eus\/wp-content\/uploads\/2022\/07\/AWARD-CEREMONI2022-IIHF-U18-WOMEN_S-CHAMP-@TBHFORGTR-16-1-768x432.jpg 768w, https:\/\/nkef.eus\/wp-content\/uploads\/2022\/07\/AWARD-CEREMONI2022-IIHF-U18-WOMEN_S-CHAMP-@TBHFORGTR-16-1-1536x864.jpg 1536w, https:\/\/nkef.eus\/wp-content\/uploads\/2022\/07\/AWARD-CEREMONI2022-IIHF-U18-WOMEN_S-CHAMP-@TBHFORGTR-16-1-2048x1152.jpg 2048w, https:\/\/nkef.eus\/wp-content\/uploads\/2022\/07\/AWARD-CEREMONI2022-IIHF-U18-WOMEN_S-CHAMP-@TBHFORGTR-16-1-18x10.jpg 18w, https:\/\/nkef.eus\/wp-content\/uploads\/2022\/07\/AWARD-CEREMONI2022-IIHF-U18-WOMEN_S-CHAMP-@TBHFORGTR-16-1-1200x675.jpg 1200w, https:\/\/nkef.eus\/wp-content\/uploads\/2022\/07\/AWARD-CEREMONI2022-IIHF-U18-WOMEN_S-CHAMP-@TBHFORGTR-16-1-1980x1114.jpg 1980w\" sizes=\"(max-width: 2560px) 100vw, 2560px\" \/>\t\t\t\t\t\t\t\t\t\t\t<figcaption class=\"widget-image-caption wp-caption-text\">Espa\u00f1a sigue mostrando su gran proyecci\u00f3n a nivel internacional tras lograr esta noche la medalla de oro en el Mundial U18 femenino de hockey hielo de la Divisi\u00f3n II. El equipo dirigido por Harry Rosenholtz ha terminado el certamen imbatido, con un balance de 26 goles a favor y solo 2 en contra que demuestra su dominio durante el torneo. En la final celebrada esta noche, la selecci\u00f3n se ha impuesto a Gran Breta\u00f1a por 3-1, certificando el t\u00edtulo otorgado por la International Ice Hockey Federation (IIHF).<\/figcaption>\n\t\t\t\t\t\t\t\t\t\t<\/figure>\n\t\t\t\t\t\t\t\t<\/div>\n\t\t\t\t\t\t<\/div>\n\t\t\t\t<\/div>\n\t\t\t\t<div class=\"elementor-element elementor-element-7c5cd1f elementor-widget-divider--view-line elementor-widget elementor-widget-divider\" data-id=\"7c5cd1f\" data-element_type=\"widget\" data-widget_type=\"divider.default\">\n\t\t\t\t<div class=\"elementor-widget-container\">\n\t\t\t\t\t<div class=\"elementor-divider\">\n\t\t\t<span class=\"elementor-divider-separator\">\n\t\t\t\t\t\t<\/span>\n\t\t<\/div>\n\t\t\t\t<\/div>\n\t\t\t\t<\/div>\n\t\t\t\t<div class=\"elementor-element elementor-element-84aa950 elementor-widget elementor-widget-text-editor\" data-id=\"84aa950\" data-element_type=\"widget\" data-widget_type=\"text-editor.default\">\n\t\t\t\t<div class=\"elementor-widget-container\">\n\t\t\t\t\t\t\t\t<div class=\"elementor-text-editor elementor-clearfix\">\n\t\t\t\t<p><span style=\"color: #000000;\">En el Mundial, celebrado en el Zeytinburnu Rink de Estambul (Turqu\u00eda), Espa\u00f1a ha superado dos etapas antes de disputar el partido por el oro. En la fase de grupos, el equipo nacional venci\u00f3 a Islandia (11-0) y Australia (1-4), accediendo a la lucha por las medallas. En un nuevo cuadro junto a Gran Breta\u00f1a y Holanda, dos goleadas por 4-0 manten\u00edan firme la candidatura al oro, que esta noche se ha certificado tras la victoria ante las brit\u00e1nicas.&nbsp;<\/span><\/p>\n<p><span style=\"color: #000000;\">Mar\u00eda Sierra (portera) y Bridget O&#8217;hare (defensa) han sido nominadas en el equipo ideal de la competici\u00f3n, mientras que Claudia Castellanos (9 goles) y Haizea Fern\u00e1ndez de Romarategui (5 goles) han terminado en el Top3 de goleadoras del campeonato. Para Espa\u00f1a, este oro supone el segundo consecutivo en un Mundial, tras alzarse con el t\u00edtulo de la Divisi\u00f3n IIB en febrero de 2020. Este resultado para Espa\u00f1a se traduce en un ascenso a la Divisi\u00f3n IB.<\/span><\/p>\t\t\t\t\t<\/div>\n\t\t\t\t\t\t<\/div>\n\t\t\t\t<\/div>\n\t\t\t\t<section class=\"elementor-section elementor-inner-section elementor-element elementor-element-e87ac21 elementor-section-boxed elementor-section-height-default elementor-section-height-default\" data-id=\"e87ac21\" data-element_type=\"section\">\n\t\t\t\t\t\t<div class=\"elementor-container elementor-column-gap-default\">\n\t\t\t\t\t\t\t<div class=\"elementor-row\">\n\t\t\t\t\t<div class=\"elementor-column elementor-col-50 elementor-inner-column elementor-element elementor-element-5b5dfb3\" data-id=\"5b5dfb3\" data-element_type=\"column\">\n\t\t\t<div class=\"elementor-column-wrap elementor-element-populated\">\n\t\t\t\t\t\t\t<div class=\"elementor-widget-wrap\">\n\t\t\t\t\t\t<div class=\"elementor-element elementor-element-d1a1c77 elementor-widget elementor-widget-image\" data-id=\"d1a1c77\" data-element_type=\"widget\" data-widget_type=\"image.default\">\n\t\t\t\t<div class=\"elementor-widget-container\">\n\t\t\t\t\t\t\t\t<div class=\"elementor-image\">\n\t\t\t\t\t\t\t\t\t\t\t\t<img width=\"580\" height=\"387\" src=\"https:\/\/nkef.eus\/wp-content\/uploads\/2022\/07\/AWARD-CEREMONI2022-IIHF-U18-WOMEN_S-CHAMP-@TBHFORGTR-43-1024x683.jpg\" class=\"attachment-large size-large\" alt=\"\" loading=\"lazy\" srcset=\"https:\/\/nkef.eus\/wp-content\/uploads\/2022\/07\/AWARD-CEREMONI2022-IIHF-U18-WOMEN_S-CHAMP-@TBHFORGTR-43-1024x683.jpg 1024w, https:\/\/nkef.eus\/wp-content\/uploads\/2022\/07\/AWARD-CEREMONI2022-IIHF-U18-WOMEN_S-CHAMP-@TBHFORGTR-43-300x200.jpg 300w, https:\/\/nkef.eus\/wp-content\/uploads\/2022\/07\/AWARD-CEREMONI2022-IIHF-U18-WOMEN_S-CHAMP-@TBHFORGTR-43-768x512.jpg 768w, https:\/\/nkef.eus\/wp-content\/uploads\/2022\/07\/AWARD-CEREMONI2022-IIHF-U18-WOMEN_S-CHAMP-@TBHFORGTR-43-1536x1024.jpg 1536w, https:\/\/nkef.eus\/wp-content\/uploads\/2022\/07\/AWARD-CEREMONI2022-IIHF-U18-WOMEN_S-CHAMP-@TBHFORGTR-43-2048x1365.jpg 2048w, https:\/\/nkef.eus\/wp-content\/uploads\/2022\/07\/AWARD-CEREMONI2022-IIHF-U18-WOMEN_S-CHAMP-@TBHFORGTR-43-18x12.jpg 18w, https:\/\/nkef.eus\/wp-content\/uploads\/2022\/07\/AWARD-CEREMONI2022-IIHF-U18-WOMEN_S-CHAMP-@TBHFORGTR-43-1200x800.jpg 1200w, https:\/\/nkef.eus\/wp-content\/uploads\/2022\/07\/AWARD-CEREMONI2022-IIHF-U18-WOMEN_S-CHAMP-@TBHFORGTR-43-1980x1320.jpg 1980w\" sizes=\"(max-width: 580px) 100vw, 580px\" \/>\t\t\t\t\t\t\t\t\t\t\t\t\t\t<\/div>\n\t\t\t\t\t\t<\/div>\n\t\t\t\t<\/div>\n\t\t\t\t\t\t<\/div>\n\t\t\t\t\t<\/div>\n\t\t<\/div>\n\t\t\t\t<div class=\"elementor-column elementor-col-50 elementor-inner-column elementor-element elementor-element-3025610\" data-id=\"3025610\" data-element_type=\"column\">\n\t\t\t<div class=\"elementor-column-wrap elementor-element-populated\">\n\t\t\t\t\t\t\t<div class=\"elementor-widget-wrap\">\n\t\t\t\t\t\t<div class=\"elementor-element elementor-element-1f539d7 elementor-widget elementor-widget-image\" data-id=\"1f539d7\" data-element_type=\"widget\" data-widget_type=\"image.default\">\n\t\t\t\t<div class=\"elementor-widget-container\">\n\t\t\t\t\t\t\t\t<div class=\"elementor-image\">\n\t\t\t\t\t\t\t\t\t\t\t\t<img width=\"580\" height=\"387\" src=\"https:\/\/nkef.eus\/wp-content\/uploads\/2022\/07\/AWARD-CEREMONI2022-IIHF-U18-WOMEN_S-CHAMP-@TBHFORGTR-36-1024x683.jpg\" class=\"attachment-large size-large\" alt=\"\" loading=\"lazy\" srcset=\"https:\/\/nkef.eus\/wp-content\/uploads\/2022\/07\/AWARD-CEREMONI2022-IIHF-U18-WOMEN_S-CHAMP-@TBHFORGTR-36-1024x683.jpg 1024w, https:\/\/nkef.eus\/wp-content\/uploads\/2022\/07\/AWARD-CEREMONI2022-IIHF-U18-WOMEN_S-CHAMP-@TBHFORGTR-36-300x200.jpg 300w, https:\/\/nkef.eus\/wp-content\/uploads\/2022\/07\/AWARD-CEREMONI2022-IIHF-U18-WOMEN_S-CHAMP-@TBHFORGTR-36-768x512.jpg 768w, https:\/\/nkef.eus\/wp-content\/uploads\/2022\/07\/AWARD-CEREMONI2022-IIHF-U18-WOMEN_S-CHAMP-@TBHFORGTR-36-1536x1024.jpg 1536w, https:\/\/nkef.eus\/wp-content\/uploads\/2022\/07\/AWARD-CEREMONI2022-IIHF-U18-WOMEN_S-CHAMP-@TBHFORGTR-36-2048x1365.jpg 2048w, https:\/\/nkef.eus\/wp-content\/uploads\/2022\/07\/AWARD-CEREMONI2022-IIHF-U18-WOMEN_S-CHAMP-@TBHFORGTR-36-18x12.jpg 18w, https:\/\/nkef.eus\/wp-content\/uploads\/2022\/07\/AWARD-CEREMONI2022-IIHF-U18-WOMEN_S-CHAMP-@TBHFORGTR-36-1200x800.jpg 1200w, https:\/\/nkef.eus\/wp-content\/uploads\/2022\/07\/AWARD-CEREMONI2022-IIHF-U18-WOMEN_S-CHAMP-@TBHFORGTR-36-1980x1320.jpg 1980w\" sizes=\"(max-width: 580px) 100vw, 580px\" \/>\t\t\t\t\t\t\t\t\t\t\t\t\t\t<\/div>\n\t\t\t\t\t\t<\/div>\n\t\t\t\t<\/div>\n\t\t\t\t\t\t<\/div>\n\t\t\t\t\t<\/div>\n\t\t<\/div>\n\t\t\t\t\t\t\t\t<\/div>\n\t\t\t\t\t<\/div>\n\t\t<\/section>\n\t\t\t\t\t\t<\/div>\n\t\t\t\t\t<\/div>\n\t\t<\/div>\n\t\t\t\t\t\t\t\t<\/div>\n\t\t\t\t\t<\/div>\n\t\t<\/section>\n\t\t\t\t\t\t\t\t\t<\/div>\n\t\t\t<\/div>\n\t\t\t\t\t<\/div>","protected":false},"excerpt":{"rendered":"<p>Espa\u00f1a conquista el oro en el Mundial U18 femenino de hockey hielo Espa\u00f1a sigue mostrando su gran proyecci\u00f3n a nivel internacional tras lograr esta noche la medalla de oro en el Mundial U18 femenino de hockey hielo de la Divisi\u00f3n II. El equipo dirigido por Harry Rosenholtz ha terminado el certamen imbatido, con un balance [&hellip;]<\/p>","protected":false},"author":3,"featured_media":5597,"comment_status":"closed","ping_status":"closed","sticky":false,"template":"elementor_header_footer","format":"standard","meta":[],"categories":[13],"tags":[],"_links":{"self":[{"href":"https:\/\/nkef.eus\/eu\/index.php\/wp-json\/wp\/v2\/posts\/5593"}],"collection":[{"href":"https:\/\/nkef.eus\/eu\/index.php\/wp-json\/wp\/v2\/posts"}],"about":[{"href":"https:\/\/nkef.eus\/eu\/index.php\/wp-json\/wp\/v2\/types\/post"}],"author":[{"embeddable":true,"href":"https:\/\/nkef.eus\/eu\/index.php\/wp-json\/wp\/v2\/users\/3"}],"replies":[{"embeddable":true,"href":"https:\/\/nkef.eus\/eu\/index.php\/wp-json\/wp\/v2\/comments?post=5593"}],"version-history":[{"count":7,"href":"https:\/\/nkef.eus\/eu\/index.php\/wp-json\/wp\/v2\/posts\/5593\/revisions"}],"predecessor-version":[{"id":5633,"href":"https:\/\/nkef.eus\/eu\/index.php\/wp-json\/wp\/v2\/posts\/5593\/revisions\/5633"}],"wp:featuredmedia":[{"embeddable":true,"href":"https:\/\/nkef.eus\/eu\/index.php\/wp-json\/wp\/v2\/media\/5597"}],"wp:attachment":[{"href":"https:\/\/nkef.eus\/eu\/index.php\/wp-json\/wp\/v2\/media?parent=5593"}],"wp:term":[{"taxonomy":"category","embeddable":true,"href":"https:\/\/nkef.eus\/eu\/index.php\/wp-json\/wp\/v2\/categories?post=5593"},{"taxonomy":"post_tag","embeddable":true,"href":"https:\/\/nkef.eus\/eu\/index.php\/wp-json\/wp\/v2\/tags?post=5593"}],"curies":[{"name":"wp","href":"https:\/\/api.w.org\/{rel}","templated":true}]}}