{"id":5207,"date":"2022-03-21T09:30:38","date_gmt":"2022-03-21T09:30:38","guid":{"rendered":"https:\/\/nkef.eus\/?p=5207"},"modified":"2022-03-21T09:41:59","modified_gmt":"2022-03-21T09:41:59","slug":"lucas-eguibar-ha-terminado-septimo-en-la-copa-del-mundo-de-veyssonaz-su-ultima-gran-cita-de-la-temporada","status":"publish","type":"post","link":"https:\/\/nkef.eus\/eu\/index.php\/2022\/03\/21\/lucas-eguibar-ha-terminado-septimo-en-la-copa-del-mundo-de-veyssonaz-su-ultima-gran-cita-de-la-temporada\/","title":{"rendered":"Lucas Eguibar ha terminado s\u00e9ptimo en la Copa del Mundo de Veyssonaz, su \u00faltima gran cita de la temporada"},"content":{"rendered":"<div data-elementor-type=\"wp-post\" data-elementor-id=\"5207\" class=\"elementor elementor-5207\">\n\t\t\t\t\t\t<div class=\"elementor-inner\">\n\t\t\t\t<div class=\"elementor-section-wrap\">\n\t\t\t\t\t\t\t\t\t<section class=\"elementor-section elementor-top-section elementor-element elementor-element-10c8e6e2 elementor-section-content-middle elementor-section-boxed elementor-section-height-default elementor-section-height-default\" data-id=\"10c8e6e2\" data-element_type=\"section\">\n\t\t\t\t\t\t<div class=\"elementor-container elementor-column-gap-no\">\n\t\t\t\t\t\t\t<div class=\"elementor-row\">\n\t\t\t\t\t<div class=\"elementor-column elementor-col-100 elementor-top-column elementor-element elementor-element-5df1c0ae\" data-id=\"5df1c0ae\" data-element_type=\"column\">\n\t\t\t<div class=\"elementor-column-wrap elementor-element-populated\">\n\t\t\t\t\t\t\t<div class=\"elementor-widget-wrap\">\n\t\t\t\t\t\t<div class=\"elementor-element elementor-element-69a8d4b9 elementor-widget elementor-widget-heading\" data-id=\"69a8d4b9\" data-element_type=\"widget\" data-widget_type=\"heading.default\">\n\t\t\t\t<div class=\"elementor-widget-container\">\n\t\t\t<h4 class=\"elementor-heading-title elementor-size-default\">Lucas Eguibar ha terminado s\u00e9ptimo en la Copa del Mundo de Veyssonaz, su \u00faltima gran cita de la temporada<\/h4>\t\t<\/div>\n\t\t\t\t<\/div>\n\t\t\t\t<div class=\"elementor-element elementor-element-1c1b31d5 elementor-widget elementor-widget-text-editor\" data-id=\"1c1b31d5\" data-element_type=\"widget\" data-widget_type=\"text-editor.default\">\n\t\t\t\t<div class=\"elementor-widget-container\">\n\t\t\t\t\t\t\t\t<div class=\"elementor-text-editor elementor-clearfix\">\n\t\t\t\t<p><strong>\u00c1lvaro Romero no ha podido superar los cuartos de final hoy pero ha sido nombrado Mejor Debutante del A\u00f1o<\/strong><\/p>\t\t\t\t\t<\/div>\n\t\t\t\t\t\t<\/div>\n\t\t\t\t<\/div>\n\t\t\t\t<div class=\"elementor-element elementor-element-ba98b7f elementor-aspect-ratio-169 elementor-widget elementor-widget-video\" data-id=\"ba98b7f\" data-element_type=\"widget\" data-settings=\"{&quot;youtube_url&quot;:&quot;https:\\\/\\\/www.youtube.com\\\/watch?v=dEn-rWPj50k&quot;,&quot;video_type&quot;:&quot;youtube&quot;,&quot;controls&quot;:&quot;yes&quot;,&quot;aspect_ratio&quot;:&quot;169&quot;}\" data-widget_type=\"video.default\">\n\t\t\t\t<div class=\"elementor-widget-container\">\n\t\t\t\t\t<div class=\"elementor-wrapper elementor-fit-aspect-ratio elementor-open-inline\">\n\t\t\t<div class=\"elementor-video\"><\/div>\t\t<\/div>\n\t\t\t\t<\/div>\n\t\t\t\t<\/div>\n\t\t\t\t<div class=\"elementor-element elementor-element-8d1d794 elementor-widget elementor-widget-text-editor\" data-id=\"8d1d794\" data-element_type=\"widget\" data-widget_type=\"text-editor.default\">\n\t\t\t\t<div class=\"elementor-widget-container\">\n\t\t\t\t\t\t\t\t<div class=\"elementor-text-editor elementor-clearfix\">\n\t\t\t\t<p style=\"text-align: center;\"><strong>Declaraciones de Lucas Eguibar tras la Copa del Mundo de Veysonnaz<\/strong><\/p>\t\t\t\t\t<\/div>\n\t\t\t\t\t\t<\/div>\n\t\t\t\t<\/div>\n\t\t\t\t<div class=\"elementor-element elementor-element-29c4d47 elementor-widget-divider--view-line elementor-widget elementor-widget-divider\" data-id=\"29c4d47\" data-element_type=\"widget\" data-widget_type=\"divider.default\">\n\t\t\t\t<div class=\"elementor-widget-container\">\n\t\t\t\t\t<div class=\"elementor-divider\">\n\t\t\t<span class=\"elementor-divider-separator\">\n\t\t\t\t\t\t<\/span>\n\t\t<\/div>\n\t\t\t\t<\/div>\n\t\t\t\t<\/div>\n\t\t\t\t<div class=\"elementor-element elementor-element-1ecb422 elementor-aspect-ratio-169 elementor-widget elementor-widget-video\" data-id=\"1ecb422\" data-element_type=\"widget\" data-settings=\"{&quot;youtube_url&quot;:&quot;https:\\\/\\\/www.youtube.com\\\/watch?v=szKpyljy3bE&quot;,&quot;video_type&quot;:&quot;youtube&quot;,&quot;controls&quot;:&quot;yes&quot;,&quot;aspect_ratio&quot;:&quot;169&quot;}\" data-widget_type=\"video.default\">\n\t\t\t\t<div class=\"elementor-widget-container\">\n\t\t\t\t\t<div class=\"elementor-wrapper elementor-fit-aspect-ratio elementor-open-inline\">\n\t\t\t<div class=\"elementor-video\"><\/div>\t\t<\/div>\n\t\t\t\t<\/div>\n\t\t\t\t<\/div>\n\t\t\t\t<div class=\"elementor-element elementor-element-30e79c7 elementor-widget elementor-widget-text-editor\" data-id=\"30e79c7\" data-element_type=\"widget\" data-widget_type=\"text-editor.default\">\n\t\t\t\t<div class=\"elementor-widget-container\">\n\t\t\t\t\t\t\t\t<div class=\"elementor-text-editor elementor-clearfix\">\n\t\t\t\t<p style=\"text-align: center;\"><strong>Declaraciones de \u00c1lvaro Romero depu\u00e9s de la Copa del Mundo de Veysonnaz\u00a0<\/strong><\/p>\t\t\t\t\t<\/div>\n\t\t\t\t\t\t<\/div>\n\t\t\t\t<\/div>\n\t\t\t\t<div class=\"elementor-element elementor-element-c452da4 elementor-widget-divider--view-line elementor-widget elementor-widget-divider\" data-id=\"c452da4\" data-element_type=\"widget\" data-widget_type=\"divider.default\">\n\t\t\t\t<div class=\"elementor-widget-container\">\n\t\t\t\t\t<div class=\"elementor-divider\">\n\t\t\t<span class=\"elementor-divider-separator\">\n\t\t\t\t\t\t<\/span>\n\t\t<\/div>\n\t\t\t\t<\/div>\n\t\t\t\t<\/div>\n\t\t\t\t<div class=\"elementor-element elementor-element-36c063d elementor-widget elementor-widget-text-editor\" data-id=\"36c063d\" data-element_type=\"widget\" data-widget_type=\"text-editor.default\">\n\t\t\t\t<div class=\"elementor-widget-container\">\n\t\t\t\t\t\t\t\t<div class=\"elementor-text-editor elementor-clearfix\">\n\t\t\t\t<p>Lucas Eguibar quer\u00eda cerrar el a\u00f1o con un resultado dulce en la Copa del mundo de Veysonnaz, un circuito en el que se ha subido al podio en cinco ocasiones. Pese ha terminar s\u00e9ptimo, el deportista de Basque Team (NKEF), ha vuelto ha demostrar hoy que es uno de los snowboarders m\u00e1s talentosos del panorama internacional.<\/p><p>En los octavos de final se ha medido con el estadounidense Kearney, con el austriaco Lueftner y con el tambi\u00e9n deportista de Basque Team (NKEF) \u00c1lvaro Romero. Los dos donostiarras han sido los mejores en su tanda, yendo en primer y segundo lugar respectivamente en todo momento.<\/p><p>Los cuartos de final han sido muy emocionantes. Lucas ha protagonizado un apasionante duelo con Laurent Bozzolo en el que \u00e9l se ha llevado la primera plaza y el franc\u00e9s la segunda. \u00c1lvaro Romero ha acabado cuarto en esta tanda, aunque muy satisfecho con todo el trabajo realizado esta temporada, en la que ha sido nombrado el mejor rookie de la campa\u00f1a. A primero de abril disputar\u00e1 el campeonato del Mundo junior en Veysonnaz por lo que esta experiencia en el circuito de Veyonnaz le ser\u00e1 de gran ayuda de cara a esa cita.<\/p><p>En semifinales Lucas Eguibar se ha mostrado s\u00f3lido en la salida, como en anteriores tandas. En las dos primeras partes del circuito se ha colocado primero pero en la tercera sus contrincantes han aprovechado su rebufo para adelantarle. Luki ha sido tercero, quedando relegado a la disputa de la final peque\u00f1a o small final. En \u00e9sta ha pasado algo parecido a lo sucedido en semifinales. Lucas ha comenzado fuerte pero ha visto como sus competidores le superaban en la parte final del circuito. El guipuzcoano ha terminado tercero en su tanda, s\u00e9ptimo en la Copa de Veysonnaz y noveno en la general de la Copa del Mundo.<br \/>\u00abMe gustar\u00eda haber redondeado una mejor temporada, pero estoy contento, partiendo de la base de que tengo una lesi\u00f3n en la espalda.\u00a0 El a\u00f1o que viene esperamos mejorar esto y ver c\u00f3mo evoluciona la espalda\u201d ha dicho Lucas al equipo de Basque Team desplazado a Veysonnaz.\u00a0 \u00a0\u00a0<\/p><p>Lucas Eguibar sigue siendo el actual campe\u00f3n del Mundo de snowboardcross y ha obtenido el pasado mes de febrero un diploma por su s\u00e9ptimo puesto en los Juegos Ol\u00edmpicos de Beijing.<\/p>\t\t\t\t\t<\/div>\n\t\t\t\t\t\t<\/div>\n\t\t\t\t<\/div>\n\t\t\t\t<div class=\"elementor-element elementor-element-058f123 elementor-widget-divider--view-line elementor-widget elementor-widget-divider\" data-id=\"058f123\" data-element_type=\"widget\" data-widget_type=\"divider.default\">\n\t\t\t\t<div class=\"elementor-widget-container\">\n\t\t\t\t\t<div class=\"elementor-divider\">\n\t\t\t<span class=\"elementor-divider-separator\">\n\t\t\t\t\t\t<\/span>\n\t\t<\/div>\n\t\t\t\t<\/div>\n\t\t\t\t<\/div>\n\t\t\t\t\t\t<\/div>\n\t\t\t\t\t<\/div>\n\t\t<\/div>\n\t\t\t\t\t\t\t\t<\/div>\n\t\t\t\t\t<\/div>\n\t\t<\/section>\n\t\t\t\t\t\t\t\t\t<\/div>\n\t\t\t<\/div>\n\t\t\t\t\t<\/div>","protected":false},"excerpt":{"rendered":"<p>Lucas Eguibar ha terminado s\u00e9ptimo en la Copa del Mundo de Veyssonaz, su \u00faltima gran cita de la temporada \u00c1lvaro Romero no ha podido superar los cuartos de final hoy pero ha sido nombrado Mejor Debutante del A\u00f1o Declaraciones de Lucas Eguibar tras la Copa del Mundo de Veysonnaz Declaraciones de \u00c1lvaro Romero depu\u00e9s de [&hellip;]<\/p>","protected":false},"author":3,"featured_media":5212,"comment_status":"closed","ping_status":"closed","sticky":false,"template":"elementor_header_footer","format":"standard","meta":[],"categories":[19],"tags":[],"_links":{"self":[{"href":"https:\/\/nkef.eus\/eu\/index.php\/wp-json\/wp\/v2\/posts\/5207"}],"collection":[{"href":"https:\/\/nkef.eus\/eu\/index.php\/wp-json\/wp\/v2\/posts"}],"about":[{"href":"https:\/\/nkef.eus\/eu\/index.php\/wp-json\/wp\/v2\/types\/post"}],"author":[{"embeddable":true,"href":"https:\/\/nkef.eus\/eu\/index.php\/wp-json\/wp\/v2\/users\/3"}],"replies":[{"embeddable":true,"href":"https:\/\/nkef.eus\/eu\/index.php\/wp-json\/wp\/v2\/comments?post=5207"}],"version-history":[{"count":5,"href":"https:\/\/nkef.eus\/eu\/index.php\/wp-json\/wp\/v2\/posts\/5207\/revisions"}],"predecessor-version":[{"id":5213,"href":"https:\/\/nkef.eus\/eu\/index.php\/wp-json\/wp\/v2\/posts\/5207\/revisions\/5213"}],"wp:featuredmedia":[{"embeddable":true,"href":"https:\/\/nkef.eus\/eu\/index.php\/wp-json\/wp\/v2\/media\/5212"}],"wp:attachment":[{"href":"https:\/\/nkef.eus\/eu\/index.php\/wp-json\/wp\/v2\/media?parent=5207"}],"wp:term":[{"taxonomy":"category","embeddable":true,"href":"https:\/\/nkef.eus\/eu\/index.php\/wp-json\/wp\/v2\/categories?post=5207"},{"taxonomy":"post_tag","embeddable":true,"href":"https:\/\/nkef.eus\/eu\/index.php\/wp-json\/wp\/v2\/tags?post=5207"}],"curies":[{"name":"wp","href":"https:\/\/api.w.org\/{rel}","templated":true}]}}