{"id":5098,"date":"2022-02-10T09:23:07","date_gmt":"2022-02-10T09:23:07","guid":{"rendered":"https:\/\/nkef.eus\/?p=5098"},"modified":"2022-02-10T09:31:41","modified_gmt":"2022-02-10T09:31:41","slug":"lucas-eguibar-se-adjudica-un-diploma-olimpico-en-los-juegos-de-beijing","status":"publish","type":"post","link":"https:\/\/nkef.eus\/eu\/index.php\/2022\/02\/10\/lucas-eguibar-se-adjudica-un-diploma-olimpico-en-los-juegos-de-beijing\/","title":{"rendered":"Lucas Eguibar se adjudica un diploma ol\u00edmpico en los Juegos de Beijing"},"content":{"rendered":"<div data-elementor-type=\"wp-post\" data-elementor-id=\"5098\" class=\"elementor elementor-5098\">\n\t\t\t\t\t\t<div class=\"elementor-inner\">\n\t\t\t\t<div class=\"elementor-section-wrap\">\n\t\t\t\t\t\t\t\t\t<section class=\"elementor-section elementor-top-section elementor-element elementor-element-2fd2bb81 elementor-section-content-middle elementor-section-boxed elementor-section-height-default elementor-section-height-default\" data-id=\"2fd2bb81\" data-element_type=\"section\">\n\t\t\t\t\t\t<div class=\"elementor-container elementor-column-gap-no\">\n\t\t\t\t\t\t\t<div class=\"elementor-row\">\n\t\t\t\t\t<div class=\"elementor-column elementor-col-100 elementor-top-column elementor-element elementor-element-10cef435\" data-id=\"10cef435\" data-element_type=\"column\">\n\t\t\t<div class=\"elementor-column-wrap elementor-element-populated\">\n\t\t\t\t\t\t\t<div class=\"elementor-widget-wrap\">\n\t\t\t\t\t\t<div class=\"elementor-element elementor-element-740e4434 elementor-widget elementor-widget-heading\" data-id=\"740e4434\" data-element_type=\"widget\" data-widget_type=\"heading.default\">\n\t\t\t\t<div class=\"elementor-widget-container\">\n\t\t\t<h4 class=\"elementor-heading-title elementor-size-default\">Lucas Eguibar se adjudica un diploma ol\u00edmpico en los Juegos de Beijing<\/h4>\t\t<\/div>\n\t\t\t\t<\/div>\n\t\t\t\t<div class=\"elementor-element elementor-element-aabe692 elementor-widget elementor-widget-image\" data-id=\"aabe692\" data-element_type=\"widget\" data-widget_type=\"image.default\">\n\t\t\t\t<div class=\"elementor-widget-container\">\n\t\t\t\t\t\t\t\t<div class=\"elementor-image\">\n\t\t\t\t\t\t\t\t\t\t\t\t<img width=\"580\" height=\"398\" src=\"https:\/\/nkef.eus\/wp-content\/uploads\/2022\/02\/999-1024x703.jpg\" class=\"attachment-large size-large\" alt=\"\" loading=\"lazy\" srcset=\"https:\/\/nkef.eus\/wp-content\/uploads\/2022\/02\/999-1024x703.jpg 1024w, https:\/\/nkef.eus\/wp-content\/uploads\/2022\/02\/999-300x206.jpg 300w, https:\/\/nkef.eus\/wp-content\/uploads\/2022\/02\/999-768x527.jpg 768w, https:\/\/nkef.eus\/wp-content\/uploads\/2022\/02\/999-1536x1055.jpg 1536w, https:\/\/nkef.eus\/wp-content\/uploads\/2022\/02\/999-18x12.jpg 18w, https:\/\/nkef.eus\/wp-content\/uploads\/2022\/02\/999-1200x824.jpg 1200w, https:\/\/nkef.eus\/wp-content\/uploads\/2022\/02\/999-1980x1359.jpg 1980w, https:\/\/nkef.eus\/wp-content\/uploads\/2022\/02\/999.jpg 2048w\" sizes=\"(max-width: 580px) 100vw, 580px\" \/>\t\t\t\t\t\t\t\t\t\t\t\t\t\t<\/div>\n\t\t\t\t\t\t<\/div>\n\t\t\t\t<\/div>\n\t\t\t\t<div class=\"elementor-element elementor-element-5415a72 elementor-widget elementor-widget-heading\" data-id=\"5415a72\" data-element_type=\"widget\" data-widget_type=\"heading.default\">\n\t\t\t\t<div class=\"elementor-widget-container\">\n\t\t\t<h2 class=\"elementor-heading-title elementor-size-default\">El snowboarder de Basque Team ha repetido el s\u00e9ptimo puesto que consigui\u00f3 en Sochi 2014 <\/h2>\t\t<\/div>\n\t\t\t\t<\/div>\n\t\t\t\t<div class=\"elementor-element elementor-element-f4f3069 elementor-widget-divider--view-line elementor-widget elementor-widget-divider\" data-id=\"f4f3069\" data-element_type=\"widget\" data-widget_type=\"divider.default\">\n\t\t\t\t<div class=\"elementor-widget-container\">\n\t\t\t\t\t<div class=\"elementor-divider\">\n\t\t\t<span class=\"elementor-divider-separator\">\n\t\t\t\t\t\t<\/span>\n\t\t<\/div>\n\t\t\t\t<\/div>\n\t\t\t\t<\/div>\n\t\t\t\t<div class=\"elementor-element elementor-element-6583b544 elementor-widget elementor-widget-text-editor\" data-id=\"6583b544\" data-element_type=\"widget\" data-widget_type=\"text-editor.default\">\n\t\t\t\t<div class=\"elementor-widget-container\">\n\t\t\t\t\t\t\t\t<div class=\"elementor-text-editor elementor-clearfix\">\n\t\t\t\t<p>Lucas Eguibar part\u00eda como favorito para subir al podio en los Juegos de Beijing tras sus anteriores participaciones ol\u00edmpicas en Sochi 2014, donde tambi\u00e9n se llev\u00f3 un diploma, y en Pyeongchang 2018, donde no pudo pasar de los octavos de final. Hoy sin embargo, ha tenido un d\u00eda complicado y no ha podido ganar esa ansiada presea ol\u00edmpica en el snowboardcross.<br \/>Ya en la clasificatoria Lucas ha realizado una muy buena salida, pero a su paso por el segundo parcial ha visto como el crono se le iba bastante, hasta el +0.98 respecto al mejor tiempo en ese momento. Pese ha afrontar muy bien la temida quinta curva, no ha hecho un buen registro en la primera manga clasificatoria, marcando un tiempo de 1:18.73 (+2.44) y terminando 17\u00ba. Los 16 primeros pasaban directamente a carrera. Lucas ha tenido que realizar la segunda manga clasificatoria, mientras que el resto de grandes favoritos como Haemmerle, Grondin y Noerl acced\u00edan m\u00e1s c\u00f3modamente a la carrera.<\/p><p>La salida de la segunda manga clasificatoria no ha sido buena para terminar parando el crono en 1.19.93. Lucas ha sido 21\u00ba en la calificaci\u00f3n lo que le ha llevado a quedar emparejado en unos cuadros complicad\u00edsimos junto al resto de grandes favoritos de cara a la carrera.<br \/>En los octavos de final le esperaba un tr\u00edo de infarto: los alemanes Martin Noerl y Paul Berg y el australiano Jarryd Hughes. Noerl es l\u00edder de la Copa del Mundo con tres victorias en las cinco pruebas que lleva disputadas hasta el momento, y Hughes medalla de plata en Pyeongchang.\u00a0 Lucas ha tenido el mejor tiempo de reacci\u00f3n y ha aguantado pese aser el \u00fanico goofy de la manga. En el circuito del Snow Park de Genting existe cierta diferencia entre los \u2018riders\u2019 que van con el pie izquierdo delante, conocidos como &#8216;regulars&#8217;, beneficiados por el trazado, y los que son \u2018goofys\u2019 como Eguibar.\u00a0 A pesar de las pocas bondades que le proporciona la pista, Lucas ha realizado una bajada muy inteligente y ha sabido colocarse a la perfecci\u00f3n para jugar su bazas.\u00a0 Finalmente ha metido la tabla en la recta final para ser segundo y seguir adelante junto al alem\u00e1n Noerl.<br \/>Si el emparejamiento de octavos ha sido complicado, no lo ha sido menos el de cuartos de final. Le esperaban el austriaco Alessandro Haemmerle, segundo en la general de la Copa del Mundo y actual subcampe\u00f3n del Mundo, y el estadounidese Mick Dierdorff. Lucas, acompa\u00f1ado por su fisioterapeuta y hombre de confianza Mati Szull y por su skiman, el esloveno Marco Mihic, ha tenido que mentalizarse para lo que le ven\u00eda encima. En cuartos la suerte ha acompa\u00f1ado a Eguibar. El donostiarra ha cometido un fallo en la salida, ha ido lastrado y se ha quedado muy atr\u00e1s, pero la fortuna ha querido que Noerl y Dierdorff hayan sufrido una ca\u00edda y que Lucas haya aprovechado eso para avanzar con tranquilidad hasta la linea de meta.<\/p><p>Sin embargo, el siguiente paso a superar, las semifinales, han supuesto otro gran reto. Nuevamente Eguibar ha tenido grandes rivales a batir: otra vez el austriaco Haemmerle y los j\u00f3venes Merlin Surget y Eliot Grondin, quien ha marcado el mejor tiempo en la clasificatoria y fue bronce en el Mundial ganado por Lucas en 2021. El de Basque Team tampoco ha realizado una buena salida esta vez y se ha quedado muy atr\u00e1s desde el principio de la tanda. El rider guipuzcoano no ha podido recuperar el tiempo perdido y ha visto como sus contrincantes se alejaban. En la parte final del trazado incluso se ha incorporado para dejar de pelear, viendo agotadas sus opciones.<\/p><p>Quedaba la opci\u00f3n de la final de consolaci\u00f3n o \u2018small final\u201d para sacarse de alguna manera la espinita de no haber conseguido metal ol\u00edmpico, y la suerte no ha acompa\u00f1ado al donostiarra. El italiano Tommaso Leoni ha ca\u00eddo tocando a Lucas y derrib\u00e1ndole. Eguibar ha terminado en tercera posici\u00f3n la tanda para firmar un s\u00e9ptimo puesto, al igual que en los Juegos Ol\u00edmpicos de Sochi 2014. \u00a0\u00a0<\/p><p>En la gran final, que se ha decidido con la foto finish, el oro se lo ha adjudicado el austriaco Alessandro Haemmerle, la plata el canadiense Eliot Grondin y el bronce el italiano Omar Visintin.<\/p>\t\t\t\t\t<\/div>\n\t\t\t\t\t\t<\/div>\n\t\t\t\t<\/div>\n\t\t\t\t\t\t<\/div>\n\t\t\t\t\t<\/div>\n\t\t<\/div>\n\t\t\t\t\t\t\t\t<\/div>\n\t\t\t\t\t<\/div>\n\t\t<\/section>\n\t\t\t\t\t\t\t\t\t<\/div>\n\t\t\t<\/div>\n\t\t\t\t\t<\/div>","protected":false},"excerpt":{"rendered":"<p>Lucas Eguibar se adjudica un diploma ol\u00edmpico en los Juegos de Beijing El snowboarder de Basque Team ha repetido el s\u00e9ptimo puesto que consigui\u00f3 en Sochi 2014 Lucas Eguibar part\u00eda como favorito para subir al podio en los Juegos de Beijing tras sus anteriores participaciones ol\u00edmpicas en Sochi 2014, donde tambi\u00e9n se llev\u00f3 un diploma, [&hellip;]<\/p>","protected":false},"author":3,"featured_media":5099,"comment_status":"closed","ping_status":"closed","sticky":false,"template":"elementor_header_footer","format":"standard","meta":[],"categories":[19],"tags":[],"_links":{"self":[{"href":"https:\/\/nkef.eus\/eu\/index.php\/wp-json\/wp\/v2\/posts\/5098"}],"collection":[{"href":"https:\/\/nkef.eus\/eu\/index.php\/wp-json\/wp\/v2\/posts"}],"about":[{"href":"https:\/\/nkef.eus\/eu\/index.php\/wp-json\/wp\/v2\/types\/post"}],"author":[{"embeddable":true,"href":"https:\/\/nkef.eus\/eu\/index.php\/wp-json\/wp\/v2\/users\/3"}],"replies":[{"embeddable":true,"href":"https:\/\/nkef.eus\/eu\/index.php\/wp-json\/wp\/v2\/comments?post=5098"}],"version-history":[{"count":4,"href":"https:\/\/nkef.eus\/eu\/index.php\/wp-json\/wp\/v2\/posts\/5098\/revisions"}],"predecessor-version":[{"id":5104,"href":"https:\/\/nkef.eus\/eu\/index.php\/wp-json\/wp\/v2\/posts\/5098\/revisions\/5104"}],"wp:featuredmedia":[{"embeddable":true,"href":"https:\/\/nkef.eus\/eu\/index.php\/wp-json\/wp\/v2\/media\/5099"}],"wp:attachment":[{"href":"https:\/\/nkef.eus\/eu\/index.php\/wp-json\/wp\/v2\/media?parent=5098"}],"wp:term":[{"taxonomy":"category","embeddable":true,"href":"https:\/\/nkef.eus\/eu\/index.php\/wp-json\/wp\/v2\/categories?post=5098"},{"taxonomy":"post_tag","embeddable":true,"href":"https:\/\/nkef.eus\/eu\/index.php\/wp-json\/wp\/v2\/tags?post=5098"}],"curies":[{"name":"wp","href":"https:\/\/api.w.org\/{rel}","templated":true}]}}