{"id":4600,"date":"2021-11-22T12:11:41","date_gmt":"2021-11-22T12:11:41","guid":{"rendered":"https:\/\/nkef.eus\/?p=4600"},"modified":"2021-11-22T12:17:37","modified_gmt":"2021-11-22T12:17:37","slug":"la-deportista-del-club-oiarmendi-nkef-maialen-oiartzabal-seleccionada-para-competir-en-la-30auniversiada-de-invierno-en-lucerna","status":"publish","type":"post","link":"https:\/\/nkef.eus\/eu\/index.php\/2021\/11\/22\/la-deportista-del-club-oiarmendi-nkef-maialen-oiartzabal-seleccionada-para-competir-en-la-30auniversiada-de-invierno-en-lucerna\/","title":{"rendered":"LA DEPORTISTA DEL CLUB OIARMENDI NKEF MAIALEN OIARTZABAL SELECCIONADA PARA COMPETIR EN LA 30\u00aaUNIVERSIADA  DE INVIERNO EN LUCERNA"},"content":{"rendered":"<div data-elementor-type=\"wp-post\" data-elementor-id=\"4600\" class=\"elementor elementor-4600\">\n\t\t\t\t\t\t<div class=\"elementor-inner\">\n\t\t\t\t<div class=\"elementor-section-wrap\">\n\t\t\t\t\t\t\t\t\t<section class=\"elementor-section elementor-top-section elementor-element elementor-element-339e9f0c elementor-section-content-middle elementor-section-boxed elementor-section-height-default elementor-section-height-default\" data-id=\"339e9f0c\" data-element_type=\"section\">\n\t\t\t\t\t\t<div class=\"elementor-container elementor-column-gap-no\">\n\t\t\t\t\t\t\t<div class=\"elementor-row\">\n\t\t\t\t\t<div class=\"elementor-column elementor-col-100 elementor-top-column elementor-element elementor-element-6c0ebf11\" data-id=\"6c0ebf11\" data-element_type=\"column\">\n\t\t\t<div class=\"elementor-column-wrap elementor-element-populated\">\n\t\t\t\t\t\t\t<div class=\"elementor-widget-wrap\">\n\t\t\t\t\t\t<div class=\"elementor-element elementor-element-3048a6e9 elementor-widget elementor-widget-heading\" data-id=\"3048a6e9\" data-element_type=\"widget\" data-widget_type=\"heading.default\">\n\t\t\t\t<div class=\"elementor-widget-container\">\n\t\t\t<h4 class=\"elementor-heading-title elementor-size-default\">LA DEPORTISTA DEL CLUB OIARMENDI NKEF MAIALEN OIARTZABAL SELECCIONADA PARA COMPETIR EN LA 30\u00aa UNIVERSIADA  DE INVIERNO EN LUCERNA<\/h4>\t\t<\/div>\n\t\t\t\t<\/div>\n\t\t\t\t<div class=\"elementor-element elementor-element-7c41b15 elementor-widget elementor-widget-image\" data-id=\"7c41b15\" data-element_type=\"widget\" data-widget_type=\"image.default\">\n\t\t\t\t<div class=\"elementor-widget-container\">\n\t\t\t\t\t\t\t\t<div class=\"elementor-image\">\n\t\t\t\t\t\t\t\t\t\t\t\t<img width=\"580\" height=\"580\" src=\"https:\/\/nkef.eus\/wp-content\/uploads\/2021\/11\/MAIALEN-1024x1024.jpg\" class=\"attachment-large size-large\" alt=\"\" loading=\"lazy\" srcset=\"https:\/\/nkef.eus\/wp-content\/uploads\/2021\/11\/MAIALEN-1024x1024.jpg 1024w, https:\/\/nkef.eus\/wp-content\/uploads\/2021\/11\/MAIALEN-300x300.jpg 300w, https:\/\/nkef.eus\/wp-content\/uploads\/2021\/11\/MAIALEN-150x150.jpg 150w, https:\/\/nkef.eus\/wp-content\/uploads\/2021\/11\/MAIALEN-768x768.jpg 768w, https:\/\/nkef.eus\/wp-content\/uploads\/2021\/11\/MAIALEN-12x12.jpg 12w, https:\/\/nkef.eus\/wp-content\/uploads\/2021\/11\/MAIALEN.jpg 1080w\" sizes=\"(max-width: 580px) 100vw, 580px\" \/>\t\t\t\t\t\t\t\t\t\t\t\t\t\t<\/div>\n\t\t\t\t\t\t<\/div>\n\t\t\t\t<\/div>\n\t\t\t\t<div class=\"elementor-element elementor-element-bed1e55 elementor-widget-divider--view-line elementor-widget elementor-widget-divider\" data-id=\"bed1e55\" data-element_type=\"widget\" data-widget_type=\"divider.default\">\n\t\t\t\t<div class=\"elementor-widget-container\">\n\t\t\t\t\t<div class=\"elementor-divider\">\n\t\t\t<span class=\"elementor-divider-separator\">\n\t\t\t\t\t\t<\/span>\n\t\t<\/div>\n\t\t\t\t<\/div>\n\t\t\t\t<\/div>\n\t\t\t\t<div class=\"elementor-element elementor-element-cedca8b elementor-widget elementor-widget-text-editor\" data-id=\"cedca8b\" data-element_type=\"widget\" data-widget_type=\"text-editor.default\">\n\t\t\t\t<div class=\"elementor-widget-container\">\n\t\t\t\t\t\t\t\t<div class=\"elementor-text-editor elementor-clearfix\">\n\t\t\t\t<p dir=\"ltr\">La 30\u00aa Universiada de Invierno tendr\u00e1 lugar del 11 al 21 de diciembre de 2021 en\u00a0 Suiza Central y Grisones, uno de los mayores eventos multideportivo de nieve a nivel mundial que combina el deporte competitivo de alto nivel con aspectos educativos y eventos culturales. Esta competici\u00f3n, se debi\u00f3 disputar del 11 al 21 de enero de este mismo a\u00f1o, pero las restricciones provocadas por el Covid, empujaron a la FISU a aplazarla para diciembre, 11 meses m\u00e1s tarde de la fecha inicial\u00a0<\/p><p dir=\"ltr\">Una selecci\u00f3n de 10 deportistas espa\u00f1oles, se desplazar\u00e1n a Lucerna, Suiza, donde se espera que m\u00e1s de 1.750\u00a0 atletas de 57 pa\u00edses\/regiones compitan en 10 disciplinas deportivas diferentes, como esqu\u00ed alpino, fondo, freestyle, freeski, snowboard, biathlon adem\u00e1s de disciplinas de hielo, entre otros.<\/p><p dir=\"ltr\">La Real Federaci\u00f3n Espa\u00f1ola Deportes de Invierno (RFEDI) ha seleccionado a los siguientes deportistas para representar a Espa\u00f1a:<\/p><ul><li dir=\"ltr\" aria-level=\"1\"><p dir=\"ltr\" role=\"presentation\">Esqu\u00ed Alpino:\u00a0<\/p><\/li><\/ul><p dir=\"ltr\">Ibon Mintegui (MAYENENCOS &#8211; FADI Arag\u00f3n)<\/p><p dir=\"ltr\">Adri\u00e1n Tortajada (LMCE &#8211; FCEH)<\/p><p dir=\"ltr\">Tomas Barata (CEVA &#8211; FCEH)<\/p><p dir=\"ltr\">Jana Suau (CAEI &#8211; FCEH)<\/p><p dir=\"ltr\">Celia Abad (GUARA &#8211; FADI Arag\u00f3n)<\/p><ul><li dir=\"ltr\" aria-level=\"1\"><p dir=\"ltr\" role=\"presentation\">Esqu\u00ed de Fondo:<\/p><\/li><\/ul><p dir=\"ltr\">Jaume Pueyo (CEFUC &#8211; FCEH)<\/p><p dir=\"ltr\">Lander Mart\u00edn (IRRTZ &#8211; FNDI)<\/p><p dir=\"ltr\">Mar\u00eda Iglesias (ANEC &#8211; FCEH)<\/p><p dir=\"ltr\">Irati Cuadrado (IRRTZ &#8211; FNDI)<\/p><ul><li dir=\"ltr\" aria-level=\"1\"><p dir=\"ltr\" role=\"presentation\">Freeski:<\/p><\/li><\/ul><p dir=\"ltr\"><strong><span style=\"color: #000000;\">Maialen Oiartzabal (OIARMENDI &#8211; NKEF)<\/span><\/strong><\/p><p dir=\"ltr\">Las fechas de las competiciones que se realizar\u00e1n en la 30\u00aa Universiada de Invierno:<\/p><ul><li dir=\"ltr\" aria-level=\"1\"><p dir=\"ltr\" role=\"presentation\">Esqu\u00ed Alpino:\u00a0<a href=\"https:\/\/bit.ly\/3nmxEBP\">https:\/\/bit.ly\/3nmxEBP<\/a><br \/>\u00a0<\/p><\/li><li dir=\"ltr\" aria-level=\"1\"><p dir=\"ltr\" role=\"presentation\">Esqu\u00ed de Fondo:\u00a0<a href=\"https:\/\/bit.ly\/3cm3isY\">https:\/\/bit.ly\/3cm3isY<\/a><br \/>\u00a0<\/p><\/li><li dir=\"ltr\" aria-level=\"1\"><p dir=\"ltr\" role=\"presentation\">Freeski:\u00a0<a href=\"https:\/\/bit.ly\/2YSXG6n\">https:\/\/bit.ly\/2YSXG6n<\/a><\/p><\/li><\/ul><p>\u00a0<\/p><p>Pod\u00e9is consultar m\u00e1s informaci\u00f3n en la web oficial de la Universiada 2021:\u00a0<a href=\"https:\/\/www.winteruniversiade2021.ch\/en\/universiade\">https:\/\/www.winteruniversiade2021.ch\/en\/universiade<\/a><\/p><p>\u00a0<\/p>\t\t\t\t\t<\/div>\n\t\t\t\t\t\t<\/div>\n\t\t\t\t<\/div>\n\t\t\t\t\t\t<\/div>\n\t\t\t\t\t<\/div>\n\t\t<\/div>\n\t\t\t\t\t\t\t\t<\/div>\n\t\t\t\t\t<\/div>\n\t\t<\/section>\n\t\t\t\t\t\t\t\t\t<\/div>\n\t\t\t<\/div>\n\t\t\t\t\t<\/div>","protected":false},"excerpt":{"rendered":"<p>LA DEPORTISTA DEL CLUB OIARMENDI NKEF MAIALEN OIARTZABAL SELECCIONADA PARA COMPETIR EN LA 30\u00aa UNIVERSIADA DE INVIERNO EN LUCERNA La 30\u00aa Universiada de Invierno tendr\u00e1 lugar del 11 al 21 de diciembre de 2021 en\u00a0 Suiza Central y Grisones, uno de los mayores eventos multideportivo de nieve a nivel mundial que combina el deporte competitivo [&hellip;]<\/p>","protected":false},"author":3,"featured_media":4601,"comment_status":"closed","ping_status":"closed","sticky":false,"template":"elementor_header_footer","format":"standard","meta":[],"categories":[10],"tags":[],"_links":{"self":[{"href":"https:\/\/nkef.eus\/eu\/index.php\/wp-json\/wp\/v2\/posts\/4600"}],"collection":[{"href":"https:\/\/nkef.eus\/eu\/index.php\/wp-json\/wp\/v2\/posts"}],"about":[{"href":"https:\/\/nkef.eus\/eu\/index.php\/wp-json\/wp\/v2\/types\/post"}],"author":[{"embeddable":true,"href":"https:\/\/nkef.eus\/eu\/index.php\/wp-json\/wp\/v2\/users\/3"}],"replies":[{"embeddable":true,"href":"https:\/\/nkef.eus\/eu\/index.php\/wp-json\/wp\/v2\/comments?post=4600"}],"version-history":[{"count":7,"href":"https:\/\/nkef.eus\/eu\/index.php\/wp-json\/wp\/v2\/posts\/4600\/revisions"}],"predecessor-version":[{"id":4608,"href":"https:\/\/nkef.eus\/eu\/index.php\/wp-json\/wp\/v2\/posts\/4600\/revisions\/4608"}],"wp:featuredmedia":[{"embeddable":true,"href":"https:\/\/nkef.eus\/eu\/index.php\/wp-json\/wp\/v2\/media\/4601"}],"wp:attachment":[{"href":"https:\/\/nkef.eus\/eu\/index.php\/wp-json\/wp\/v2\/media?parent=4600"}],"wp:term":[{"taxonomy":"category","embeddable":true,"href":"https:\/\/nkef.eus\/eu\/index.php\/wp-json\/wp\/v2\/categories?post=4600"},{"taxonomy":"post_tag","embeddable":true,"href":"https:\/\/nkef.eus\/eu\/index.php\/wp-json\/wp\/v2\/tags?post=4600"}],"curies":[{"name":"wp","href":"https:\/\/api.w.org\/{rel}","templated":true}]}}