{"id":4583,"date":"2021-11-12T10:02:41","date_gmt":"2021-11-12T10:02:41","guid":{"rendered":"https:\/\/nkef.eus\/?p=4583"},"modified":"2021-11-12T10:05:22","modified_gmt":"2021-11-12T10:05:22","slug":"lista-definitiva-equipos-nacionales-junior-de-curling-2021","status":"publish","type":"post","link":"https:\/\/nkef.eus\/eu\/index.php\/2021\/11\/12\/lista-definitiva-equipos-nacionales-junior-de-curling-2021\/","title":{"rendered":"LISTA DEFINITIVA EQUIPOS NACIONALES JUNIOR DE CURLING 2021."},"content":{"rendered":"<div data-elementor-type=\"wp-post\" data-elementor-id=\"4583\" class=\"elementor elementor-4583\">\n\t\t\t\t\t\t<div class=\"elementor-inner\">\n\t\t\t\t<div class=\"elementor-section-wrap\">\n\t\t\t\t\t\t\t\t\t<section class=\"elementor-section elementor-top-section elementor-element elementor-element-7c97a775 elementor-section-content-middle elementor-section-boxed elementor-section-height-default elementor-section-height-default\" data-id=\"7c97a775\" data-element_type=\"section\">\n\t\t\t\t\t\t<div class=\"elementor-container elementor-column-gap-no\">\n\t\t\t\t\t\t\t<div class=\"elementor-row\">\n\t\t\t\t\t<div class=\"elementor-column elementor-col-100 elementor-top-column elementor-element elementor-element-51c31032\" data-id=\"51c31032\" data-element_type=\"column\">\n\t\t\t<div class=\"elementor-column-wrap elementor-element-populated\">\n\t\t\t\t\t\t\t<div class=\"elementor-widget-wrap\">\n\t\t\t\t\t\t<div class=\"elementor-element elementor-element-3f3e8e10 elementor-widget elementor-widget-heading\" data-id=\"3f3e8e10\" data-element_type=\"widget\" data-widget_type=\"heading.default\">\n\t\t\t\t<div class=\"elementor-widget-container\">\n\t\t\t<h4 class=\"elementor-heading-title elementor-size-default\">LISTA DEFINITIVA EQUIPOS NACIONALES JUNIOR DE CURLING 2021.<\/h4>\t\t<\/div>\n\t\t\t\t<\/div>\n\t\t\t\t<div class=\"elementor-element elementor-element-ee40a69 elementor-widget elementor-widget-image\" data-id=\"ee40a69\" data-element_type=\"widget\" data-widget_type=\"image.default\">\n\t\t\t\t<div class=\"elementor-widget-container\">\n\t\t\t\t\t\t\t\t<div class=\"elementor-image\">\n\t\t\t\t\t\t\t\t\t\t\t\t<img width=\"580\" height=\"580\" src=\"https:\/\/nkef.eus\/wp-content\/uploads\/2021\/11\/post-curling-1024x1024.png\" class=\"attachment-large size-large\" alt=\"\" loading=\"lazy\" srcset=\"https:\/\/nkef.eus\/wp-content\/uploads\/2021\/11\/post-curling-1024x1024.png 1024w, https:\/\/nkef.eus\/wp-content\/uploads\/2021\/11\/post-curling-300x300.png 300w, https:\/\/nkef.eus\/wp-content\/uploads\/2021\/11\/post-curling-150x150.png 150w, https:\/\/nkef.eus\/wp-content\/uploads\/2021\/11\/post-curling-768x768.png 768w, https:\/\/nkef.eus\/wp-content\/uploads\/2021\/11\/post-curling-12x12.png 12w, https:\/\/nkef.eus\/wp-content\/uploads\/2021\/11\/post-curling.png 1080w\" sizes=\"(max-width: 580px) 100vw, 580px\" \/>\t\t\t\t\t\t\t\t\t\t\t\t\t\t<\/div>\n\t\t\t\t\t\t<\/div>\n\t\t\t\t<\/div>\n\t\t\t\t<div class=\"elementor-element elementor-element-5906234 elementor-widget-divider--view-line elementor-widget elementor-widget-divider\" data-id=\"5906234\" data-element_type=\"widget\" data-widget_type=\"divider.default\">\n\t\t\t\t<div class=\"elementor-widget-container\">\n\t\t\t\t\t<div class=\"elementor-divider\">\n\t\t\t<span class=\"elementor-divider-separator\">\n\t\t\t\t\t\t<\/span>\n\t\t<\/div>\n\t\t\t\t<\/div>\n\t\t\t\t<\/div>\n\t\t\t\t<div class=\"elementor-element elementor-element-4a7d4b4c elementor-widget elementor-widget-text-editor\" data-id=\"4a7d4b4c\" data-element_type=\"widget\" data-widget_type=\"text-editor.default\">\n\t\t\t\t<div class=\"elementor-widget-container\">\n\t\t\t\t\t\t\t\t<div class=\"elementor-text-editor elementor-clearfix\">\n\t\t\t\t<div dir=\"auto\" style=\"text-align: left;\">5 deportistas de la NKEF en la lista definitiva de jugadores y jugadoras que formar\u00e1n parte de los equipos nacionales Junior de curling y cuyo principal objetivo ser\u00e1 la disputa del Mundial Junior B que se disputar\u00e1 en el mes de Enero.<\/div><div dir=\"auto\" style=\"text-align: left;\">.<\/div><div dir=\"auto\" style=\"text-align: left;\">Eneko S\u00e1ez y Lu\u00eds G\u00f3mez en categor\u00eda masculina y Ana V\u00e1zquez, Daniela Garc\u00eda y Mar\u00eda G\u00f3mez en categor\u00eda femenina son los deportistas convocados por la FEDHIELO para formar parte de los equipos nacionales.<\/div><div dir=\"auto\" style=\"text-align: left;\">.<\/div><div dir=\"auto\" style=\"text-align: left;\">Enhorabuena a todxs!!!!!\u00a0<\/div>\t\t\t\t\t<\/div>\n\t\t\t\t\t\t<\/div>\n\t\t\t\t<\/div>\n\t\t\t\t\t\t<\/div>\n\t\t\t\t\t<\/div>\n\t\t<\/div>\n\t\t\t\t\t\t\t\t<\/div>\n\t\t\t\t\t<\/div>\n\t\t<\/section>\n\t\t\t\t\t\t\t\t\t<\/div>\n\t\t\t<\/div>\n\t\t\t\t\t<\/div>","protected":false},"excerpt":{"rendered":"<p>LISTA DEFINITIVA EQUIPOS NACIONALES JUNIOR DE CURLING 2021. 5 deportistas de la NKEF en la lista definitiva de jugadores y jugadoras que formar\u00e1n parte de los equipos nacionales Junior de curling y cuyo principal objetivo ser\u00e1 la disputa del Mundial Junior B que se disputar\u00e1 en el mes de Enero..Eneko S\u00e1ez y Lu\u00eds G\u00f3mez en [&hellip;]<\/p>","protected":false},"author":3,"featured_media":4584,"comment_status":"closed","ping_status":"closed","sticky":false,"template":"elementor_header_footer","format":"standard","meta":[],"categories":[8],"tags":[],"_links":{"self":[{"href":"https:\/\/nkef.eus\/eu\/index.php\/wp-json\/wp\/v2\/posts\/4583"}],"collection":[{"href":"https:\/\/nkef.eus\/eu\/index.php\/wp-json\/wp\/v2\/posts"}],"about":[{"href":"https:\/\/nkef.eus\/eu\/index.php\/wp-json\/wp\/v2\/types\/post"}],"author":[{"embeddable":true,"href":"https:\/\/nkef.eus\/eu\/index.php\/wp-json\/wp\/v2\/users\/3"}],"replies":[{"embeddable":true,"href":"https:\/\/nkef.eus\/eu\/index.php\/wp-json\/wp\/v2\/comments?post=4583"}],"version-history":[{"count":4,"href":"https:\/\/nkef.eus\/eu\/index.php\/wp-json\/wp\/v2\/posts\/4583\/revisions"}],"predecessor-version":[{"id":4588,"href":"https:\/\/nkef.eus\/eu\/index.php\/wp-json\/wp\/v2\/posts\/4583\/revisions\/4588"}],"wp:featuredmedia":[{"embeddable":true,"href":"https:\/\/nkef.eus\/eu\/index.php\/wp-json\/wp\/v2\/media\/4584"}],"wp:attachment":[{"href":"https:\/\/nkef.eus\/eu\/index.php\/wp-json\/wp\/v2\/media?parent=4583"}],"wp:term":[{"taxonomy":"category","embeddable":true,"href":"https:\/\/nkef.eus\/eu\/index.php\/wp-json\/wp\/v2\/categories?post=4583"},{"taxonomy":"post_tag","embeddable":true,"href":"https:\/\/nkef.eus\/eu\/index.php\/wp-json\/wp\/v2\/tags?post=4583"}],"curies":[{"name":"wp","href":"https:\/\/api.w.org\/{rel}","templated":true}]}}