{"id":4558,"date":"2021-11-09T10:15:49","date_gmt":"2021-11-09T10:15:49","guid":{"rendered":"https:\/\/nkef.eus\/?p=4558"},"modified":"2021-11-09T10:29:07","modified_gmt":"2021-11-09T10:29:07","slug":"brillante-actuacion-de-los-patinadores-nkef-en-el-open-ciudad-de-jaca","status":"publish","type":"post","link":"https:\/\/nkef.eus\/eu\/index.php\/2021\/11\/09\/brillante-actuacion-de-los-patinadores-nkef-en-el-open-ciudad-de-jaca\/","title":{"rendered":"BRILLANTE ACTUACI\u00d3N DE LOS PATINADORES NKEF EN EL OPEN CIUDAD DE JACA"},"content":{"rendered":"<div data-elementor-type=\"wp-post\" data-elementor-id=\"4558\" class=\"elementor elementor-4558\">\n\t\t\t\t\t\t<div class=\"elementor-inner\">\n\t\t\t\t<div class=\"elementor-section-wrap\">\n\t\t\t\t\t\t\t\t\t<section class=\"elementor-section elementor-top-section elementor-element elementor-element-73fe73a4 elementor-section-content-middle elementor-section-boxed elementor-section-height-default elementor-section-height-default\" data-id=\"73fe73a4\" data-element_type=\"section\">\n\t\t\t\t\t\t<div class=\"elementor-container elementor-column-gap-no\">\n\t\t\t\t\t\t\t<div class=\"elementor-row\">\n\t\t\t\t\t<div class=\"elementor-column elementor-col-100 elementor-top-column elementor-element elementor-element-692de431\" data-id=\"692de431\" data-element_type=\"column\">\n\t\t\t<div class=\"elementor-column-wrap elementor-element-populated\">\n\t\t\t\t\t\t\t<div class=\"elementor-widget-wrap\">\n\t\t\t\t\t\t<div class=\"elementor-element elementor-element-12ddda78 elementor-widget elementor-widget-heading\" data-id=\"12ddda78\" data-element_type=\"widget\" data-widget_type=\"heading.default\">\n\t\t\t\t<div class=\"elementor-widget-container\">\n\t\t\t<h4 class=\"elementor-heading-title elementor-size-default\">BRILLANTE ACTUACI\u00d3N DE LOS PATINADORES NKEF EN EL OPEN CIUDAD DE JACA<\/h4>\t\t<\/div>\n\t\t\t\t<\/div>\n\t\t\t\t<div class=\"elementor-element elementor-element-d36271a elementor-widget elementor-widget-image\" data-id=\"d36271a\" data-element_type=\"widget\" data-widget_type=\"image.default\">\n\t\t\t\t<div class=\"elementor-widget-container\">\n\t\t\t\t\t\t\t\t<div class=\"elementor-image\">\n\t\t\t\t\t\t\t\t\t\t\t\t<img width=\"580\" height=\"270\" src=\"https:\/\/nkef.eus\/wp-content\/uploads\/2021\/11\/foto-open-ciudad-de-jaca.png\" class=\"attachment-large size-large\" alt=\"\" loading=\"lazy\" srcset=\"https:\/\/nkef.eus\/wp-content\/uploads\/2021\/11\/foto-open-ciudad-de-jaca.png 861w, https:\/\/nkef.eus\/wp-content\/uploads\/2021\/11\/foto-open-ciudad-de-jaca-300x140.png 300w, https:\/\/nkef.eus\/wp-content\/uploads\/2021\/11\/foto-open-ciudad-de-jaca-768x358.png 768w, https:\/\/nkef.eus\/wp-content\/uploads\/2021\/11\/foto-open-ciudad-de-jaca-18x8.png 18w\" sizes=\"(max-width: 580px) 100vw, 580px\" \/>\t\t\t\t\t\t\t\t\t\t\t\t\t\t<\/div>\n\t\t\t\t\t\t<\/div>\n\t\t\t\t<\/div>\n\t\t\t\t<div class=\"elementor-element elementor-element-281f8de5 elementor-widget elementor-widget-text-editor\" data-id=\"281f8de5\" data-element_type=\"widget\" data-widget_type=\"text-editor.default\">\n\t\t\t\t<div class=\"elementor-widget-container\">\n\t\t\t\t\t\t\t\t<div class=\"elementor-text-editor elementor-clearfix\">\n\t\t\t\t<p>El Pabell\u00f3n de hielo de Jaca acogi\u00f3 el\u00a0<strong>Open Ciudad de Jaca de Patinaje Art\u00edstico<\/strong> durante el fin de semana, una competici\u00f3n encuadrada en la Liga Nacional de Patinaje Art\u00edstico y en la que participaron cerca de 90 deportistas de las categor\u00edas ISU y Nacional A. y donde han destacado las primeras posiciones de tres de nuestros deportistas (Irati Llanos, Maider Llanos y Pablo Azurmendi) en categor\u00edas Junior Nacional A, Basic Novice Nacional A y Novice Advanced respectivamente.\u00a0<\/p><p>\u00a0<\/p>\t\t\t\t\t<\/div>\n\t\t\t\t\t\t<\/div>\n\t\t\t\t<\/div>\n\t\t\t\t<div class=\"elementor-element elementor-element-97a89a9 elementor-widget elementor-widget-image\" data-id=\"97a89a9\" data-element_type=\"widget\" data-widget_type=\"image.default\">\n\t\t\t\t<div class=\"elementor-widget-container\">\n\t\t\t\t\t\t\t\t<div class=\"elementor-image\">\n\t\t\t\t\t\t\t\t\t<figure class=\"wp-caption\">\n\t\t\t\t\t\t\t\t\t\t<img width=\"580\" height=\"386\" src=\"https:\/\/nkef.eus\/wp-content\/uploads\/2021\/11\/IRATI-LLANOS-1024x682.jpg\" class=\"attachment-large size-large\" alt=\"\" loading=\"lazy\" srcset=\"https:\/\/nkef.eus\/wp-content\/uploads\/2021\/11\/IRATI-LLANOS-1024x682.jpg 1024w, https:\/\/nkef.eus\/wp-content\/uploads\/2021\/11\/IRATI-LLANOS-300x200.jpg 300w, https:\/\/nkef.eus\/wp-content\/uploads\/2021\/11\/IRATI-LLANOS-768x511.jpg 768w, https:\/\/nkef.eus\/wp-content\/uploads\/2021\/11\/IRATI-LLANOS-18x12.jpg 18w, https:\/\/nkef.eus\/wp-content\/uploads\/2021\/11\/IRATI-LLANOS-1200x799.jpg 1200w, https:\/\/nkef.eus\/wp-content\/uploads\/2021\/11\/IRATI-LLANOS.jpg 1440w\" sizes=\"(max-width: 580px) 100vw, 580px\" \/>\t\t\t\t\t\t\t\t\t\t\t<figcaption class=\"widget-image-caption wp-caption-text\">Irati Llanos- CDH Bipolo primera clasificada categor\u00eda Junior Nacional A Open de Jaca.<\/figcaption>\n\t\t\t\t\t\t\t\t\t\t<\/figure>\n\t\t\t\t\t\t\t\t<\/div>\n\t\t\t\t\t\t<\/div>\n\t\t\t\t<\/div>\n\t\t\t\t<div class=\"elementor-element elementor-element-f82dc4c elementor-widget-divider--view-line elementor-widget elementor-widget-divider\" data-id=\"f82dc4c\" data-element_type=\"widget\" data-widget_type=\"divider.default\">\n\t\t\t\t<div class=\"elementor-widget-container\">\n\t\t\t\t\t<div class=\"elementor-divider\">\n\t\t\t<span class=\"elementor-divider-separator\">\n\t\t\t\t\t\t<\/span>\n\t\t<\/div>\n\t\t\t\t<\/div>\n\t\t\t\t<\/div>\n\t\t\t\t<div class=\"elementor-element elementor-element-ec07aac elementor-widget elementor-widget-image\" data-id=\"ec07aac\" data-element_type=\"widget\" data-widget_type=\"image.default\">\n\t\t\t\t<div class=\"elementor-widget-container\">\n\t\t\t\t\t\t\t\t<div class=\"elementor-image\">\n\t\t\t\t\t\t\t\t\t<figure class=\"wp-caption\">\n\t\t\t\t\t\t\t\t\t\t<img width=\"580\" height=\"386\" src=\"https:\/\/nkef.eus\/wp-content\/uploads\/2021\/11\/MAIDER-LLANOS-1024x682.jpg\" class=\"attachment-large size-large\" alt=\"\" loading=\"lazy\" srcset=\"https:\/\/nkef.eus\/wp-content\/uploads\/2021\/11\/MAIDER-LLANOS-1024x682.jpg 1024w, https:\/\/nkef.eus\/wp-content\/uploads\/2021\/11\/MAIDER-LLANOS-300x200.jpg 300w, https:\/\/nkef.eus\/wp-content\/uploads\/2021\/11\/MAIDER-LLANOS-768x511.jpg 768w, https:\/\/nkef.eus\/wp-content\/uploads\/2021\/11\/MAIDER-LLANOS-18x12.jpg 18w, https:\/\/nkef.eus\/wp-content\/uploads\/2021\/11\/MAIDER-LLANOS-1200x799.jpg 1200w, https:\/\/nkef.eus\/wp-content\/uploads\/2021\/11\/MAIDER-LLANOS.jpg 1440w\" sizes=\"(max-width: 580px) 100vw, 580px\" \/>\t\t\t\t\t\t\t\t\t\t\t<figcaption class=\"widget-image-caption wp-caption-text\">Maider Llanos - CDH Bipolo primera clasificada categor\u00eda Basic Novice Nacional A Open de Jaca<\/figcaption>\n\t\t\t\t\t\t\t\t\t\t<\/figure>\n\t\t\t\t\t\t\t\t<\/div>\n\t\t\t\t\t\t<\/div>\n\t\t\t\t<\/div>\n\t\t\t\t<div class=\"elementor-element elementor-element-868eb7a elementor-widget elementor-widget-image\" data-id=\"868eb7a\" data-element_type=\"widget\" data-widget_type=\"image.default\">\n\t\t\t\t<div class=\"elementor-widget-container\">\n\t\t\t\t\t\t\t\t<div class=\"elementor-image\">\n\t\t\t\t\t\t\t\t\t<figure class=\"wp-caption\">\n\t\t\t\t\t\t\t\t\t\t<img width=\"580\" height=\"386\" src=\"https:\/\/nkef.eus\/wp-content\/uploads\/2021\/11\/PABLO-AZURMENDI-1024x682.jpg\" class=\"attachment-large size-large\" alt=\"\" loading=\"lazy\" srcset=\"https:\/\/nkef.eus\/wp-content\/uploads\/2021\/11\/PABLO-AZURMENDI-1024x682.jpg 1024w, https:\/\/nkef.eus\/wp-content\/uploads\/2021\/11\/PABLO-AZURMENDI-300x200.jpg 300w, https:\/\/nkef.eus\/wp-content\/uploads\/2021\/11\/PABLO-AZURMENDI-768x511.jpg 768w, https:\/\/nkef.eus\/wp-content\/uploads\/2021\/11\/PABLO-AZURMENDI-18x12.jpg 18w, https:\/\/nkef.eus\/wp-content\/uploads\/2021\/11\/PABLO-AZURMENDI-1200x799.jpg 1200w, https:\/\/nkef.eus\/wp-content\/uploads\/2021\/11\/PABLO-AZURMENDI.jpg 1440w\" sizes=\"(max-width: 580px) 100vw, 580px\" \/>\t\t\t\t\t\t\t\t\t\t\t<figcaption class=\"widget-image-caption wp-caption-text\">Pablo Azurmendi - CH Txuri Berri primer clasificado categor\u00eda Novice Advanced Open de Jaca<\/figcaption>\n\t\t\t\t\t\t\t\t\t\t<\/figure>\n\t\t\t\t\t\t\t\t<\/div>\n\t\t\t\t\t\t<\/div>\n\t\t\t\t<\/div>\n\t\t\t\t<div class=\"elementor-element elementor-element-e772213 elementor-widget-divider--view-line elementor-widget elementor-widget-divider\" data-id=\"e772213\" data-element_type=\"widget\" data-widget_type=\"divider.default\">\n\t\t\t\t<div class=\"elementor-widget-container\">\n\t\t\t\t\t<div class=\"elementor-divider\">\n\t\t\t<span class=\"elementor-divider-separator\">\n\t\t\t\t\t\t<\/span>\n\t\t<\/div>\n\t\t\t\t<\/div>\n\t\t\t\t<\/div>\n\t\t\t\t<div class=\"elementor-element elementor-element-269d38e elementor-align-center elementor-widget elementor-widget-button\" data-id=\"269d38e\" data-element_type=\"widget\" data-widget_type=\"button.default\">\n\t\t\t\t<div class=\"elementor-widget-container\">\n\t\t\t\t\t<div class=\"elementor-button-wrapper\">\n\t\t\t<a href=\"https:\/\/nkef.eus\/wp-content\/uploads\/2021\/11\/RESULTADOS.pdf\" class=\"elementor-button-link elementor-button elementor-size-sm\" role=\"button\">\n\t\t\t\t\t\t<span class=\"elementor-button-content-wrapper\">\n\t\t\t\t\t\t<span class=\"elementor-button-text\">VER TODOS LOS RESULTADOS<\/span>\n\t\t<\/span>\n\t\t\t\t\t<\/a>\n\t\t<\/div>\n\t\t\t\t<\/div>\n\t\t\t\t<\/div>\n\t\t\t\t\t\t<\/div>\n\t\t\t\t\t<\/div>\n\t\t<\/div>\n\t\t\t\t\t\t\t\t<\/div>\n\t\t\t\t\t<\/div>\n\t\t<\/section>\n\t\t\t\t\t\t\t\t\t<\/div>\n\t\t\t<\/div>\n\t\t\t\t\t<\/div>","protected":false},"excerpt":{"rendered":"<p>BRILLANTE ACTUACI\u00d3N DE LOS PATINADORES NKEF EN EL OPEN CIUDAD DE JACA El Pabell\u00f3n de hielo de Jaca acogi\u00f3 el\u00a0Open Ciudad de Jaca de Patinaje Art\u00edstico durante el fin de semana, una competici\u00f3n encuadrada en la Liga Nacional de Patinaje Art\u00edstico y en la que participaron cerca de 90 deportistas de las categor\u00edas ISU y [&hellip;]<\/p>","protected":false},"author":3,"featured_media":4559,"comment_status":"closed","ping_status":"closed","sticky":false,"template":"elementor_header_footer","format":"standard","meta":[],"categories":[16],"tags":[],"_links":{"self":[{"href":"https:\/\/nkef.eus\/eu\/index.php\/wp-json\/wp\/v2\/posts\/4558"}],"collection":[{"href":"https:\/\/nkef.eus\/eu\/index.php\/wp-json\/wp\/v2\/posts"}],"about":[{"href":"https:\/\/nkef.eus\/eu\/index.php\/wp-json\/wp\/v2\/types\/post"}],"author":[{"embeddable":true,"href":"https:\/\/nkef.eus\/eu\/index.php\/wp-json\/wp\/v2\/users\/3"}],"replies":[{"embeddable":true,"href":"https:\/\/nkef.eus\/eu\/index.php\/wp-json\/wp\/v2\/comments?post=4558"}],"version-history":[{"count":4,"href":"https:\/\/nkef.eus\/eu\/index.php\/wp-json\/wp\/v2\/posts\/4558\/revisions"}],"predecessor-version":[{"id":4567,"href":"https:\/\/nkef.eus\/eu\/index.php\/wp-json\/wp\/v2\/posts\/4558\/revisions\/4567"}],"wp:featuredmedia":[{"embeddable":true,"href":"https:\/\/nkef.eus\/eu\/index.php\/wp-json\/wp\/v2\/media\/4559"}],"wp:attachment":[{"href":"https:\/\/nkef.eus\/eu\/index.php\/wp-json\/wp\/v2\/media?parent=4558"}],"wp:term":[{"taxonomy":"category","embeddable":true,"href":"https:\/\/nkef.eus\/eu\/index.php\/wp-json\/wp\/v2\/categories?post=4558"},{"taxonomy":"post_tag","embeddable":true,"href":"https:\/\/nkef.eus\/eu\/index.php\/wp-json\/wp\/v2\/tags?post=4558"}],"curies":[{"name":"wp","href":"https:\/\/api.w.org\/{rel}","templated":true}]}}