{"id":4548,"date":"2021-11-04T12:06:19","date_gmt":"2021-11-04T12:06:19","guid":{"rendered":"https:\/\/nkef.eus\/?p=4548"},"modified":"2021-11-25T11:24:36","modified_gmt":"2021-11-25T11:24:36","slug":"hockey-hielo-cataluna-euskadi-28-diciembre-2021","status":"publish","type":"post","link":"https:\/\/nkef.eus\/eu\/index.php\/2021\/11\/04\/hockey-hielo-cataluna-euskadi-28-diciembre-2021\/","title":{"rendered":"HOCKEY HIELO CATALU\u00d1A-EUSKADI 28 DICIEMBRE 2021"},"content":{"rendered":"<div data-elementor-type=\"wp-post\" data-elementor-id=\"4548\" class=\"elementor elementor-4548\">\n\t\t\t\t\t\t<div class=\"elementor-inner\">\n\t\t\t\t<div class=\"elementor-section-wrap\">\n\t\t\t\t\t\t\t\t\t<section class=\"elementor-section elementor-top-section elementor-element elementor-element-719c963a elementor-section-content-middle elementor-section-boxed elementor-section-height-default elementor-section-height-default\" data-id=\"719c963a\" data-element_type=\"section\">\n\t\t\t\t\t\t<div class=\"elementor-container elementor-column-gap-no\">\n\t\t\t\t\t\t\t<div class=\"elementor-row\">\n\t\t\t\t\t<div class=\"elementor-column elementor-col-100 elementor-top-column elementor-element elementor-element-3da4f8e3\" data-id=\"3da4f8e3\" data-element_type=\"column\">\n\t\t\t<div class=\"elementor-column-wrap elementor-element-populated\">\n\t\t\t\t\t\t\t<div class=\"elementor-widget-wrap\">\n\t\t\t\t\t\t<div class=\"elementor-element elementor-element-7a477ad1 elementor-widget elementor-widget-heading\" data-id=\"7a477ad1\" data-element_type=\"widget\" data-widget_type=\"heading.default\">\n\t\t\t\t<div class=\"elementor-widget-container\">\n\t\t\t<h4 class=\"elementor-heading-title elementor-size-default\">HOCKEY HIELO CATALU\u00d1A-EUSKADI 28 DICIEMBRE 2021<\/h4>\t\t<\/div>\n\t\t\t\t<\/div>\n\t\t\t\t<div class=\"elementor-element elementor-element-892dcfa elementor-widget elementor-widget-image\" data-id=\"892dcfa\" data-element_type=\"widget\" data-widget_type=\"image.default\">\n\t\t\t\t<div class=\"elementor-widget-container\">\n\t\t\t\t\t\t\t\t<div class=\"elementor-image\">\n\t\t\t\t\t\t\t\t\t\t\t\t<img width=\"580\" height=\"820\" src=\"https:\/\/nkef.eus\/wp-content\/uploads\/2021\/11\/CARTEL-EUSKERA-724x1024.png\" class=\"attachment-large size-large\" alt=\"\" loading=\"lazy\" srcset=\"https:\/\/nkef.eus\/wp-content\/uploads\/2021\/11\/CARTEL-EUSKERA-724x1024.png 724w, https:\/\/nkef.eus\/wp-content\/uploads\/2021\/11\/CARTEL-EUSKERA-212x300.png 212w, https:\/\/nkef.eus\/wp-content\/uploads\/2021\/11\/CARTEL-EUSKERA-768x1086.png 768w, https:\/\/nkef.eus\/wp-content\/uploads\/2021\/11\/CARTEL-EUSKERA-1086x1536.png 1086w, https:\/\/nkef.eus\/wp-content\/uploads\/2021\/11\/CARTEL-EUSKERA-8x12.png 8w, https:\/\/nkef.eus\/wp-content\/uploads\/2021\/11\/CARTEL-EUSKERA-1200x1697.png 1200w, https:\/\/nkef.eus\/wp-content\/uploads\/2021\/11\/CARTEL-EUSKERA.png 1414w\" sizes=\"(max-width: 580px) 100vw, 580px\" \/>\t\t\t\t\t\t\t\t\t\t\t\t\t\t<\/div>\n\t\t\t\t\t\t<\/div>\n\t\t\t\t<\/div>\n\t\t\t\t<div class=\"elementor-element elementor-element-7d6f3b6 elementor-widget-divider--view-line elementor-widget elementor-widget-divider\" data-id=\"7d6f3b6\" data-element_type=\"widget\" data-widget_type=\"divider.default\">\n\t\t\t\t<div class=\"elementor-widget-container\">\n\t\t\t\t\t<div class=\"elementor-divider\">\n\t\t\t<span class=\"elementor-divider-separator\">\n\t\t\t\t\t\t<\/span>\n\t\t<\/div>\n\t\t\t\t<\/div>\n\t\t\t\t<\/div>\n\t\t\t\t<div class=\"elementor-element elementor-element-68b8a981 elementor-widget elementor-widget-text-editor\" data-id=\"68b8a981\" data-element_type=\"widget\" data-widget_type=\"text-editor.default\">\n\t\t\t\t<div class=\"elementor-widget-container\">\n\t\t\t\t\t\t\t\t<div class=\"elementor-text-editor elementor-clearfix\">\n\t\t\t\t<p>Cuatro a\u00f1os despu\u00e9s de la \u00faltima edici\u00f3n, el pr\u00f3ximo 28 de diciembre la pista de hielo de Puigcerd\u00e0 acoger\u00e1 un nuevo duelo entre las selecciones de Catalunya y Euskadi.\u00a0La jornada contar\u00e1 con dos partidos, en categor\u00eda masculina y femenina.\u00a0<\/p><p>De esta forma, las fiestas navide\u00f1as volver\u00e1n a ofrecer un potente reclamo para los amantes del hockey hielo y los deportes de invierno, con un choque entre dos selecciones amigas y con fuerte arraigo social y deportivo en el hockey hielo estatal.<\/p><p>.<\/p><h4><strong>CUANDO<\/strong><\/h4><p>Una jornada festiva que tendr\u00e1 lugar el pr\u00f3ximo martes 28 de diciembre, con la celebraci\u00f3n de dos partidos: categor\u00eda masculina y femenina.\u00a0<\/p><p style=\"text-align: center;\"><strong>Horario y orden de los partidos pendiente de confirmaci\u00f3n<\/strong>\u00a0.<\/p><p>.<\/p><p><img loading=\"lazy\" class=\"aligncenter wp-image-23998\" src=\"https:\/\/www.fceh.cat\/wp-content\/uploads\/2021\/09\/Catalunya-Euskadi-veterans-2017-1024x684.jpg\" sizes=\"(max-width: 520px) 100vw, 520px\" srcset=\"https:\/\/www.fceh.cat\/wp-content\/uploads\/2021\/09\/Catalunya-Euskadi-veterans-2017-1024x684.jpg 1024w, https:\/\/www.fceh.cat\/wp-content\/uploads\/2021\/09\/Catalunya-Euskadi-veterans-2017-300x200.jpg 300w, https:\/\/www.fceh.cat\/wp-content\/uploads\/2021\/09\/Catalunya-Euskadi-veterans-2017-768x513.jpg 768w, https:\/\/www.fceh.cat\/wp-content\/uploads\/2021\/09\/Catalunya-Euskadi-veterans-2017-1536x1025.jpg 1536w, https:\/\/www.fceh.cat\/wp-content\/uploads\/2021\/09\/Catalunya-Euskadi-veterans-2017.jpg 2000w\" alt=\"\" width=\"520\" height=\"347\" \/><\/p><p>.<\/p><h4><strong>DONDE<\/strong><\/h4><p>El escenario escogido para celebrar los partidos ser\u00e1 la\u00a0<strong>pista de hielo del Club Polideportivo Puigcerd\u00e0<\/strong>\u00a0.\u00a0Afortunadamente, una vez retirada la restricci\u00f3n de entrada a recintos por efectos de la pandemia, la pista podr\u00e1 acoger el 100% del total de su aforo.<\/p><p>La pista se puede encontrar en las afueras de Puigcerd\u00e0, a poco m\u00e1s de 5 minutos en coche desde la rotonda de entrada al pueblo.<\/p><p>.<\/p><div class=\"mapouter\"><div class=\"gmap_canvas\"><iframe loading=\"lazy\" id=\"gmap_canvas\" src=\"https:\/\/maps.google.com\/maps?q=Avinguda%20Ramon%20Condomines,%20s\/n,%2017520%20Puigcerd%C3%A0,%20Girona&amp;t=&amp;z=15&amp;ie=UTF8&amp;iwloc=&amp;output=embed\" width=\"662\" height=\"513\" frameborder=\"0\" marginwidth=\"0\" marginheight=\"0\" scrolling=\"no\" data-mce-fragment=\"1\"><\/iframe><\/div><\/div><h4><strong>ENTRADAS<\/strong><\/h4><p>Las entradas para el doble enfrentamiento entre Catalunya y Euskadi est\u00e1n ya a la venta a trav\u00e9s de la p\u00e1gina WEB de la\u00a0 FCEH<\/p><p>Desde ahora y durante unas semanas, las entradas pueden adquirirse a un precio promocional, que incrementar\u00e1 ligeramente despu\u00e9s en funci\u00f3n del d\u00eda y el mes en que se compren.\u00a0A continuaci\u00f3n puede consultar los tramos de precios.<\/p><p>.<\/p><p><img loading=\"lazy\" class=\"aligncenter wp-image-24017\" src=\"https:\/\/www.fceh.cat\/wp-content\/uploads\/2021\/09\/Partit-mascul%C3%AD-1024x726.png\" sizes=\"(max-width: 530px) 100vw, 530px\" srcset=\"https:\/\/www.fceh.cat\/wp-content\/uploads\/2021\/09\/Partit-mascul\u00ed-1024x726.png 1024w, https:\/\/www.fceh.cat\/wp-content\/uploads\/2021\/09\/Partit-mascul\u00ed-300x213.png 300w, https:\/\/www.fceh.cat\/wp-content\/uploads\/2021\/09\/Partit-mascul\u00ed-768x545.png 768w, https:\/\/www.fceh.cat\/wp-content\/uploads\/2021\/09\/Partit-mascul\u00ed-1536x1090.png 1536w, https:\/\/www.fceh.cat\/wp-content\/uploads\/2021\/09\/Partit-mascul\u00ed.png 1748w\" alt=\"\" width=\"530\" height=\"376\" \/><\/p><p>.<\/p><p><strong>3\u20ac<\/strong>\u00a0\u00a0 \u00a0Hasta el 1 de noviembre<\/p><p><strong>4\u20ac<\/strong>\u00a0\u00a0 \u00a0Del 2 al 30 de noviembre<\/p><p><strong>5\u20ac<\/strong>\u00a0\u00a0 \u00a0Del 1 al 27 de diciembre<\/p><p>.<\/p><div class=\"wp-block-buttons aligncenter\"><div class=\"wp-block-button\">\u00a0<\/div><\/div><div><p><img loading=\"lazy\" class=\"aligncenter size-large wp-image-24019\" src=\"https:\/\/www.fceh.cat\/wp-content\/uploads\/2021\/09\/Partit-femen%C3%AD-1024x726.png\" sizes=\"(max-width: 960px) 100vw, 960px\" srcset=\"https:\/\/www.fceh.cat\/wp-content\/uploads\/2021\/09\/Partit-femen\u00ed-1024x726.png 1024w, https:\/\/www.fceh.cat\/wp-content\/uploads\/2021\/09\/Partit-femen\u00ed-300x213.png 300w, https:\/\/www.fceh.cat\/wp-content\/uploads\/2021\/09\/Partit-femen\u00ed-768x545.png 768w, https:\/\/www.fceh.cat\/wp-content\/uploads\/2021\/09\/Partit-femen\u00ed-1536x1090.png 1536w, https:\/\/www.fceh.cat\/wp-content\/uploads\/2021\/09\/Partit-femen\u00ed.png 1748w\" alt=\"\" width=\"960\" height=\"681\" \/><\/p><p>.<\/p><p><strong>3\u20ac<\/strong>\u00a0\u00a0 \u00a0Hasta el 1 de noviembre<\/p><p><strong>4\u20ac<\/strong>\u00a0\u00a0 \u00a0Del 2 al 30 de noviembre<\/p><p><strong>5\u20ac<\/strong>\u00a0\u00a0 \u00a0Del 1 al 27 de diciembre<\/p><p>.<\/p><p>.<\/p><p><img loading=\"lazy\" class=\"aligncenter wp-image-24020\" src=\"https:\/\/www.fceh.cat\/wp-content\/uploads\/2021\/09\/Tot-en-1-1024x726.png\" sizes=\"(max-width: 530px) 100vw, 530px\" srcset=\"https:\/\/www.fceh.cat\/wp-content\/uploads\/2021\/09\/Tot-en-1-1024x726.png 1024w, https:\/\/www.fceh.cat\/wp-content\/uploads\/2021\/09\/Tot-en-1-300x213.png 300w, https:\/\/www.fceh.cat\/wp-content\/uploads\/2021\/09\/Tot-en-1-768x545.png 768w, https:\/\/www.fceh.cat\/wp-content\/uploads\/2021\/09\/Tot-en-1-1536x1090.png 1536w, https:\/\/www.fceh.cat\/wp-content\/uploads\/2021\/09\/Tot-en-1.png 1748w\" alt=\"\" width=\"530\" height=\"376\" \/><\/p><p>.<\/p><p><strong>4\u20ac<\/strong>\u00a0\u00a0 \u00a0Hasta el 1 de noviembre<\/p><p><strong>6\u20ac<\/strong>\u00a0\u00a0 \u00a0Del 2 al 30 de noviembre<\/p><p><strong>8\u20ac<\/strong>\u00a0\u00a0 \u00a0Del 1 al 27 de diciembre<\/p><p>\u00a0<\/p><\/div>\t\t\t\t\t<\/div>\n\t\t\t\t\t\t<\/div>\n\t\t\t\t<\/div>\n\t\t\t\t<div class=\"elementor-element elementor-element-016edba elementor-widget-divider--view-line elementor-widget elementor-widget-divider\" data-id=\"016edba\" data-element_type=\"widget\" data-widget_type=\"divider.default\">\n\t\t\t\t<div class=\"elementor-widget-container\">\n\t\t\t\t\t<div class=\"elementor-divider\">\n\t\t\t<span class=\"elementor-divider-separator\">\n\t\t\t\t\t\t<\/span>\n\t\t<\/div>\n\t\t\t\t<\/div>\n\t\t\t\t<\/div>\n\t\t\t\t<section class=\"elementor-section elementor-inner-section elementor-element elementor-element-595bc45 elementor-section-boxed elementor-section-height-default elementor-section-height-default\" data-id=\"595bc45\" data-element_type=\"section\">\n\t\t\t\t\t\t<div class=\"elementor-container elementor-column-gap-default\">\n\t\t\t\t\t\t\t<div class=\"elementor-row\">\n\t\t\t\t\t<div class=\"elementor-column elementor-col-50 elementor-inner-column elementor-element elementor-element-f4c13c1\" data-id=\"f4c13c1\" data-element_type=\"column\">\n\t\t\t<div class=\"elementor-column-wrap elementor-element-populated\">\n\t\t\t\t\t\t\t<div class=\"elementor-widget-wrap\">\n\t\t\t\t\t\t<div class=\"elementor-element elementor-element-9248efe elementor-widget elementor-widget-image\" data-id=\"9248efe\" data-element_type=\"widget\" data-widget_type=\"image.default\">\n\t\t\t\t<div class=\"elementor-widget-container\">\n\t\t\t\t\t\t\t\t<div class=\"elementor-image\">\n\t\t\t\t\t\t\t\t\t\t\t\t<img width=\"580\" height=\"580\" src=\"https:\/\/nkef.eus\/wp-content\/uploads\/2021\/11\/1-1024x1024.png\" class=\"attachment-large size-large\" alt=\"\" loading=\"lazy\" srcset=\"https:\/\/nkef.eus\/wp-content\/uploads\/2021\/11\/1-1024x1024.png 1024w, https:\/\/nkef.eus\/wp-content\/uploads\/2021\/11\/1-300x300.png 300w, https:\/\/nkef.eus\/wp-content\/uploads\/2021\/11\/1-150x150.png 150w, https:\/\/nkef.eus\/wp-content\/uploads\/2021\/11\/1-768x768.png 768w, https:\/\/nkef.eus\/wp-content\/uploads\/2021\/11\/1-12x12.png 12w, https:\/\/nkef.eus\/wp-content\/uploads\/2021\/11\/1.png 1080w\" sizes=\"(max-width: 580px) 100vw, 580px\" \/>\t\t\t\t\t\t\t\t\t\t\t\t\t\t<\/div>\n\t\t\t\t\t\t<\/div>\n\t\t\t\t<\/div>\n\t\t\t\t\t\t<\/div>\n\t\t\t\t\t<\/div>\n\t\t<\/div>\n\t\t\t\t<div class=\"elementor-column elementor-col-50 elementor-inner-column elementor-element elementor-element-93534c7\" data-id=\"93534c7\" data-element_type=\"column\">\n\t\t\t<div class=\"elementor-column-wrap elementor-element-populated\">\n\t\t\t\t\t\t\t<div class=\"elementor-widget-wrap\">\n\t\t\t\t\t\t<div class=\"elementor-element elementor-element-981dc33 elementor-widget elementor-widget-image\" data-id=\"981dc33\" data-element_type=\"widget\" data-widget_type=\"image.default\">\n\t\t\t\t<div class=\"elementor-widget-container\">\n\t\t\t\t\t\t\t\t<div class=\"elementor-image\">\n\t\t\t\t\t\t\t\t\t\t\t\t<img width=\"580\" height=\"580\" src=\"https:\/\/nkef.eus\/wp-content\/uploads\/2021\/11\/2-1024x1024.png\" class=\"attachment-large size-large\" alt=\"\" loading=\"lazy\" srcset=\"https:\/\/nkef.eus\/wp-content\/uploads\/2021\/11\/2-1024x1024.png 1024w, https:\/\/nkef.eus\/wp-content\/uploads\/2021\/11\/2-300x300.png 300w, https:\/\/nkef.eus\/wp-content\/uploads\/2021\/11\/2-150x150.png 150w, https:\/\/nkef.eus\/wp-content\/uploads\/2021\/11\/2-768x768.png 768w, https:\/\/nkef.eus\/wp-content\/uploads\/2021\/11\/2-12x12.png 12w, https:\/\/nkef.eus\/wp-content\/uploads\/2021\/11\/2.png 1080w\" sizes=\"(max-width: 580px) 100vw, 580px\" \/>\t\t\t\t\t\t\t\t\t\t\t\t\t\t<\/div>\n\t\t\t\t\t\t<\/div>\n\t\t\t\t<\/div>\n\t\t\t\t\t\t<\/div>\n\t\t\t\t\t<\/div>\n\t\t<\/div>\n\t\t\t\t\t\t\t\t<\/div>\n\t\t\t\t\t<\/div>\n\t\t<\/section>\n\t\t\t\t<section class=\"elementor-section elementor-inner-section elementor-element elementor-element-f87b324 elementor-section-boxed elementor-section-height-default elementor-section-height-default\" data-id=\"f87b324\" data-element_type=\"section\">\n\t\t\t\t\t\t<div class=\"elementor-container elementor-column-gap-default\">\n\t\t\t\t\t\t\t<div class=\"elementor-row\">\n\t\t\t\t\t<div class=\"elementor-column elementor-col-50 elementor-inner-column elementor-element elementor-element-7400671\" data-id=\"7400671\" data-element_type=\"column\">\n\t\t\t<div class=\"elementor-column-wrap elementor-element-populated\">\n\t\t\t\t\t\t\t<div class=\"elementor-widget-wrap\">\n\t\t\t\t\t\t<div class=\"elementor-element elementor-element-85dc512 elementor-align-center elementor-widget elementor-widget-button\" data-id=\"85dc512\" data-element_type=\"widget\" data-widget_type=\"button.default\">\n\t\t\t\t<div class=\"elementor-widget-container\">\n\t\t\t\t\t<div class=\"elementor-button-wrapper\">\n\t\t\t<a href=\"https:\/\/nkef.eus\/wp-content\/uploads\/2021\/11\/FEMENINO.pdf\" class=\"elementor-button-link elementor-button elementor-size-sm\" role=\"button\">\n\t\t\t\t\t\t<span class=\"elementor-button-content-wrapper\">\n\t\t\t\t\t\t<span class=\"elementor-button-text\">LISTA CONVOCADAS EQUIPO FEMENINO<\/span>\n\t\t<\/span>\n\t\t\t\t\t<\/a>\n\t\t<\/div>\n\t\t\t\t<\/div>\n\t\t\t\t<\/div>\n\t\t\t\t\t\t<\/div>\n\t\t\t\t\t<\/div>\n\t\t<\/div>\n\t\t\t\t<div class=\"elementor-column elementor-col-50 elementor-inner-column elementor-element elementor-element-65247bd\" data-id=\"65247bd\" data-element_type=\"column\">\n\t\t\t<div class=\"elementor-column-wrap elementor-element-populated\">\n\t\t\t\t\t\t\t<div class=\"elementor-widget-wrap\">\n\t\t\t\t\t\t<div class=\"elementor-element elementor-element-84a814c elementor-align-center elementor-widget elementor-widget-button\" data-id=\"84a814c\" data-element_type=\"widget\" data-widget_type=\"button.default\">\n\t\t\t\t<div class=\"elementor-widget-container\">\n\t\t\t\t\t<div class=\"elementor-button-wrapper\">\n\t\t\t<a href=\"https:\/\/nkef.eus\/wp-content\/uploads\/2021\/11\/MASCULINO.pdf\" class=\"elementor-button-link elementor-button elementor-size-sm\" role=\"button\">\n\t\t\t\t\t\t<span class=\"elementor-button-content-wrapper\">\n\t\t\t\t\t\t<span class=\"elementor-button-text\">LISTA CONVOCADOS EQUIPO MASCULINO<\/span>\n\t\t<\/span>\n\t\t\t\t\t<\/a>\n\t\t<\/div>\n\t\t\t\t<\/div>\n\t\t\t\t<\/div>\n\t\t\t\t\t\t<\/div>\n\t\t\t\t\t<\/div>\n\t\t<\/div>\n\t\t\t\t\t\t\t\t<\/div>\n\t\t\t\t\t<\/div>\n\t\t<\/section>\n\t\t\t\t\t\t<\/div>\n\t\t\t\t\t<\/div>\n\t\t<\/div>\n\t\t\t\t\t\t\t\t<\/div>\n\t\t\t\t\t<\/div>\n\t\t<\/section>\n\t\t\t\t\t\t\t\t\t<\/div>\n\t\t\t<\/div>\n\t\t\t\t\t<\/div>","protected":false},"excerpt":{"rendered":"<p>HOCKEY HIELO CATALU\u00d1A-EUSKADI 28 DICIEMBRE 2021 Cuatro a\u00f1os despu\u00e9s de la \u00faltima edici\u00f3n, el pr\u00f3ximo 28 de diciembre la pista de hielo de Puigcerd\u00e0 acoger\u00e1 un nuevo duelo entre las selecciones de Catalunya y Euskadi.\u00a0La jornada contar\u00e1 con dos partidos, en categor\u00eda masculina y femenina.\u00a0 De esta forma, las fiestas navide\u00f1as volver\u00e1n a ofrecer un [&hellip;]<\/p>","protected":false},"author":3,"featured_media":4549,"comment_status":"closed","ping_status":"closed","sticky":false,"template":"elementor_header_footer","format":"standard","meta":[],"categories":[13],"tags":[],"_links":{"self":[{"href":"https:\/\/nkef.eus\/eu\/index.php\/wp-json\/wp\/v2\/posts\/4548"}],"collection":[{"href":"https:\/\/nkef.eus\/eu\/index.php\/wp-json\/wp\/v2\/posts"}],"about":[{"href":"https:\/\/nkef.eus\/eu\/index.php\/wp-json\/wp\/v2\/types\/post"}],"author":[{"embeddable":true,"href":"https:\/\/nkef.eus\/eu\/index.php\/wp-json\/wp\/v2\/users\/3"}],"replies":[{"embeddable":true,"href":"https:\/\/nkef.eus\/eu\/index.php\/wp-json\/wp\/v2\/comments?post=4548"}],"version-history":[{"count":19,"href":"https:\/\/nkef.eus\/eu\/index.php\/wp-json\/wp\/v2\/posts\/4548\/revisions"}],"predecessor-version":[{"id":4619,"href":"https:\/\/nkef.eus\/eu\/index.php\/wp-json\/wp\/v2\/posts\/4548\/revisions\/4619"}],"wp:featuredmedia":[{"embeddable":true,"href":"https:\/\/nkef.eus\/eu\/index.php\/wp-json\/wp\/v2\/media\/4549"}],"wp:attachment":[{"href":"https:\/\/nkef.eus\/eu\/index.php\/wp-json\/wp\/v2\/media?parent=4548"}],"wp:term":[{"taxonomy":"category","embeddable":true,"href":"https:\/\/nkef.eus\/eu\/index.php\/wp-json\/wp\/v2\/categories?post=4548"},{"taxonomy":"post_tag","embeddable":true,"href":"https:\/\/nkef.eus\/eu\/index.php\/wp-json\/wp\/v2\/tags?post=4548"}],"curies":[{"name":"wp","href":"https:\/\/api.w.org\/{rel}","templated":true}]}}