{"id":4101,"date":"2021-05-26T09:04:33","date_gmt":"2021-05-26T09:04:33","guid":{"rendered":"https:\/\/nkef.eus\/?p=4101"},"modified":"2021-05-26T09:23:54","modified_gmt":"2021-05-26T09:23:54","slug":"7-deportistas-de-la-nkef-en-la-lista-oficial-de-los-equipos-nacionales-de-rfedi-spainsnow-para-la-temporada-2021-2022","status":"publish","type":"post","link":"https:\/\/nkef.eus\/eu\/index.php\/2021\/05\/26\/7-deportistas-de-la-nkef-en-la-lista-oficial-de-los-equipos-nacionales-de-rfedi-spainsnow-para-la-temporada-2021-2022\/","title":{"rendered":"7 Deportistas De La NKEF En La Lista oficial de los Equipos Nacionales de RFEDI-Spainsnow para la temporada 2021-2022"},"content":{"rendered":"<div data-elementor-type=\"wp-post\" data-elementor-id=\"4101\" class=\"elementor elementor-4101\">\n\t\t\t\t\t\t<div class=\"elementor-inner\">\n\t\t\t\t<div class=\"elementor-section-wrap\">\n\t\t\t\t\t\t\t\t\t<section class=\"elementor-section elementor-top-section elementor-element elementor-element-2d359c98 elementor-section-content-middle elementor-section-boxed elementor-section-height-default elementor-section-height-default\" data-id=\"2d359c98\" data-element_type=\"section\">\n\t\t\t\t\t\t<div class=\"elementor-container elementor-column-gap-no\">\n\t\t\t\t\t\t\t<div class=\"elementor-row\">\n\t\t\t\t\t<div class=\"elementor-column elementor-col-100 elementor-top-column elementor-element elementor-element-2fbabcf1\" data-id=\"2fbabcf1\" data-element_type=\"column\">\n\t\t\t<div class=\"elementor-column-wrap elementor-element-populated\">\n\t\t\t\t\t\t\t<div class=\"elementor-widget-wrap\">\n\t\t\t\t\t\t<div class=\"elementor-element elementor-element-781be541 elementor-widget elementor-widget-heading\" data-id=\"781be541\" data-element_type=\"widget\" data-widget_type=\"heading.default\">\n\t\t\t\t<div class=\"elementor-widget-container\">\n\t\t\t<h4 class=\"elementor-heading-title elementor-size-default\">7 Deportistas De La NKEF En La Lista oficial de los Equipos Nacionales de RFEDI-Spainsnow para la temporada 2021-2022<\/h4>\t\t<\/div>\n\t\t\t\t<\/div>\n\t\t\t\t<div class=\"elementor-element elementor-element-a0d3b8d elementor-widget-divider--view-line elementor-widget elementor-widget-divider\" data-id=\"a0d3b8d\" data-element_type=\"widget\" data-widget_type=\"divider.default\">\n\t\t\t\t<div class=\"elementor-widget-container\">\n\t\t\t\t\t<div class=\"elementor-divider\">\n\t\t\t<span class=\"elementor-divider-separator\">\n\t\t\t\t\t\t<\/span>\n\t\t<\/div>\n\t\t\t\t<\/div>\n\t\t\t\t<\/div>\n\t\t\t\t<div class=\"elementor-element elementor-element-371d6cd6 elementor-widget elementor-widget-text-editor\" data-id=\"371d6cd6\" data-element_type=\"widget\" data-widget_type=\"text-editor.default\">\n\t\t\t\t<div class=\"elementor-widget-container\">\n\t\t\t\t\t\t\t\t<div class=\"elementor-text-editor elementor-clearfix\">\n\t\t\t\t<p dir=\"ltr\" style=\"text-align: center;\">La Real Federaci\u00f3n Espa\u00f1ola Deportes de Invierno (RFEDI) Spainsnow present\u00f3 el listado oficial de deportistas espa\u00f1oles que forman parte de las estructuras deportivas de la federaci\u00f3n para la pr\u00f3xima temporada de invierno 2021-2022 en la que se disputar\u00e1n los JJOO de Beijing 2022 en el mes de Febrero.\u00a0<\/p><p dir=\"ltr\" style=\"text-align: center;\">La lista est\u00e1 dividida en 3 los tres niveles de equipos A, B, C. Destaca la gran cantidad de j\u00f3venes que ingresan en los equipos nacionales de cada deporte, la mayor\u00eda de ellos en los equipos C: 4 en alpino, 2 en snowboard, 1 baches.\u00a0<\/p><p dir=\"ltr\" style=\"text-align: center;\">Adicionalmente, y fuera de las estructuras de la propia federaci\u00f3n pero con su apoyo log\u00edstico y econ\u00f3mico gracias al Plan Nacional de Tecnificaci\u00f3n Deportiva (PNTD), se seguir\u00e1 trabajando con los Grupos de Seguimiento. Se trata de un grupo de deportistas abierto y din\u00e1mico integrado por 18 nuevos talentos de snowboard, esqu\u00ed alpino, esqu\u00ed de fondo y esqu\u00ed freestyle.\u00a0<\/p><p dir=\"ltr\" style=\"text-align: center;\">Esta f\u00f3rmula fue dise\u00f1ada la temporada anterior 20-21, considerando la excepcionalidad generada por el Covid-19 y su impacto en la ejecuci\u00f3n del programa de competiciones de final de temporada. De esta forma, se otorga una nueva oportunidad a los deportistas que no pudieron conseguir objetivos de demostrar su val\u00eda en una temporada con un calendario internacional cambiante.<strong>\u00a0<\/strong><strong>\u00a0<\/strong><\/p><p dir=\"ltr\">&#8212;&#8212;&#8212;&#8212;&#8212;&#8212;&#8212;&#8212;&#8212;&#8212;&#8212;&#8212;&#8212;&#8212;&#8212;&#8212;&#8212;&#8212;&#8212;&#8212;&#8212;&#8212;&#8212;&#8212;&#8212;&#8212;&#8212;&#8212;&#8212;&#8212;&#8212;&#8212;&#8212;&#8212;&#8212;&#8212;&#8212;&#8212;&#8212;&#8212;&#8212;&#8212;&#8212;&#8212;&#8212;&#8212;&#8212;&#8212;&#8212;&#8212;-<\/p><p dir=\"ltr\" style=\"text-align: center;\"><u>LISTA OFICIAL DEPORTISTAS TEMPORADA 2021-2022<\/u>\u00a0<\/p><p dir=\"ltr\" style=\"text-align: center;\"><strong><span style=\"text-decoration: underline;\">ESQU\u00cd ALPINO<\/span>\u00a0<\/strong><\/p><p dir=\"ltr\">Equipo A:<\/p><ul><li dir=\"ltr\"><p dir=\"ltr\">Albert Ortega &#8211; FCEH-LMCE<\/p><\/li><\/ul><p dir=\"ltr\">Equipo B:<\/p><ul><li dir=\"ltr\"><p dir=\"ltr\">Juan del Campo &#8211; NKEF-EURO<\/p><\/li><li dir=\"ltr\"><p dir=\"ltr\">Joaquim Salarich &#8211; FCEH-LMCE<\/p><\/li><li dir=\"ltr\"><p dir=\"ltr\">Adur Etxezarreta &#8211; NKNF-ESQNV<\/p><\/li><li dir=\"ltr\"><p dir=\"ltr\">Alex Puente &#8211; FCEH-CAEI<\/p><\/li><\/ul><p dir=\"ltr\">Equipo C:<\/p><ul><li dir=\"ltr\"><p dir=\"ltr\">Aingeru Garay &#8211; NKEF-LVERD**<\/p><\/li><li dir=\"ltr\"><p dir=\"ltr\">Arrieta Rodr\u00edguez &#8211; FCEH-CEVA<\/p><\/li><li dir=\"ltr\"><p dir=\"ltr\">June Garitano &#8211; NKEF-IRMO<\/p><\/li><li dir=\"ltr\"><p dir=\"ltr\">Tom\u00e1s Barata &#8211; FCEH-CEVA<\/p><\/li><li dir=\"ltr\"><p dir=\"ltr\">Ander Mintegui &#8211; FADI Arag\u00f3n-MAYENCOS<\/p><\/li><li dir=\"ltr\"><p dir=\"ltr\">Conrad Sastre &#8211; FCEH-GRANUEC<\/p><\/li><\/ul>\t\t\t\t\t<\/div>\n\t\t\t\t\t\t<\/div>\n\t\t\t\t<\/div>\n\t\t\t\t<div class=\"elementor-element elementor-element-663c100 elementor-widget-divider--view-line elementor-widget elementor-widget-divider\" data-id=\"663c100\" data-element_type=\"widget\" data-widget_type=\"divider.default\">\n\t\t\t\t<div class=\"elementor-widget-container\">\n\t\t\t\t\t<div class=\"elementor-divider\">\n\t\t\t<span class=\"elementor-divider-separator\">\n\t\t\t\t\t\t<\/span>\n\t\t<\/div>\n\t\t\t\t<\/div>\n\t\t\t\t<\/div>\n\t\t\t\t<div class=\"elementor-element elementor-element-8137d5f elementor-widget elementor-widget-image\" data-id=\"8137d5f\" data-element_type=\"widget\" data-widget_type=\"image.default\">\n\t\t\t\t<div class=\"elementor-widget-container\">\n\t\t\t\t\t\t\t\t<div class=\"elementor-image\">\n\t\t\t\t\t\t\t\t\t<figure class=\"wp-caption\">\n\t\t\t\t\t\t\t\t\t\t<img width=\"580\" height=\"580\" src=\"https:\/\/nkef.eus\/wp-content\/uploads\/2021\/05\/4-1024x1024.png\" class=\"attachment-large size-large\" alt=\"\" loading=\"lazy\" srcset=\"https:\/\/nkef.eus\/wp-content\/uploads\/2021\/05\/4-1024x1024.png 1024w, https:\/\/nkef.eus\/wp-content\/uploads\/2021\/05\/4-300x300.png 300w, https:\/\/nkef.eus\/wp-content\/uploads\/2021\/05\/4-150x150.png 150w, https:\/\/nkef.eus\/wp-content\/uploads\/2021\/05\/4-768x768.png 768w, https:\/\/nkef.eus\/wp-content\/uploads\/2021\/05\/4-12x12.png 12w, https:\/\/nkef.eus\/wp-content\/uploads\/2021\/05\/4.png 1080w\" sizes=\"(max-width: 580px) 100vw, 580px\" \/>\t\t\t\t\t\t\t\t\t\t\t<figcaption class=\"widget-image-caption wp-caption-text\">Juan Del Campo - Aingeru Garay y June Garitano (Deportistas NKEF)<\/figcaption>\n\t\t\t\t\t\t\t\t\t\t<\/figure>\n\t\t\t\t\t\t\t\t<\/div>\n\t\t\t\t\t\t<\/div>\n\t\t\t\t<\/div>\n\t\t\t\t<div class=\"elementor-element elementor-element-a919c06 elementor-widget-divider--view-line elementor-widget elementor-widget-divider\" data-id=\"a919c06\" data-element_type=\"widget\" data-widget_type=\"divider.default\">\n\t\t\t\t<div class=\"elementor-widget-container\">\n\t\t\t\t\t<div class=\"elementor-divider\">\n\t\t\t<span class=\"elementor-divider-separator\">\n\t\t\t\t\t\t<\/span>\n\t\t<\/div>\n\t\t\t\t<\/div>\n\t\t\t\t<\/div>\n\t\t\t\t<div class=\"elementor-element elementor-element-87659f1 elementor-widget elementor-widget-text-editor\" data-id=\"87659f1\" data-element_type=\"widget\" data-widget_type=\"text-editor.default\">\n\t\t\t\t<div class=\"elementor-widget-container\">\n\t\t\t\t\t\t\t\t<div class=\"elementor-text-editor elementor-clearfix\">\n\t\t\t\t<p dir=\"ltr\" style=\"text-align: center;\"><span style=\"text-decoration: underline;\"><strong>SNOWBOARD<\/strong><\/span>\u00a0<\/p><p dir=\"ltr\">Equipo A:<\/p><ul><li dir=\"ltr\"><p dir=\"ltr\">Lucas Eguibar &#8211; NKEF-DALTON<\/p><\/li><li dir=\"ltr\"><p dir=\"ltr\">Queralt Castellet &#8211; FCEH-CEMT<\/p><\/li><\/ul><p dir=\"ltr\">Equipo B:<\/p><ul><li dir=\"ltr\"><p dir=\"ltr\">\u00c1lvaro Romero &#8211; NKEF-DALTON<\/p><\/li><li dir=\"ltr\"><p dir=\"ltr\">Maria Hidalgo &#8211; FCEH-CEMT<\/p><\/li><\/ul><p dir=\"ltr\">Equipo C:<\/p><ul><li dir=\"ltr\"><p dir=\"ltr\">Regino Hern\u00e1ndez &#8211; FADI Andaluc\u00eda-SNTER<\/p><\/li><li dir=\"ltr\"><p dir=\"ltr\">Bernat Ribera &#8211; FCEH-CSFC<\/p><\/li><li dir=\"ltr\"><p dir=\"ltr\">Antoni Toledo &#8211; FCEH-BST<\/p><\/li><li dir=\"ltr\"><p dir=\"ltr\">Nora Cornell &#8211; FCEH-CSFC<\/p><\/li><\/ul>\t\t\t\t\t<\/div>\n\t\t\t\t\t\t<\/div>\n\t\t\t\t<\/div>\n\t\t\t\t<div class=\"elementor-element elementor-element-0044251 elementor-widget-divider--view-line elementor-widget elementor-widget-divider\" data-id=\"0044251\" data-element_type=\"widget\" data-widget_type=\"divider.default\">\n\t\t\t\t<div class=\"elementor-widget-container\">\n\t\t\t\t\t<div class=\"elementor-divider\">\n\t\t\t<span class=\"elementor-divider-separator\">\n\t\t\t\t\t\t<\/span>\n\t\t<\/div>\n\t\t\t\t<\/div>\n\t\t\t\t<\/div>\n\t\t\t\t<div class=\"elementor-element elementor-element-29f3083 elementor-widget elementor-widget-image\" data-id=\"29f3083\" data-element_type=\"widget\" data-widget_type=\"image.default\">\n\t\t\t\t<div class=\"elementor-widget-container\">\n\t\t\t\t\t\t\t\t<div class=\"elementor-image\">\n\t\t\t\t\t\t\t\t\t<figure class=\"wp-caption\">\n\t\t\t\t\t\t\t\t\t\t<img width=\"580\" height=\"580\" src=\"https:\/\/nkef.eus\/wp-content\/uploads\/2021\/05\/3-1024x1024.png\" class=\"attachment-large size-large\" alt=\"\" loading=\"lazy\" srcset=\"https:\/\/nkef.eus\/wp-content\/uploads\/2021\/05\/3-1024x1024.png 1024w, https:\/\/nkef.eus\/wp-content\/uploads\/2021\/05\/3-300x300.png 300w, https:\/\/nkef.eus\/wp-content\/uploads\/2021\/05\/3-150x150.png 150w, https:\/\/nkef.eus\/wp-content\/uploads\/2021\/05\/3-768x768.png 768w, https:\/\/nkef.eus\/wp-content\/uploads\/2021\/05\/3-12x12.png 12w, https:\/\/nkef.eus\/wp-content\/uploads\/2021\/05\/3.png 1080w\" sizes=\"(max-width: 580px) 100vw, 580px\" \/>\t\t\t\t\t\t\t\t\t\t\t<figcaption class=\"widget-image-caption wp-caption-text\">Lucas Eguibar y \u00c1lvaro Romero (Deportistas NKEF)<\/figcaption>\n\t\t\t\t\t\t\t\t\t\t<\/figure>\n\t\t\t\t\t\t\t\t<\/div>\n\t\t\t\t\t\t<\/div>\n\t\t\t\t<\/div>\n\t\t\t\t<div class=\"elementor-element elementor-element-8277a42 elementor-widget-divider--view-line elementor-widget elementor-widget-divider\" data-id=\"8277a42\" data-element_type=\"widget\" data-widget_type=\"divider.default\">\n\t\t\t\t<div class=\"elementor-widget-container\">\n\t\t\t\t\t<div class=\"elementor-divider\">\n\t\t\t<span class=\"elementor-divider-separator\">\n\t\t\t\t\t\t<\/span>\n\t\t<\/div>\n\t\t\t\t<\/div>\n\t\t\t\t<\/div>\n\t\t\t\t<div class=\"elementor-element elementor-element-5e2f235 elementor-widget elementor-widget-text-editor\" data-id=\"5e2f235\" data-element_type=\"widget\" data-widget_type=\"text-editor.default\">\n\t\t\t\t<div class=\"elementor-widget-container\">\n\t\t\t\t\t\t\t\t<div class=\"elementor-text-editor elementor-clearfix\">\n\t\t\t\t<p dir=\"ltr\" style=\"text-align: center;\"><strong><span style=\"text-decoration: underline;\">FREESTYLE SKIING<\/span>\u00a0<\/strong><\/p><p dir=\"ltr\">FREESKI<\/p><ul><li dir=\"ltr\"><p dir=\"ltr\">Javier Lliso &#8211; FMDI-COLMENAR<\/p><\/li><li dir=\"ltr\"><p dir=\"ltr\">Thibault Magnin &#8211; RFEDI<\/p><\/li><\/ul><p dir=\"ltr\">Equipo C:<\/p><ul><li dir=\"ltr\"><p dir=\"ltr\">Maialen Oiartzabal &#8211; NKEF-OIARMENDI<\/p><\/li><li dir=\"ltr\"><p dir=\"ltr\">Lucas Verdaguer &#8211; FCEH-LLIVIA (Moguls)<\/p><\/li><li dir=\"ltr\"><p dir=\"ltr\">Oliver Verdaguer &#8211;\u00a0 FCEH-LLIVIA (Moguls)<\/p><\/li><\/ul>\t\t\t\t\t<\/div>\n\t\t\t\t\t\t<\/div>\n\t\t\t\t<\/div>\n\t\t\t\t<div class=\"elementor-element elementor-element-61eab20 elementor-widget-divider--view-line elementor-widget elementor-widget-divider\" data-id=\"61eab20\" data-element_type=\"widget\" data-widget_type=\"divider.default\">\n\t\t\t\t<div class=\"elementor-widget-container\">\n\t\t\t\t\t<div class=\"elementor-divider\">\n\t\t\t<span class=\"elementor-divider-separator\">\n\t\t\t\t\t\t<\/span>\n\t\t<\/div>\n\t\t\t\t<\/div>\n\t\t\t\t<\/div>\n\t\t\t\t<div class=\"elementor-element elementor-element-246c3c3 elementor-widget elementor-widget-image\" data-id=\"246c3c3\" data-element_type=\"widget\" data-widget_type=\"image.default\">\n\t\t\t\t<div class=\"elementor-widget-container\">\n\t\t\t\t\t\t\t\t<div class=\"elementor-image\">\n\t\t\t\t\t\t\t\t\t<figure class=\"wp-caption\">\n\t\t\t\t\t\t\t\t\t\t<img width=\"580\" height=\"580\" src=\"https:\/\/nkef.eus\/wp-content\/uploads\/2021\/05\/1-1024x1024.png\" class=\"attachment-large size-large\" alt=\"\" loading=\"lazy\" srcset=\"https:\/\/nkef.eus\/wp-content\/uploads\/2021\/05\/1-1024x1024.png 1024w, https:\/\/nkef.eus\/wp-content\/uploads\/2021\/05\/1-300x300.png 300w, https:\/\/nkef.eus\/wp-content\/uploads\/2021\/05\/1-150x150.png 150w, https:\/\/nkef.eus\/wp-content\/uploads\/2021\/05\/1-768x768.png 768w, https:\/\/nkef.eus\/wp-content\/uploads\/2021\/05\/1-12x12.png 12w, https:\/\/nkef.eus\/wp-content\/uploads\/2021\/05\/1.png 1080w\" sizes=\"(max-width: 580px) 100vw, 580px\" \/>\t\t\t\t\t\t\t\t\t\t\t<figcaption class=\"widget-image-caption wp-caption-text\">Maialen Oiartzabal. (Deportista NKEF)<\/figcaption>\n\t\t\t\t\t\t\t\t\t\t<\/figure>\n\t\t\t\t\t\t\t\t<\/div>\n\t\t\t\t\t\t<\/div>\n\t\t\t\t<\/div>\n\t\t\t\t<div class=\"elementor-element elementor-element-9f95762 elementor-widget-divider--view-line elementor-widget elementor-widget-divider\" data-id=\"9f95762\" data-element_type=\"widget\" data-widget_type=\"divider.default\">\n\t\t\t\t<div class=\"elementor-widget-container\">\n\t\t\t\t\t<div class=\"elementor-divider\">\n\t\t\t<span class=\"elementor-divider-separator\">\n\t\t\t\t\t\t<\/span>\n\t\t<\/div>\n\t\t\t\t<\/div>\n\t\t\t\t<\/div>\n\t\t\t\t<div class=\"elementor-element elementor-element-6ccabbb elementor-widget elementor-widget-text-editor\" data-id=\"6ccabbb\" data-element_type=\"widget\" data-widget_type=\"text-editor.default\">\n\t\t\t\t<div class=\"elementor-widget-container\">\n\t\t\t\t\t\t\t\t<div class=\"elementor-text-editor elementor-clearfix\">\n\t\t\t\t<p dir=\"ltr\" style=\"text-align: center;\"><span style=\"text-decoration: underline;\"><strong>ESQU\u00cd DE FONDO\u00a0<\/strong><\/span><\/p><p dir=\"ltr\">Equipo A:<\/p><ul><li dir=\"ltr\"><p dir=\"ltr\">Imanol Rojo &#8211; NKEF-UZTURRE<\/p><\/li><\/ul><p dir=\"ltr\">Equipo B:<\/p><ul><li dir=\"ltr\"><p dir=\"ltr\">Jaume Pueyo &#8211; FCEH-CEFUC<\/p><\/li><\/ul><p dir=\"ltr\">Equipo C:<\/p><ul><li dir=\"ltr\"><p dir=\"ltr\">Mar\u00eda Iglesias &#8211; FCEH-ANEC<\/p><\/li><\/ul>\t\t\t\t\t<\/div>\n\t\t\t\t\t\t<\/div>\n\t\t\t\t<\/div>\n\t\t\t\t<div class=\"elementor-element elementor-element-0969d2d elementor-widget-divider--view-line elementor-widget elementor-widget-divider\" data-id=\"0969d2d\" data-element_type=\"widget\" data-widget_type=\"divider.default\">\n\t\t\t\t<div class=\"elementor-widget-container\">\n\t\t\t\t\t<div class=\"elementor-divider\">\n\t\t\t<span class=\"elementor-divider-separator\">\n\t\t\t\t\t\t<\/span>\n\t\t<\/div>\n\t\t\t\t<\/div>\n\t\t\t\t<\/div>\n\t\t\t\t<div class=\"elementor-element elementor-element-31dee88 elementor-widget elementor-widget-image\" data-id=\"31dee88\" data-element_type=\"widget\" data-widget_type=\"image.default\">\n\t\t\t\t<div class=\"elementor-widget-container\">\n\t\t\t\t\t\t\t\t<div class=\"elementor-image\">\n\t\t\t\t\t\t\t\t\t<figure class=\"wp-caption\">\n\t\t\t\t\t\t\t\t\t\t<img width=\"580\" height=\"580\" src=\"https:\/\/nkef.eus\/wp-content\/uploads\/2021\/05\/2-1024x1024.png\" class=\"attachment-large size-large\" alt=\"\" loading=\"lazy\" srcset=\"https:\/\/nkef.eus\/wp-content\/uploads\/2021\/05\/2-1024x1024.png 1024w, https:\/\/nkef.eus\/wp-content\/uploads\/2021\/05\/2-300x300.png 300w, https:\/\/nkef.eus\/wp-content\/uploads\/2021\/05\/2-150x150.png 150w, https:\/\/nkef.eus\/wp-content\/uploads\/2021\/05\/2-768x768.png 768w, https:\/\/nkef.eus\/wp-content\/uploads\/2021\/05\/2-12x12.png 12w, https:\/\/nkef.eus\/wp-content\/uploads\/2021\/05\/2.png 1080w\" sizes=\"(max-width: 580px) 100vw, 580px\" \/>\t\t\t\t\t\t\t\t\t\t\t<figcaption class=\"widget-image-caption wp-caption-text\">Imanol Rojo.(Deportista NKEF)<\/figcaption>\n\t\t\t\t\t\t\t\t\t\t<\/figure>\n\t\t\t\t\t\t\t\t<\/div>\n\t\t\t\t\t\t<\/div>\n\t\t\t\t<\/div>\n\t\t\t\t<div class=\"elementor-element elementor-element-2c6df09 elementor-widget-divider--view-line elementor-widget elementor-widget-divider\" data-id=\"2c6df09\" data-element_type=\"widget\" data-widget_type=\"divider.default\">\n\t\t\t\t<div class=\"elementor-widget-container\">\n\t\t\t\t\t<div class=\"elementor-divider\">\n\t\t\t<span class=\"elementor-divider-separator\">\n\t\t\t\t\t\t<\/span>\n\t\t<\/div>\n\t\t\t\t<\/div>\n\t\t\t\t<\/div>\n\t\t\t\t<div class=\"elementor-element elementor-element-f03d10b elementor-widget elementor-widget-text-editor\" data-id=\"f03d10b\" data-element_type=\"widget\" data-widget_type=\"text-editor.default\">\n\t\t\t\t<div class=\"elementor-widget-container\">\n\t\t\t\t\t\t\t\t<div class=\"elementor-text-editor elementor-clearfix\">\n\t\t\t\t<p dir=\"ltr\" style=\"text-align: center;\"><strong><span style=\"text-decoration: underline;\">ESQU\u00cd DE VELOCIDAD<\/span>:<\/strong><\/p><ul><li dir=\"ltr\"><p dir=\"ltr\">Ricardo Adarraga &#8211; FADI Arag\u00f3n-EECAN<\/p><\/li><li dir=\"ltr\"><p dir=\"ltr\">Juan Carlos S\u00e1nchez &#8211; FMDI-AMISTAD<\/p><\/li><li dir=\"ltr\"><p dir=\"ltr\">Marta Visa &#8211; FCEH-CEC<\/p><\/li><\/ul><p dir=\"ltr\" style=\"text-align: center;\"><span style=\"text-decoration: underline;\"><strong>MUSHING<\/strong>\u00a0<\/span><\/p><ul><li dir=\"ltr\"><p dir=\"ltr\">V\u00edctor Carrasco \u2013 FCEH-AEM<\/p><\/li><li dir=\"ltr\"><p dir=\"ltr\">Oscar Pi\u00f1eiro \u2013 FGDI-KENNE<\/p><\/li><li dir=\"ltr\"><p dir=\"ltr\">L\u00e1zaro Mart\u00ednez \u2013 FCEH-GOSCA<\/p><\/li><li dir=\"ltr\"><p dir=\"ltr\">Iker Ozkoidi &#8211; NKNF\/FNDI-BREEM<\/p><\/li><li dir=\"ltr\"><p dir=\"ltr\">Olga \u00c1lvarez \u2013 FCEH-AEM\u00a0<\/p><\/li><\/ul><p dir=\"ltr\" style=\"text-align: center;\"><span style=\"text-decoration: underline;\"><strong>Deportistas en Seguimiento Pre-Ol\u00edmpico:<\/strong><\/span><\/p><ul><li dir=\"ltr\"><p dir=\"ltr\">Jos\u00e9 Antonio Arag\u00f3n &#8211; FADI Andaluc\u00eda-RURAL<\/p><\/li><li dir=\"ltr\"><p dir=\"ltr\">N\u00faria Pau &#8211; FCEH-LMCE\u00a0<\/p><\/li><\/ul><p dir=\"ltr\" style=\"text-align: center;\"><span style=\"text-decoration: underline;\"><strong>Deportistas a convocar en actuaciones de Seguimiento<\/strong>\u00a0<\/span><\/p><p dir=\"ltr\" style=\"text-align: center;\"><u>S. Esqu\u00ed Alpino:<\/u><\/p><ul><li dir=\"ltr\"><p dir=\"ltr\">Aura Coronado &#8211; FCEH-MLEC<\/p><\/li><li dir=\"ltr\"><p dir=\"ltr\">Aleix Aubert &#8211; FCEH-LMCE<\/p><\/li><li dir=\"ltr\"><p dir=\"ltr\">Jonas S\u00e1nchez-Cabanas &#8211; FCEH-COPOS<\/p><\/li><li dir=\"ltr\"><p dir=\"ltr\">Aniol Torres &#8211; FCEH-GRANUEC<\/p><\/li><\/ul><p dir=\"ltr\" style=\"text-align: center;\"><strong><u>S. Snowboard:<\/u><\/strong><\/p><ul><li dir=\"ltr\"><p dir=\"ltr\"><strong>Naia Aramendia &#8211; NKEF-DALTON<\/strong><\/p><\/li><li dir=\"ltr\"><p dir=\"ltr\">Lorenzo Jim\u00e9nez &#8211; FADI Andaluc\u00eda-WCAMP<\/p><\/li><li dir=\"ltr\"><p dir=\"ltr\"><strong>Ian Lorenzo &#8211; NKEF-DALTON<\/strong><\/p><\/li><\/ul><p dir=\"ltr\" style=\"text-align: center;\"><u>S. Snowboard Freestyle<\/u><\/p><ul><li dir=\"ltr\"><p dir=\"ltr\">Narc\u00eds Salleras &#8211; FCEH-CSFC<\/p><\/li><li dir=\"ltr\"><p dir=\"ltr\">Leyre P\u00e9rez &#8211; FADI Arag\u00f3n-RIBASNOW<\/p><\/li><li dir=\"ltr\"><p dir=\"ltr\">Aroa Da Silva &#8211; FCEH-CSFC<\/p><\/li><li dir=\"ltr\"><p dir=\"ltr\">Andrea Seijas &#8211; FCEH-CSFC<\/p><\/li><li dir=\"ltr\"><p dir=\"ltr\">Edgar Forner &#8211; FCEH-CSFC<\/p><\/li><\/ul><p dir=\"ltr\" style=\"text-align: center;\"><u>S. Freeski<\/u><\/p><ul><li dir=\"ltr\"><p dir=\"ltr\">Urko Yarza &#8211; FCEH-MAC<\/p><\/li><li dir=\"ltr\"><p dir=\"ltr\">Alejandra Gracia &#8211; FMDI-FREE<\/p><\/li><li dir=\"ltr\"><p dir=\"ltr\">Maria Lucas &#8211; FCEH-MAC<\/p><\/li><\/ul><p dir=\"ltr\" style=\"text-align: center;\"><u>S. Esqu\u00ed de Fondo<\/u>\u00a0<\/p><ul><li dir=\"ltr\"><p dir=\"ltr\">Marta Moreno &#8211; FCEH-CAEI\u00a0<\/p><\/li><\/ul>\t\t\t\t\t<\/div>\n\t\t\t\t\t\t<\/div>\n\t\t\t\t<\/div>\n\t\t\t\t<div class=\"elementor-element elementor-element-301188b elementor-widget-divider--view-line elementor-widget elementor-widget-divider\" data-id=\"301188b\" data-element_type=\"widget\" data-widget_type=\"divider.default\">\n\t\t\t\t<div class=\"elementor-widget-container\">\n\t\t\t\t\t<div class=\"elementor-divider\">\n\t\t\t<span class=\"elementor-divider-separator\">\n\t\t\t\t\t\t<\/span>\n\t\t<\/div>\n\t\t\t\t<\/div>\n\t\t\t\t<\/div>\n\t\t\t\t\t\t<\/div>\n\t\t\t\t\t<\/div>\n\t\t<\/div>\n\t\t\t\t\t\t\t\t<\/div>\n\t\t\t\t\t<\/div>\n\t\t<\/section>\n\t\t\t\t\t\t\t\t\t<\/div>\n\t\t\t<\/div>\n\t\t\t\t\t<\/div>","protected":false},"excerpt":{"rendered":"<p>7 Deportistas De La NKEF En La Lista oficial de los Equipos Nacionales de RFEDI-Spainsnow para la temporada 2021-2022 La Real Federaci\u00f3n Espa\u00f1ola Deportes de Invierno (RFEDI) Spainsnow present\u00f3 el listado oficial de deportistas espa\u00f1oles que forman parte de las estructuras deportivas de la federaci\u00f3n para la pr\u00f3xima temporada de invierno 2021-2022 en la que [&hellip;]<\/p>","protected":false},"author":3,"featured_media":4104,"comment_status":"closed","ping_status":"closed","sticky":false,"template":"elementor_header_footer","format":"standard","meta":[],"categories":[15],"tags":[],"_links":{"self":[{"href":"https:\/\/nkef.eus\/eu\/index.php\/wp-json\/wp\/v2\/posts\/4101"}],"collection":[{"href":"https:\/\/nkef.eus\/eu\/index.php\/wp-json\/wp\/v2\/posts"}],"about":[{"href":"https:\/\/nkef.eus\/eu\/index.php\/wp-json\/wp\/v2\/types\/post"}],"author":[{"embeddable":true,"href":"https:\/\/nkef.eus\/eu\/index.php\/wp-json\/wp\/v2\/users\/3"}],"replies":[{"embeddable":true,"href":"https:\/\/nkef.eus\/eu\/index.php\/wp-json\/wp\/v2\/comments?post=4101"}],"version-history":[{"count":13,"href":"https:\/\/nkef.eus\/eu\/index.php\/wp-json\/wp\/v2\/posts\/4101\/revisions"}],"predecessor-version":[{"id":4118,"href":"https:\/\/nkef.eus\/eu\/index.php\/wp-json\/wp\/v2\/posts\/4101\/revisions\/4118"}],"wp:featuredmedia":[{"embeddable":true,"href":"https:\/\/nkef.eus\/eu\/index.php\/wp-json\/wp\/v2\/media\/4104"}],"wp:attachment":[{"href":"https:\/\/nkef.eus\/eu\/index.php\/wp-json\/wp\/v2\/media?parent=4101"}],"wp:term":[{"taxonomy":"category","embeddable":true,"href":"https:\/\/nkef.eus\/eu\/index.php\/wp-json\/wp\/v2\/categories?post=4101"},{"taxonomy":"post_tag","embeddable":true,"href":"https:\/\/nkef.eus\/eu\/index.php\/wp-json\/wp\/v2\/tags?post=4101"}],"curies":[{"name":"wp","href":"https:\/\/api.w.org\/{rel}","templated":true}]}}