{"id":4061,"date":"2021-05-21T10:57:17","date_gmt":"2021-05-21T10:57:17","guid":{"rendered":"https:\/\/nkef.eus\/?p=4061"},"modified":"2021-05-21T11:00:51","modified_gmt":"2021-05-21T11:00:51","slug":"llega-el-iii-congreso-rfedi-spainsnow-un-foro-abierto-de-los-deportes-de-invierno","status":"publish","type":"post","link":"https:\/\/nkef.eus\/eu\/index.php\/2021\/05\/21\/llega-el-iii-congreso-rfedi-spainsnow-un-foro-abierto-de-los-deportes-de-invierno\/","title":{"rendered":"Llega el III Congreso RFEDI \u2013 SPAINSNOW, un foro abierto de los deportes de invierno"},"content":{"rendered":"<div data-elementor-type=\"wp-post\" data-elementor-id=\"4061\" class=\"elementor elementor-4061\">\n\t\t\t\t\t\t<div class=\"elementor-inner\">\n\t\t\t\t<div class=\"elementor-section-wrap\">\n\t\t\t\t\t\t\t\t\t<section class=\"elementor-section elementor-top-section elementor-element elementor-element-5739b623 elementor-section-content-middle elementor-section-boxed elementor-section-height-default elementor-section-height-default\" data-id=\"5739b623\" data-element_type=\"section\">\n\t\t\t\t\t\t<div class=\"elementor-container elementor-column-gap-no\">\n\t\t\t\t\t\t\t<div class=\"elementor-row\">\n\t\t\t\t\t<div class=\"elementor-column elementor-col-100 elementor-top-column elementor-element elementor-element-686aa268\" data-id=\"686aa268\" data-element_type=\"column\">\n\t\t\t<div class=\"elementor-column-wrap elementor-element-populated\">\n\t\t\t\t\t\t\t<div class=\"elementor-widget-wrap\">\n\t\t\t\t\t\t<div class=\"elementor-element elementor-element-4418d49f elementor-widget elementor-widget-heading\" data-id=\"4418d49f\" data-element_type=\"widget\" data-widget_type=\"heading.default\">\n\t\t\t\t<div class=\"elementor-widget-container\">\n\t\t\t<h4 class=\"elementor-heading-title elementor-size-default\">Llega el III Congreso RFEDI \u2013 SPAINSNOW, un foro abierto de los deportes de invierno<\/h4>\t\t<\/div>\n\t\t\t\t<\/div>\n\t\t\t\t<div class=\"elementor-element elementor-element-8923620 elementor-widget elementor-widget-image\" data-id=\"8923620\" data-element_type=\"widget\" data-widget_type=\"image.default\">\n\t\t\t\t<div class=\"elementor-widget-container\">\n\t\t\t\t\t\t\t\t<div class=\"elementor-image\">\n\t\t\t\t\t\t\t\t\t\t\t\t<img width=\"580\" height=\"387\" src=\"https:\/\/nkef.eus\/wp-content\/uploads\/2021\/05\/imagen.jpg\" class=\"attachment-large size-large\" alt=\"\" loading=\"lazy\" srcset=\"https:\/\/nkef.eus\/wp-content\/uploads\/2021\/05\/imagen.jpg 750w, https:\/\/nkef.eus\/wp-content\/uploads\/2021\/05\/imagen-300x200.jpg 300w, https:\/\/nkef.eus\/wp-content\/uploads\/2021\/05\/imagen-16x12.jpg 16w\" sizes=\"(max-width: 580px) 100vw, 580px\" \/>\t\t\t\t\t\t\t\t\t\t\t\t\t\t<\/div>\n\t\t\t\t\t\t<\/div>\n\t\t\t\t<\/div>\n\t\t\t\t<div class=\"elementor-element elementor-element-dfefbef elementor-widget elementor-widget-text-editor\" data-id=\"dfefbef\" data-element_type=\"widget\" data-widget_type=\"text-editor.default\">\n\t\t\t\t<div class=\"elementor-widget-container\">\n\t\t\t\t\t\t\t\t<div class=\"elementor-text-editor elementor-clearfix\">\n\t\t\t\t<h5 style=\"text-align: center;\"><strong>Del 8 al 10 junio 2021 se celebrar\u00e1 en formato online el principal foro de debate de los deportes de invierno espa\u00f1oles con el fin de mejorar la coordinaci\u00f3n entre todos los actores y buscar sinergias de cara a la temporada 21-22<\/strong><\/h5>\t\t\t\t\t<\/div>\n\t\t\t\t\t\t<\/div>\n\t\t\t\t<\/div>\n\t\t\t\t<div class=\"elementor-element elementor-element-a9a42f0 elementor-widget-divider--view-line elementor-widget elementor-widget-divider\" data-id=\"a9a42f0\" data-element_type=\"widget\" data-widget_type=\"divider.default\">\n\t\t\t\t<div class=\"elementor-widget-container\">\n\t\t\t\t\t<div class=\"elementor-divider\">\n\t\t\t<span class=\"elementor-divider-separator\">\n\t\t\t\t\t\t<\/span>\n\t\t<\/div>\n\t\t\t\t<\/div>\n\t\t\t\t<\/div>\n\t\t\t\t<div class=\"elementor-element elementor-element-63a9b4ee elementor-widget elementor-widget-text-editor\" data-id=\"63a9b4ee\" data-element_type=\"widget\" data-widget_type=\"text-editor.default\">\n\t\t\t\t<div class=\"elementor-widget-container\">\n\t\t\t\t\t\t\t\t<div class=\"elementor-text-editor elementor-clearfix\">\n\t\t\t\t<p dir=\"ltr\">El III Congreso RFEDI-SPAINSNOW se realizar\u00e1 de forma telem\u00e1tica los d\u00edas 8, 9 y 10 de junio. La situaci\u00f3n de crisis sanitaria provocada por el covid19 obliga a la organizaci\u00f3n a celebrar el foro por v\u00eda telem\u00e1tica por segunda vez consecutiva.\u00a0<\/p><p dir=\"ltr\">Este congreso se constituye como foro donde los distintos representantes de las Federaciones Auton\u00f3micas (FFAA), clubes y otros profesionales del mundo de los deportes de invierno debaten con los diferentes Comit\u00e9s de la RFEDI. Tras la buena acogida de la pasada edici\u00f3n, el congreso contar\u00e1 de nuevo con las mesas de trabajo de otras tem\u00e1ticas incluidas en el programa. Todo ello, para garantizar, como siempre, la m\u00e1xima transparencia entre organismos, siguiendo las directrices que marca el Plan Estrat\u00e9gico RFEDI de los Deportes de Invierno 2022 y actuaciones que realizan la FIS, la IBU o la IFSS con las respectivas Federaciones Nacionales.\u00a0<\/p><p dir=\"ltr\">Como en la anterior edici\u00f3n, en este Foro se estudiar\u00e1n propuestas referentes a la coordinaci\u00f3n de calendarios, revisi\u00f3n de reglamentos, promoci\u00f3n deportiva y sugerencias para que puedan ser trabajadas de forma colectiva. Todo ello con el fin de afrontar una nueva temporada con el m\u00e1ximo consenso y acuerdo entre agentes responsables del desarrollo de los deportes de invierno espa\u00f1oles.\u00a0<\/p><p dir=\"ltr\"><strong>PROGRAMA<\/strong>\u00a0<\/p><p dir=\"ltr\"><u>Martes 8 junio 2021\u00a0<\/u><\/p><p dir=\"ltr\">17:30h\u00a0<\/p><p dir=\"ltr\">Bienvenida del Presidente May Peus y Resumen 20-21 Director General y Deportivo Olmo Hern\u00e1n\u00a0<\/p><p dir=\"ltr\">18:00h<\/p><p dir=\"ltr\">Conferencia Multidisciplinar a cargo de Samuel S\u00e1nchez (ex ciclista profesional medalla de oro en ruta en los JJOO de Pek\u00edn 2008, 17 a\u00f1os en la \u00e9lite mundial y apasionado a los deportes de invierno)\u00a0<\/p><p dir=\"ltr\">18:45h<\/p><p dir=\"ltr\">Nuevas tecnolog\u00edas y m\u00e9todos de entrenamiento aplicados a los deportes de invierno.\u00a0<\/p><p dir=\"ltr\">Con Jaime Gil (Profesor Universidad Europea en Entrenamiento y Planificaci\u00f3n, Nuevas Tecnolog\u00edas y M\u00e1ster en Alto Rendimiento COE), \u00c1ngel Calero (Director T\u00e9cnico Esqu\u00ed Alpino) y Jes\u00fas P\u00e9rez (Preparador F\u00edsico y Fisioterapeuta)\u00a0<\/p><p dir=\"ltr\">19:30h<\/p><p dir=\"ltr\">Protecci\u00f3n del menor en los deportes de invierno. La lucha contra la violencia y el abuso. Proyecto I-Protect del CSD y Fundaci\u00f3n Deporte Joven\u00a0<\/p><p dir=\"ltr\"><br \/><br \/><u>Mi\u00e9rcoles 9 de junio 2021<\/u>\u00a0<\/p><p dir=\"ltr\">Encuentro de coordinaci\u00f3n y an\u00e1lisis en diferentes \u00e1reas\u00a0<\/p><p dir=\"ltr\">17:30h<\/p><p dir=\"ltr\">Comunicaci\u00f3n. Comunicaci\u00f3n para FFAA y clubes TV\/Prensa\/Online con la participaci\u00f3n de TVE y MARCA\u00a0<\/p><p dir=\"ltr\">Alpino. Propuestas metodol\u00f3gicas para SL en U12\/10 y SG\/DH para U16\/14.\u00a0\u00a0<\/p><p dir=\"ltr\">Fondo. Propuestas para competiciones en categor\u00edas U14-U12-U10 y propuesta metodol\u00f3gica y sinergias del entrenamiento cruzado Fondo-Biatl\u00f3n<br \/><br \/>18:30 h\u00a0<\/p><p dir=\"ltr\">Snowboard &amp; Freestyle Skiing. An\u00e1lisis temporada 20-21 y propuestas 21-22\u00a0<\/p><p dir=\"ltr\">Mushing. An\u00e1lisis temporada 20-21 y propuestas 21-22.\u00a0<\/p><p dir=\"ltr\">Mujer y Nieve. An\u00e1lisis temporada 20-21 y propuestas 21-22.\u00a0<\/p><p dir=\"ltr\">DT-Jueces. An\u00e1lisis temporada 20-21 y propuestas 21-22.\u00a0<br \/>\u00a0<\/p><p dir=\"ltr\"><u>Jueves 10 de junio de 2021<\/u>\u00a0<\/p><p dir=\"ltr\">8:30h \u00a0<\/p><p dir=\"ltr\">Coordinaci\u00f3n espec\u00edfica para personal administrativo\/gerencia de las FFAA.<\/p><p dir=\"ltr\">\u00c1rea de Administraci\u00f3n General y Contabilidad y Eventos\u00a0<\/p><p dir=\"ltr\">Green Sport Flag &#8211; Proyecto LIBERA contra la #basuraleza de ADESP<\/p><p dir=\"ltr\">Por unos deportes de invierno sostenibles y responsables con el medio ambiente.\u00a0<\/p><p dir=\"ltr\">11:30h<\/p><p dir=\"ltr\">Encuentro de coordinaci\u00f3n y an\u00e1lisis de Alpino. An\u00e1lisis temporada 20-21 y propuestas 21-22.\u00a0<\/p><p dir=\"ltr\">Encuentro de coordinaci\u00f3n y an\u00e1lisis en diferentes \u00e1reas.<\/p><p dir=\"ltr\">17:30h<\/p><p dir=\"ltr\">Alpino. Masters. CIT y UNI. An\u00e1lisis temporada 20-21 y propuestas 21-22.\u00a0<\/p><p dir=\"ltr\">Fondo. An\u00e1lisis temporada 20-21 y propuestas 21-22.\u00a0<\/p><p dir=\"ltr\">Comit\u00e9 Deportes de Nieve Inclusivos. An\u00e1lisis temporada 20-21 y propuestas 21-22.\u00a0<\/p><p dir=\"ltr\">18:30h<\/p><p dir=\"ltr\">Snowboard &amp; Freestyle Skiing. Camino de la Base al Alto nivel.\u00a0<\/p><p dir=\"ltr\">\u00c1rea M\u00e9dica. Gesti\u00f3n m\u00e9dica y fisioterapia en COVID temporada 20-21. Afectaci\u00f3n a pr\u00f3ximas temporadas.\u00a0<\/p><p dir=\"ltr\">\u00c1rea Formaci\u00f3n &#8211; EEE. An\u00e1lisis temporada 20-21 y propuestas 21-22.\u00a0<\/p><p dir=\"ltr\"><br \/><br \/><strong>Enlace para inscripciones:\u00a0<\/strong><a href=\"https:\/\/acortar.link\/congresorfedi\" target=\"_blank\" rel=\"noopener\" data-saferedirecturl=\"https:\/\/www.google.com\/url?q=https:\/\/acortar.link\/congresorfedi&amp;source=gmail&amp;ust=1621609708652000&amp;usg=AFQjCNExTaW4XA1kNwAxt0LBdJ_ROTV1ig\">https:\/\/acortar.link\/<wbr \/>congresorfedi<\/a><\/p>\t\t\t\t\t<\/div>\n\t\t\t\t\t\t<\/div>\n\t\t\t\t<\/div>\n\t\t\t\t\t\t<\/div>\n\t\t\t\t\t<\/div>\n\t\t<\/div>\n\t\t\t\t\t\t\t\t<\/div>\n\t\t\t\t\t<\/div>\n\t\t<\/section>\n\t\t\t\t\t\t\t\t\t<\/div>\n\t\t\t<\/div>\n\t\t\t\t\t<\/div>","protected":false},"excerpt":{"rendered":"<p>Llega el III Congreso RFEDI \u2013 SPAINSNOW, un foro abierto de los deportes de invierno Del 8 al 10 junio 2021 se celebrar\u00e1 en formato online el principal foro de debate de los deportes de invierno espa\u00f1oles con el fin de mejorar la coordinaci\u00f3n entre todos los actores y buscar sinergias de cara a la [&hellip;]<\/p>","protected":false},"author":3,"featured_media":4062,"comment_status":"closed","ping_status":"closed","sticky":false,"template":"elementor_header_footer","format":"standard","meta":[],"categories":[15],"tags":[],"_links":{"self":[{"href":"https:\/\/nkef.eus\/eu\/index.php\/wp-json\/wp\/v2\/posts\/4061"}],"collection":[{"href":"https:\/\/nkef.eus\/eu\/index.php\/wp-json\/wp\/v2\/posts"}],"about":[{"href":"https:\/\/nkef.eus\/eu\/index.php\/wp-json\/wp\/v2\/types\/post"}],"author":[{"embeddable":true,"href":"https:\/\/nkef.eus\/eu\/index.php\/wp-json\/wp\/v2\/users\/3"}],"replies":[{"embeddable":true,"href":"https:\/\/nkef.eus\/eu\/index.php\/wp-json\/wp\/v2\/comments?post=4061"}],"version-history":[{"count":4,"href":"https:\/\/nkef.eus\/eu\/index.php\/wp-json\/wp\/v2\/posts\/4061\/revisions"}],"predecessor-version":[{"id":4066,"href":"https:\/\/nkef.eus\/eu\/index.php\/wp-json\/wp\/v2\/posts\/4061\/revisions\/4066"}],"wp:featuredmedia":[{"embeddable":true,"href":"https:\/\/nkef.eus\/eu\/index.php\/wp-json\/wp\/v2\/media\/4062"}],"wp:attachment":[{"href":"https:\/\/nkef.eus\/eu\/index.php\/wp-json\/wp\/v2\/media?parent=4061"}],"wp:term":[{"taxonomy":"category","embeddable":true,"href":"https:\/\/nkef.eus\/eu\/index.php\/wp-json\/wp\/v2\/categories?post=4061"},{"taxonomy":"post_tag","embeddable":true,"href":"https:\/\/nkef.eus\/eu\/index.php\/wp-json\/wp\/v2\/tags?post=4061"}],"curies":[{"name":"wp","href":"https:\/\/api.w.org\/{rel}","templated":true}]}}