{"id":3984,"date":"2021-05-03T07:59:05","date_gmt":"2021-05-03T07:59:05","guid":{"rendered":"https:\/\/nkef.eus\/?p=3984"},"modified":"2021-05-03T08:07:08","modified_gmt":"2021-05-03T08:07:08","slug":"peio-anarbe-sin-rival-sobre-la-nieve","status":"publish","type":"post","link":"https:\/\/nkef.eus\/eu\/index.php\/2021\/05\/03\/peio-anarbe-sin-rival-sobre-la-nieve\/","title":{"rendered":"PEIO A\u00d1ARBE \u00abSIN RIVAL SOBRE LA NIEVE\u00bb"},"content":{"rendered":"<div data-elementor-type=\"wp-post\" data-elementor-id=\"3984\" class=\"elementor elementor-3984\">\n\t\t\t\t\t\t<div class=\"elementor-inner\">\n\t\t\t\t<div class=\"elementor-section-wrap\">\n\t\t\t\t\t\t\t\t\t<section class=\"elementor-section elementor-top-section elementor-element elementor-element-242b450d elementor-section-content-middle elementor-section-boxed elementor-section-height-default elementor-section-height-default\" data-id=\"242b450d\" data-element_type=\"section\">\n\t\t\t\t\t\t<div class=\"elementor-container elementor-column-gap-no\">\n\t\t\t\t\t\t\t<div class=\"elementor-row\">\n\t\t\t\t\t<div class=\"elementor-column elementor-col-100 elementor-top-column elementor-element elementor-element-516932e2\" data-id=\"516932e2\" data-element_type=\"column\">\n\t\t\t<div class=\"elementor-column-wrap elementor-element-populated\">\n\t\t\t\t\t\t\t<div class=\"elementor-widget-wrap\">\n\t\t\t\t\t\t<div class=\"elementor-element elementor-element-31530896 elementor-widget elementor-widget-heading\" data-id=\"31530896\" data-element_type=\"widget\" data-widget_type=\"heading.default\">\n\t\t\t\t<div class=\"elementor-widget-container\">\n\t\t\t<h4 class=\"elementor-heading-title elementor-size-default\">PEIO A\u00d1ARBE \"SIN RIVAL SOBRE LA NIEVE\"<\/h4>\t\t<\/div>\n\t\t\t\t<\/div>\n\t\t\t\t<div class=\"elementor-element elementor-element-0030f8e elementor-widget elementor-widget-image\" data-id=\"0030f8e\" data-element_type=\"widget\" data-widget_type=\"image.default\">\n\t\t\t\t<div class=\"elementor-widget-container\">\n\t\t\t\t\t\t\t\t<div class=\"elementor-image\">\n\t\t\t\t\t\t\t\t\t<figure class=\"wp-caption\">\n\t\t\t\t\t\t\t\t\t\t<img width=\"580\" height=\"320\" src=\"https:\/\/nkef.eus\/wp-content\/uploads\/2021\/05\/peio-anarbe.png\" class=\"attachment-large size-large\" alt=\"\" loading=\"lazy\" srcset=\"https:\/\/nkef.eus\/wp-content\/uploads\/2021\/05\/peio-anarbe.png 903w, https:\/\/nkef.eus\/wp-content\/uploads\/2021\/05\/peio-anarbe-300x165.png 300w, https:\/\/nkef.eus\/wp-content\/uploads\/2021\/05\/peio-anarbe-768x424.png 768w, https:\/\/nkef.eus\/wp-content\/uploads\/2021\/05\/peio-anarbe-16x9.png 16w\" sizes=\"(max-width: 580px) 100vw, 580px\" \/>\t\t\t\t\t\t\t\t\t\t\t<figcaption class=\"widget-image-caption wp-caption-text\">Diario de Noticias de \u00c1lava: Txema Sierra<\/figcaption>\n\t\t\t\t\t\t\t\t\t\t<\/figure>\n\t\t\t\t\t\t\t\t<\/div>\n\t\t\t\t\t\t<\/div>\n\t\t\t\t<\/div>\n\t\t\t\t<div class=\"elementor-element elementor-element-cc494f5 elementor-widget-divider--view-line elementor-widget elementor-widget-divider\" data-id=\"cc494f5\" data-element_type=\"widget\" data-widget_type=\"divider.default\">\n\t\t\t\t<div class=\"elementor-widget-container\">\n\t\t\t\t\t<div class=\"elementor-divider\">\n\t\t\t<span class=\"elementor-divider-separator\">\n\t\t\t\t\t\t<\/span>\n\t\t<\/div>\n\t\t\t\t<\/div>\n\t\t\t\t<\/div>\n\t\t\t\t<div class=\"elementor-element elementor-element-81fff03 elementor-widget elementor-widget-text-editor\" data-id=\"81fff03\" data-element_type=\"widget\" data-widget_type=\"text-editor.default\">\n\t\t\t\t<div class=\"elementor-widget-container\">\n\t\t\t\t\t\t\t\t<div class=\"elementor-text-editor elementor-clearfix\">\n\t\t\t\t<h6 style=\"text-align: center;\"><span class=\"gn-02N-Sub-Metric-Dep-18-destacado\">ESQU\u00cd DE FONDO<\/span><span class=\"gn-02N-Sub-Metric-Dep-18\">\u00a0EL JOVEN VITORIANO PEIO A\u00d1ARBE COMPLETA OTRA TEMPORADA DE DOMINIO ABSOLUTO EN LA QUE HA VENCIDO EN LA COPA DE ESPA\u00d1A Y LOS ESTATALES<\/span><\/h6>\t\t\t\t\t<\/div>\n\t\t\t\t\t\t<\/div>\n\t\t\t\t<\/div>\n\t\t\t\t<div class=\"elementor-element elementor-element-45093f4 elementor-widget elementor-widget-image\" data-id=\"45093f4\" data-element_type=\"widget\" data-widget_type=\"image.default\">\n\t\t\t\t<div class=\"elementor-widget-container\">\n\t\t\t\t\t\t\t\t<div class=\"elementor-image\">\n\t\t\t\t\t\t\t\t\t\t\t\t<img width=\"233\" height=\"457\" src=\"https:\/\/nkef.eus\/wp-content\/uploads\/2021\/05\/peio-anarbe-2.jpg\" class=\"attachment-large size-large\" alt=\"\" loading=\"lazy\" srcset=\"https:\/\/nkef.eus\/wp-content\/uploads\/2021\/05\/peio-anarbe-2.jpg 233w, https:\/\/nkef.eus\/wp-content\/uploads\/2021\/05\/peio-anarbe-2-153x300.jpg 153w, https:\/\/nkef.eus\/wp-content\/uploads\/2021\/05\/peio-anarbe-2-6x12.jpg 6w\" sizes=\"(max-width: 233px) 100vw, 233px\" \/>\t\t\t\t\t\t\t\t\t\t\t\t\t\t<\/div>\n\t\t\t\t\t\t<\/div>\n\t\t\t\t<\/div>\n\t\t\t\t<div class=\"elementor-element elementor-element-a54879d elementor-widget-divider--view-line elementor-widget elementor-widget-divider\" data-id=\"a54879d\" data-element_type=\"widget\" data-widget_type=\"divider.default\">\n\t\t\t\t<div class=\"elementor-widget-container\">\n\t\t\t\t\t<div class=\"elementor-divider\">\n\t\t\t<span class=\"elementor-divider-separator\">\n\t\t\t\t\t\t<\/span>\n\t\t<\/div>\n\t\t\t\t<\/div>\n\t\t\t\t<\/div>\n\t\t\t\t<div class=\"elementor-element elementor-element-507c8ce elementor-widget elementor-widget-text-editor\" data-id=\"507c8ce\" data-element_type=\"widget\" data-widget_type=\"text-editor.default\">\n\t\t\t\t<div class=\"elementor-widget-container\">\n\t\t\t\t\t\t\t\t<div class=\"elementor-text-editor elementor-clearfix\">\n\t\t\t\t<p class=\"gn-03N-Texto-ladillo\" style=\"text-align: center;\"><span class=\"MayusculasNegrita\"><strong>VITORIA<\/strong>\u00a0<\/span><span class=\"gn-03N-Texto-base\">\u2013 Con la primavera marcando ya su paso inexorable hacia el esperado verano, el blanco manto con el que el invierno acostumbra a cubrir las monta\u00f1as es ya solo un recuerdo lejano para la mayor\u00eda. Sin embargo para el joven vitoriano Peio A\u00f1arbe (15-2-2006) es mucho m\u00e1s que eso. Porque la nieve es el escenario en el que, una vez m\u00e1s, ha vuelto a poner de manifiesto su completo dominio en una especialidad, el esqu\u00ed de fondo, en la que no tiene rival. A sus quince a\u00f1os, ha cerrado otra temporada en la que el primer puesto del podio se ha convertido en su compa\u00f1ero de viaje inseparable y ha ratificado su condici\u00f3n de gran promesa de este deporte a nivel estatal.<\/span><\/p><p class=\"gn-03N-Texto-sangr\u00eda\" style=\"text-align: center;\"><span class=\"gn-03N-Texto-base\">El ejercicio, en cualquier caso, no ha resultado especialmente sencillo para A\u00f1arbe, que ha debido adaptarse a diferentes circunstancias. La primera, su traslado de residencia. Con el inicio del curso escolar y la proximidad de los primeros copos, el gasteiztarra afront\u00f3 una mudanza con el objetivo de favorecer su rendimiento deportivo. De esta manera se despidi\u00f3 de Vitoria y se traslad\u00f3 a la localidad oscense de Villan\u00faa para poder centrarse en los entrenamientos adem\u00e1s de continuar estudiando 3\u00ba de la ESO en el colegio Escolapios de Jaca. Bajo la supervisi\u00f3n de su padre y entrenador, Pedro A\u00f1arbe, siempre que es posible se une a los entrenamientos del Equipo Militar de esqu\u00ed, que actualmente compite en la Copa del Mundo de biathl\u00f3n.<\/span><\/p><p class=\"gn-03N-Texto-sangr\u00eda\" style=\"text-align: center;\"><span class=\"gn-03N-Texto-base\">En sus previsiones figuraba llevar a cabo un completo calendario de competiciones pero ah\u00ed apareci\u00f3 otro factor inesperado al que igualmente tuvo que adaptarse. Porque, al igual que al resto de disciplinas deportivas, el coronavirus tambi\u00e9n ha afectado al desarrollo de la temporada de esqu\u00ed de fondo. As\u00ed, no pudo completar las dos semanas de entrenamiento (no consecutivas) que acostumbra a hacer cada a\u00f1o en Italia con un equipo local. La pandemia \u2013y la falta de nieve\u2013 tambi\u00e9n ha limitado mucho el n\u00famero de carreras en las que ha podido participar ya que las estaciones de Baqueira y Candanch\u00fa, que habitualmente son las que m\u00e1s organizan, este a\u00f1o no han celebrado ninguna. Adem\u00e1s A\u00f1arbe \u2013que es el \u00fanico corredor de esqu\u00ed de fondo masculino de la Federaci\u00f3n Vasca de Deportes de Invierno que pertenece al programa de excelencia impulsado por Basque Team\u2013 tampoco pudo tomar parte en pruebas internacionales debido a que todas las de categor\u00edas Sub&#8217; 16 y Sub&#8217; 18 se suspendieron y al ser Sub&#8217; 16 de primer a\u00f1o no se le ha permiti\u00f3 correr en la categor\u00eda Sub&#8217; 20.<\/span><\/p><div id=\"addoor-widget-928\" class=\"addoor-widget\" style=\"text-align: center;\">\u00a0<\/div><div id=\"addoor-widget-1361\" class=\"addoor-widget\" style=\"text-align: center;\">\u00a0<\/div><p class=\"gn-03N-Texto-sangr\u00eda\" style=\"text-align: center;\"><span class=\"gn-03N-Texto-base\">Todas estas dificultades, en cualquier caso, no lograron mermar el rendimiento de Peio, que volvi\u00f3 a dominar con pu\u00f1o de hierro pr\u00e1cticamente todas las competiciones en las que ha tomado parte. Su balance de resultados no ofrece la m\u00e1s m\u00ednima duda al respecto. Un solitario segundo puesto es su\u00a0<i>peor<\/i>\u00a0resultado a lo largo de toda la campa\u00f1a. En el resto de citas, siempre se ha subido a lo m\u00e1s alto del podio.<\/span><\/p><p class=\"gn-03N-Texto-sangr\u00eda\" style=\"text-align: center;\"><span class=\"gn-03N-Texto-base\">Ese peque\u00f1o lunar lleg\u00f3 en la \u00faltima competici\u00f3n del a\u00f1o, el Campeonato de Espa\u00f1a que se celebr\u00f3 en Belagua. En la modalidad de sprints skating que abri\u00f3 la prueba tuvo un tropez\u00f3n en el sprint final que le hizo perder la cabeza de carrera y al ser un circuito estrecho y de poca distancia no tuvo posibilidades de adelantar, lo que le llev\u00f3 a terminar segundo. Se resarci\u00f3 por completo los d\u00edas siguientes venciendo en las modalidades de t\u00e9cnica cl\u00e1sica contrarreloj 5 kil\u00f3metros (con un minuto de ventaja sobre su m\u00e1s inmediato perseguidor) y skating contrarreloj.<\/span><\/p><p class=\"gn-03N-Texto-sangr\u00eda\" style=\"text-align: center;\"><span class=\"gn-03N-Texto-base\">Peio cerr\u00f3 as\u00ed la temporada con un nuevo t\u00edtulo de campe\u00f3n de Espa\u00f1a, que se suma a la victoria en la general de la Copa de Espa\u00f1a y todas las dem\u00e1s competiciones en las que ha tomado parte. Una nueva demostraci\u00f3n de que, por ahora, carece de rival sobre la nieve.<\/span><\/p><p class=\"gn-03N-Etiqueta-neg\" style=\"text-align: center;\"><span style=\"text-decoration: underline;\"><strong><span class=\"gn-03N-Etiqueta-neg\">LOS DATOS<\/span><\/strong><\/span><\/p><ol><li class=\"gn-03N-Apoyo-tex\"><span class=\"gn-03N-Apoyo-localizador\">Balance excelente.\u00a0<\/span><span class=\"gn-03N-Apoyo-tex\">Peio A\u00f1arbe se ha proclamado campe\u00f3n de Espa\u00f1a \u2013acumula ya diez t\u00edtulos estatales\u2013 y ha vencido en la general de la Copa de Espa\u00f1a tras haberse impuesto tambi\u00e9n en todas las pruebas que la integran.<\/span><\/li><li class=\"gn-03N-Apoyo-tex\"><span class=\"gn-03N-Apoyo-localizador\">Traslado.\u00a0<\/span><span class=\"gn-03N-Apoyo-tex\">Se ha mudado a la localidad oscense de Villan\u00faa para poder llevar a cabo mejores entrenamientos durante todo el a\u00f1o.<\/span><\/li><li id=\"addoor-widget-1370\" class=\"addoor-widget\">El coronavirus ha motivado la suspensi\u00f3n de todas las pruebas internacionales Sub&#8217; 16 y Sub&#8217; 18, por lo que este curso no ha podido competir en el extranjero<\/li><li class=\"addoor-widget\"><span class=\"gn-06N-Cita-1\">Se ha trasladado a Villan\u00faa para centrarse en los entrenamientos y se ejercita de manera habitual con el equipo que participa en la Copa del Mundo de biathl\u00f3n<\/span><\/li><\/ol><div class=\"lead\">\u00a0<\/div><p>\u00a0<\/p>\t\t\t\t\t<\/div>\n\t\t\t\t\t\t<\/div>\n\t\t\t\t<\/div>\n\t\t\t\t\t\t<\/div>\n\t\t\t\t\t<\/div>\n\t\t<\/div>\n\t\t\t\t\t\t\t\t<\/div>\n\t\t\t\t\t<\/div>\n\t\t<\/section>\n\t\t\t\t\t\t\t\t\t<\/div>\n\t\t\t<\/div>\n\t\t\t\t\t<\/div>","protected":false},"excerpt":{"rendered":"<p>PEIO A\u00d1ARBE \u00abSIN RIVAL SOBRE LA NIEVE\u00bb Diario de Noticias de \u00c1lava: Txema Sierra ESQU\u00cd DE FONDO\u00a0EL JOVEN VITORIANO PEIO A\u00d1ARBE COMPLETA OTRA TEMPORADA DE DOMINIO ABSOLUTO EN LA QUE HA VENCIDO EN LA COPA DE ESPA\u00d1A Y LOS ESTATALES VITORIA\u00a0\u2013 Con la primavera marcando ya su paso inexorable hacia el esperado verano, el blanco [&hellip;]<\/p>","protected":false},"author":3,"featured_media":3985,"comment_status":"closed","ping_status":"closed","sticky":false,"template":"elementor_header_footer","format":"standard","meta":[],"categories":[9,15],"tags":[],"_links":{"self":[{"href":"https:\/\/nkef.eus\/eu\/index.php\/wp-json\/wp\/v2\/posts\/3984"}],"collection":[{"href":"https:\/\/nkef.eus\/eu\/index.php\/wp-json\/wp\/v2\/posts"}],"about":[{"href":"https:\/\/nkef.eus\/eu\/index.php\/wp-json\/wp\/v2\/types\/post"}],"author":[{"embeddable":true,"href":"https:\/\/nkef.eus\/eu\/index.php\/wp-json\/wp\/v2\/users\/3"}],"replies":[{"embeddable":true,"href":"https:\/\/nkef.eus\/eu\/index.php\/wp-json\/wp\/v2\/comments?post=3984"}],"version-history":[{"count":7,"href":"https:\/\/nkef.eus\/eu\/index.php\/wp-json\/wp\/v2\/posts\/3984\/revisions"}],"predecessor-version":[{"id":3993,"href":"https:\/\/nkef.eus\/eu\/index.php\/wp-json\/wp\/v2\/posts\/3984\/revisions\/3993"}],"wp:featuredmedia":[{"embeddable":true,"href":"https:\/\/nkef.eus\/eu\/index.php\/wp-json\/wp\/v2\/media\/3985"}],"wp:attachment":[{"href":"https:\/\/nkef.eus\/eu\/index.php\/wp-json\/wp\/v2\/media?parent=3984"}],"wp:term":[{"taxonomy":"category","embeddable":true,"href":"https:\/\/nkef.eus\/eu\/index.php\/wp-json\/wp\/v2\/categories?post=3984"},{"taxonomy":"post_tag","embeddable":true,"href":"https:\/\/nkef.eus\/eu\/index.php\/wp-json\/wp\/v2\/tags?post=3984"}],"curies":[{"name":"wp","href":"https:\/\/api.w.org\/{rel}","templated":true}]}}