{"id":3840,"date":"2021-04-15T11:25:00","date_gmt":"2021-04-15T11:25:00","guid":{"rendered":"https:\/\/nkef.eus\/?p=3840"},"modified":"2021-04-15T11:32:29","modified_gmt":"2021-04-15T11:32:29","slug":"oscar-iriarte-campeon-de-espana-b7-masters-en-la-modalidad-de-slalom-y-primer-clasificado-de-la-copa-de-espana","status":"publish","type":"post","link":"https:\/\/nkef.eus\/eu\/index.php\/2021\/04\/15\/oscar-iriarte-campeon-de-espana-b7-masters-en-la-modalidad-de-slalom-y-primer-clasificado-de-la-copa-de-espana\/","title":{"rendered":"OSCAR IRIARTE CAMPE\u00d3N DE ESPA\u00d1A  B7 MASTERS EN LA MODALIDAD DE SLALOM  Y PRIMER CLASIFICADO DE LA COPA DE ESPA\u00d1A."},"content":{"rendered":"<div data-elementor-type=\"wp-post\" data-elementor-id=\"3840\" class=\"elementor elementor-3840\">\n\t\t\t\t\t\t<div class=\"elementor-inner\">\n\t\t\t\t<div class=\"elementor-section-wrap\">\n\t\t\t\t\t\t\t\t\t<section class=\"elementor-section elementor-top-section elementor-element elementor-element-3b1e51fb elementor-section-content-middle elementor-section-boxed elementor-section-height-default elementor-section-height-default\" data-id=\"3b1e51fb\" data-element_type=\"section\">\n\t\t\t\t\t\t<div class=\"elementor-container elementor-column-gap-no\">\n\t\t\t\t\t\t\t<div class=\"elementor-row\">\n\t\t\t\t\t<div class=\"elementor-column elementor-col-100 elementor-top-column elementor-element elementor-element-50c8d477\" data-id=\"50c8d477\" data-element_type=\"column\">\n\t\t\t<div class=\"elementor-column-wrap elementor-element-populated\">\n\t\t\t\t\t\t\t<div class=\"elementor-widget-wrap\">\n\t\t\t\t\t\t<div class=\"elementor-element elementor-element-979e1b6 elementor-widget elementor-widget-heading\" data-id=\"979e1b6\" data-element_type=\"widget\" data-widget_type=\"heading.default\">\n\t\t\t\t<div class=\"elementor-widget-container\">\n\t\t\t<h4 class=\"elementor-heading-title elementor-size-default\">OSCAR IRIARTE CAMPE\u00d3N DE ESPA\u00d1A  B7 MASTERS EN LA MODALIDAD DE SLALOM  Y PRIMER CLASIFICADO DE LA COPA DE ESPA\u00d1A.<\/h4>\t\t<\/div>\n\t\t\t\t<\/div>\n\t\t\t\t<div class=\"elementor-element elementor-element-b68791c elementor-widget elementor-widget-image\" data-id=\"b68791c\" data-element_type=\"widget\" data-widget_type=\"image.default\">\n\t\t\t\t<div class=\"elementor-widget-container\">\n\t\t\t\t\t\t\t\t<div class=\"elementor-image\">\n\t\t\t\t\t\t\t\t\t<figure class=\"wp-caption\">\n\t\t\t\t\t\t\t\t\t\t<img width=\"580\" height=\"773\" src=\"https:\/\/nkef.eus\/wp-content\/uploads\/2021\/04\/7-768x1024.jpg\" class=\"attachment-large size-large\" alt=\"\" loading=\"lazy\" srcset=\"https:\/\/nkef.eus\/wp-content\/uploads\/2021\/04\/7-768x1024.jpg 768w, https:\/\/nkef.eus\/wp-content\/uploads\/2021\/04\/7-225x300.jpg 225w, https:\/\/nkef.eus\/wp-content\/uploads\/2021\/04\/7-1152x1536.jpg 1152w, https:\/\/nkef.eus\/wp-content\/uploads\/2021\/04\/7-9x12.jpg 9w, https:\/\/nkef.eus\/wp-content\/uploads\/2021\/04\/7-1200x1600.jpg 1200w, https:\/\/nkef.eus\/wp-content\/uploads\/2021\/04\/7-rotated.jpg 1512w\" sizes=\"(max-width: 580px) 100vw, 580px\" \/>\t\t\t\t\t\t\t\t\t\t\t<figcaption class=\"widget-image-caption wp-caption-text\">Oscar Iriarte (Sierra Nevada)<\/figcaption>\n\t\t\t\t\t\t\t\t\t\t<\/figure>\n\t\t\t\t\t\t\t\t<\/div>\n\t\t\t\t\t\t<\/div>\n\t\t\t\t<\/div>\n\t\t\t\t<div class=\"elementor-element elementor-element-e34e7b9 elementor-widget-divider--view-line elementor-widget elementor-widget-divider\" data-id=\"e34e7b9\" data-element_type=\"widget\" data-widget_type=\"divider.default\">\n\t\t\t\t<div class=\"elementor-widget-container\">\n\t\t\t\t\t<div class=\"elementor-divider\">\n\t\t\t<span class=\"elementor-divider-separator\">\n\t\t\t\t\t\t<\/span>\n\t\t<\/div>\n\t\t\t\t<\/div>\n\t\t\t\t<\/div>\n\t\t\t\t<div class=\"elementor-element elementor-element-1cba1829 elementor-widget elementor-widget-text-editor\" data-id=\"1cba1829\" data-element_type=\"widget\" data-widget_type=\"text-editor.default\">\n\t\t\t\t<div class=\"elementor-widget-container\">\n\t\t\t\t\t\t\t\t<div class=\"elementor-text-editor elementor-clearfix\">\n\t\t\t\t<div dir=\"auto\"><p style=\"text-align: center;\">El pasado fin de semana se disputaba en<\/p><div class=\"nc684nl6\" style=\"text-align: center;\">Sierra Nevada<\/div><p style=\"text-align: center;\">el Campeonato de Espa\u00f1a Masters de Esqu\u00ed Alpino a su vez puntuable para la Copa Espa\u00f1a donde Oscar Iriarte (A.Ast\u00fan\/NKEF) se proclamaba Campe\u00f3n de Espa\u00f1a de Slalom en categor\u00eda B7 y obten\u00eda un tercer puesto en el (GS).<\/p><\/div><div dir=\"auto\" style=\"text-align: center;\">Estos resultados, unidos a los conseguidos en anteriores pruebas le otorgan un primer puesto en la Clasificaci\u00f3n final de Copa Espa\u00f1a.<\/div><div dir=\"auto\">El resto de integrantes de la NKEF tambi\u00e9n han logrado grandes resultados destacando las actuaciones de Jes\u00fas Apraiz medalla de bronce en el Campeonato de Espa\u00f1a (B7 &#8211; SL). Miguel Odriozola medallas de bronce (A6 &#8211; SL y GS) en el Campeonato de Espa\u00f1a y tercero en la clasificaci\u00f3n final de Copa de Espa\u00f1a, Fernando Lacadena Pascual medalla de bronce (SL) y plata (GS) en el Campeonato de Espa\u00f1a y Javier Cearra segundo clasificado Copa de Espa\u00f1a (B7)<\/div><div dir=\"auto\">\u00a0<\/div><div dir=\"auto\">\u00a0<\/div>\t\t\t\t\t<\/div>\n\t\t\t\t\t\t<\/div>\n\t\t\t\t<\/div>\n\t\t\t\t<div class=\"elementor-element elementor-element-c8292d4 elementor-widget-divider--view-line elementor-widget elementor-widget-divider\" data-id=\"c8292d4\" data-element_type=\"widget\" data-widget_type=\"divider.default\">\n\t\t\t\t<div class=\"elementor-widget-container\">\n\t\t\t\t\t<div class=\"elementor-divider\">\n\t\t\t<span class=\"elementor-divider-separator\">\n\t\t\t\t\t\t<\/span>\n\t\t<\/div>\n\t\t\t\t<\/div>\n\t\t\t\t<\/div>\n\t\t\t\t<div class=\"elementor-element elementor-element-90c5c91 elementor-widget elementor-widget-image-gallery\" data-id=\"90c5c91\" data-element_type=\"widget\" data-widget_type=\"image-gallery.default\">\n\t\t\t\t<div class=\"elementor-widget-container\">\n\t\t\t\t\t<div class=\"elementor-image-gallery\">\n\t\t\t<div id='gallery-1' class='gallery galleryid-3840 gallery-columns-4 gallery-size-thumbnail'><figure class='gallery-item'>\n\t\t\t<div class='gallery-icon portrait'>\n\t\t\t\t<a data-elementor-open-lightbox=\"yes\" data-elementor-lightbox-slideshow=\"90c5c91\" data-elementor-lightbox-title=\"9\" e-action-hash=\"#elementor-action%3Aaction%3Dlightbox%26settings%3DeyJpZCI6Mzg0OSwidXJsIjoiaHR0cHM6XC9cL25rZWYuZXVzXC93cC1jb250ZW50XC91cGxvYWRzXC8yMDIxXC8wNFwvOS5qcGciLCJzbGlkZXNob3ciOiI5MGM1YzkxIn0%3D\" href='https:\/\/nkef.eus\/wp-content\/uploads\/2021\/04\/9.jpg'><img width=\"150\" height=\"150\" src=\"https:\/\/nkef.eus\/wp-content\/uploads\/2021\/04\/9-150x150.jpg\" class=\"attachment-thumbnail size-thumbnail\" alt=\"\" loading=\"lazy\" \/><\/a>\n\t\t\t<\/div><\/figure><figure class='gallery-item'>\n\t\t\t<div class='gallery-icon portrait'>\n\t\t\t\t<a data-elementor-open-lightbox=\"yes\" data-elementor-lightbox-slideshow=\"90c5c91\" data-elementor-lightbox-title=\"8\" e-action-hash=\"#elementor-action%3Aaction%3Dlightbox%26settings%3DeyJpZCI6Mzg0OCwidXJsIjoiaHR0cHM6XC9cL25rZWYuZXVzXC93cC1jb250ZW50XC91cGxvYWRzXC8yMDIxXC8wNFwvOC5qcGciLCJzbGlkZXNob3ciOiI5MGM1YzkxIn0%3D\" href='https:\/\/nkef.eus\/wp-content\/uploads\/2021\/04\/8.jpg'><img width=\"150\" height=\"150\" src=\"https:\/\/nkef.eus\/wp-content\/uploads\/2021\/04\/8-150x150.jpg\" class=\"attachment-thumbnail size-thumbnail\" alt=\"\" loading=\"lazy\" \/><\/a>\n\t\t\t<\/div><\/figure><figure class='gallery-item'>\n\t\t\t<div class='gallery-icon portrait'>\n\t\t\t\t<a data-elementor-open-lightbox=\"yes\" data-elementor-lightbox-slideshow=\"90c5c91\" data-elementor-lightbox-title=\"6\" e-action-hash=\"#elementor-action%3Aaction%3Dlightbox%26settings%3DeyJpZCI6Mzg0NiwidXJsIjoiaHR0cHM6XC9cL25rZWYuZXVzXC93cC1jb250ZW50XC91cGxvYWRzXC8yMDIxXC8wNFwvNi5qcGciLCJzbGlkZXNob3ciOiI5MGM1YzkxIn0%3D\" href='https:\/\/nkef.eus\/wp-content\/uploads\/2021\/04\/6.jpg'><img width=\"150\" height=\"150\" src=\"https:\/\/nkef.eus\/wp-content\/uploads\/2021\/04\/6-150x150.jpg\" class=\"attachment-thumbnail size-thumbnail\" alt=\"\" loading=\"lazy\" \/><\/a>\n\t\t\t<\/div><\/figure><figure class='gallery-item'>\n\t\t\t<div class='gallery-icon portrait'>\n\t\t\t\t<a data-elementor-open-lightbox=\"yes\" data-elementor-lightbox-slideshow=\"90c5c91\" data-elementor-lightbox-title=\"5\" e-action-hash=\"#elementor-action%3Aaction%3Dlightbox%26settings%3DeyJpZCI6Mzg0NSwidXJsIjoiaHR0cHM6XC9cL25rZWYuZXVzXC93cC1jb250ZW50XC91cGxvYWRzXC8yMDIxXC8wNFwvNS5qcGciLCJzbGlkZXNob3ciOiI5MGM1YzkxIn0%3D\" href='https:\/\/nkef.eus\/wp-content\/uploads\/2021\/04\/5.jpg'><img width=\"150\" height=\"150\" src=\"https:\/\/nkef.eus\/wp-content\/uploads\/2021\/04\/5-150x150.jpg\" class=\"attachment-thumbnail size-thumbnail\" alt=\"\" loading=\"lazy\" \/><\/a>\n\t\t\t<\/div><\/figure><figure class='gallery-item'>\n\t\t\t<div class='gallery-icon portrait'>\n\t\t\t\t<a data-elementor-open-lightbox=\"yes\" data-elementor-lightbox-slideshow=\"90c5c91\" data-elementor-lightbox-title=\"4\" e-action-hash=\"#elementor-action%3Aaction%3Dlightbox%26settings%3DeyJpZCI6Mzg0NCwidXJsIjoiaHR0cHM6XC9cL25rZWYuZXVzXC93cC1jb250ZW50XC91cGxvYWRzXC8yMDIxXC8wNFwvNC5qcGciLCJzbGlkZXNob3ciOiI5MGM1YzkxIn0%3D\" href='https:\/\/nkef.eus\/wp-content\/uploads\/2021\/04\/4.jpg'><img width=\"150\" height=\"150\" src=\"https:\/\/nkef.eus\/wp-content\/uploads\/2021\/04\/4-150x150.jpg\" class=\"attachment-thumbnail size-thumbnail\" alt=\"\" loading=\"lazy\" \/><\/a>\n\t\t\t<\/div><\/figure><figure class='gallery-item'>\n\t\t\t<div class='gallery-icon portrait'>\n\t\t\t\t<a data-elementor-open-lightbox=\"yes\" data-elementor-lightbox-slideshow=\"90c5c91\" data-elementor-lightbox-title=\"3\" e-action-hash=\"#elementor-action%3Aaction%3Dlightbox%26settings%3DeyJpZCI6Mzg0MywidXJsIjoiaHR0cHM6XC9cL25rZWYuZXVzXC93cC1jb250ZW50XC91cGxvYWRzXC8yMDIxXC8wNFwvMy5qcGciLCJzbGlkZXNob3ciOiI5MGM1YzkxIn0%3D\" href='https:\/\/nkef.eus\/wp-content\/uploads\/2021\/04\/3.jpg'><img width=\"150\" height=\"150\" src=\"https:\/\/nkef.eus\/wp-content\/uploads\/2021\/04\/3-150x150.jpg\" class=\"attachment-thumbnail size-thumbnail\" alt=\"\" loading=\"lazy\" \/><\/a>\n\t\t\t<\/div><\/figure><figure class='gallery-item'>\n\t\t\t<div class='gallery-icon portrait'>\n\t\t\t\t<a data-elementor-open-lightbox=\"yes\" data-elementor-lightbox-slideshow=\"90c5c91\" data-elementor-lightbox-title=\"2\" e-action-hash=\"#elementor-action%3Aaction%3Dlightbox%26settings%3DeyJpZCI6Mzg0MiwidXJsIjoiaHR0cHM6XC9cL25rZWYuZXVzXC93cC1jb250ZW50XC91cGxvYWRzXC8yMDIxXC8wNFwvMi5qcGciLCJzbGlkZXNob3ciOiI5MGM1YzkxIn0%3D\" href='https:\/\/nkef.eus\/wp-content\/uploads\/2021\/04\/2.jpg'><img width=\"150\" height=\"150\" src=\"https:\/\/nkef.eus\/wp-content\/uploads\/2021\/04\/2-150x150.jpg\" class=\"attachment-thumbnail size-thumbnail\" alt=\"\" loading=\"lazy\" \/><\/a>\n\t\t\t<\/div><\/figure><figure class='gallery-item'>\n\t\t\t<div class='gallery-icon portrait'>\n\t\t\t\t<a data-elementor-open-lightbox=\"yes\" data-elementor-lightbox-slideshow=\"90c5c91\" data-elementor-lightbox-title=\"1\" e-action-hash=\"#elementor-action%3Aaction%3Dlightbox%26settings%3DeyJpZCI6Mzg0MSwidXJsIjoiaHR0cHM6XC9cL25rZWYuZXVzXC93cC1jb250ZW50XC91cGxvYWRzXC8yMDIxXC8wNFwvMS5qcGciLCJzbGlkZXNob3ciOiI5MGM1YzkxIn0%3D\" href='https:\/\/nkef.eus\/wp-content\/uploads\/2021\/04\/1.jpg'><img width=\"150\" height=\"150\" src=\"https:\/\/nkef.eus\/wp-content\/uploads\/2021\/04\/1-150x150.jpg\" class=\"attachment-thumbnail size-thumbnail\" alt=\"\" loading=\"lazy\" \/><\/a>\n\t\t\t<\/div><\/figure>\n\t\t<\/div>\n\t\t<\/div>\n\t\t\t\t<\/div>\n\t\t\t\t<\/div>\n\t\t\t\t<div class=\"elementor-element elementor-element-37cb43f elementor-align-center elementor-widget elementor-widget-button\" data-id=\"37cb43f\" data-element_type=\"widget\" data-widget_type=\"button.default\">\n\t\t\t\t<div class=\"elementor-widget-container\">\n\t\t\t\t\t<div class=\"elementor-button-wrapper\">\n\t\t\t<a href=\"https:\/\/nkef.eus\/wp-content\/uploads\/2021\/04\/Ranking-Copa-Espana-Masters-2021-3a-fase-FINAL-I.pdf\" class=\"elementor-button-link elementor-button elementor-size-sm\" role=\"button\">\n\t\t\t\t\t\t<span class=\"elementor-button-content-wrapper\">\n\t\t\t\t\t\t<span class=\"elementor-button-text\">CLASIFICACI\u00d3N FINAL COPA DE ESPA\u00d1A<\/span>\n\t\t<\/span>\n\t\t\t\t\t<\/a>\n\t\t<\/div>\n\t\t\t\t<\/div>\n\t\t\t\t<\/div>\n\t\t\t\t\t\t<\/div>\n\t\t\t\t\t<\/div>\n\t\t<\/div>\n\t\t\t\t\t\t\t\t<\/div>\n\t\t\t\t\t<\/div>\n\t\t<\/section>\n\t\t\t\t\t\t\t\t\t<\/div>\n\t\t\t<\/div>\n\t\t\t\t\t<\/div>","protected":false},"excerpt":{"rendered":"<p>OSCAR IRIARTE CAMPE\u00d3N DE ESPA\u00d1A B7 MASTERS EN LA MODALIDAD DE SLALOM Y PRIMER CLASIFICADO DE LA COPA DE ESPA\u00d1A. Oscar Iriarte (Sierra Nevada) El pasado fin de semana se disputaba en Sierra Nevada el Campeonato de Espa\u00f1a Masters de Esqu\u00ed Alpino a su vez puntuable para la Copa Espa\u00f1a donde Oscar Iriarte (A.Ast\u00fan\/NKEF) se [&hellip;]<\/p>","protected":false},"author":3,"featured_media":3847,"comment_status":"closed","ping_status":"closed","sticky":false,"template":"elementor_header_footer","format":"standard","meta":[],"categories":[3,15],"tags":[],"_links":{"self":[{"href":"https:\/\/nkef.eus\/eu\/index.php\/wp-json\/wp\/v2\/posts\/3840"}],"collection":[{"href":"https:\/\/nkef.eus\/eu\/index.php\/wp-json\/wp\/v2\/posts"}],"about":[{"href":"https:\/\/nkef.eus\/eu\/index.php\/wp-json\/wp\/v2\/types\/post"}],"author":[{"embeddable":true,"href":"https:\/\/nkef.eus\/eu\/index.php\/wp-json\/wp\/v2\/users\/3"}],"replies":[{"embeddable":true,"href":"https:\/\/nkef.eus\/eu\/index.php\/wp-json\/wp\/v2\/comments?post=3840"}],"version-history":[{"count":7,"href":"https:\/\/nkef.eus\/eu\/index.php\/wp-json\/wp\/v2\/posts\/3840\/revisions"}],"predecessor-version":[{"id":3857,"href":"https:\/\/nkef.eus\/eu\/index.php\/wp-json\/wp\/v2\/posts\/3840\/revisions\/3857"}],"wp:featuredmedia":[{"embeddable":true,"href":"https:\/\/nkef.eus\/eu\/index.php\/wp-json\/wp\/v2\/media\/3847"}],"wp:attachment":[{"href":"https:\/\/nkef.eus\/eu\/index.php\/wp-json\/wp\/v2\/media?parent=3840"}],"wp:term":[{"taxonomy":"category","embeddable":true,"href":"https:\/\/nkef.eus\/eu\/index.php\/wp-json\/wp\/v2\/categories?post=3840"},{"taxonomy":"post_tag","embeddable":true,"href":"https:\/\/nkef.eus\/eu\/index.php\/wp-json\/wp\/v2\/tags?post=3840"}],"curies":[{"name":"wp","href":"https:\/\/api.w.org\/{rel}","templated":true}]}}