{"id":3817,"date":"2021-04-13T09:22:43","date_gmt":"2021-04-13T09:22:43","guid":{"rendered":"https:\/\/nkef.eus\/?p=3817"},"modified":"2021-04-13T09:49:59","modified_gmt":"2021-04-13T09:49:59","slug":"plata-y-bronce-para-juan-del-campo-en-los-campeonatos-de-espana-en-sierra-nevada","status":"publish","type":"post","link":"https:\/\/nkef.eus\/eu\/index.php\/2021\/04\/13\/plata-y-bronce-para-juan-del-campo-en-los-campeonatos-de-espana-en-sierra-nevada\/","title":{"rendered":"PLATA Y BRONCE PARA JUAN DEL CAMPO EN LOS CAMPEONATOS DE ESPA\u00d1A  EN SIERRA NEVADA."},"content":{"rendered":"<div data-elementor-type=\"wp-post\" data-elementor-id=\"3817\" class=\"elementor elementor-3817\">\n\t\t\t\t\t\t<div class=\"elementor-inner\">\n\t\t\t\t<div class=\"elementor-section-wrap\">\n\t\t\t\t\t\t\t\t\t<section class=\"elementor-section elementor-top-section elementor-element elementor-element-40ee318c elementor-section-content-middle elementor-section-boxed elementor-section-height-default elementor-section-height-default\" data-id=\"40ee318c\" data-element_type=\"section\">\n\t\t\t\t\t\t<div class=\"elementor-container elementor-column-gap-no\">\n\t\t\t\t\t\t\t<div class=\"elementor-row\">\n\t\t\t\t\t<div class=\"elementor-column elementor-col-100 elementor-top-column elementor-element elementor-element-3163d909\" data-id=\"3163d909\" data-element_type=\"column\">\n\t\t\t<div class=\"elementor-column-wrap elementor-element-populated\">\n\t\t\t\t\t\t\t<div class=\"elementor-widget-wrap\">\n\t\t\t\t\t\t<div class=\"elementor-element elementor-element-df4a4bd elementor-widget elementor-widget-heading\" data-id=\"df4a4bd\" data-element_type=\"widget\" data-widget_type=\"heading.default\">\n\t\t\t\t<div class=\"elementor-widget-container\">\n\t\t\t<h4 class=\"elementor-heading-title elementor-size-default\">PLATA Y BRONCE PARA JUAN DEL CAMPO EN LOS CAMPEONATOS DE ESPA\u00d1A  EN SIERRA NEVADA.<\/h4>\t\t<\/div>\n\t\t\t\t<\/div>\n\t\t\t\t<div class=\"elementor-element elementor-element-5fa7c1d elementor-widget elementor-widget-image\" data-id=\"5fa7c1d\" data-element_type=\"widget\" data-widget_type=\"image.default\">\n\t\t\t\t<div class=\"elementor-widget-container\">\n\t\t\t\t\t\t\t\t<div class=\"elementor-image\">\n\t\t\t\t\t\t\t\t\t\t\t\t<img width=\"580\" height=\"435\" src=\"https:\/\/nkef.eus\/wp-content\/uploads\/2021\/04\/IMG-20210413-WA0000.jpg\" class=\"attachment-large size-large\" alt=\"\" loading=\"lazy\" srcset=\"https:\/\/nkef.eus\/wp-content\/uploads\/2021\/04\/IMG-20210413-WA0000.jpg 1024w, https:\/\/nkef.eus\/wp-content\/uploads\/2021\/04\/IMG-20210413-WA0000-300x225.jpg 300w, https:\/\/nkef.eus\/wp-content\/uploads\/2021\/04\/IMG-20210413-WA0000-768x576.jpg 768w, https:\/\/nkef.eus\/wp-content\/uploads\/2021\/04\/IMG-20210413-WA0000-16x12.jpg 16w\" sizes=\"(max-width: 580px) 100vw, 580px\" \/>\t\t\t\t\t\t\t\t\t\t\t\t\t\t<\/div>\n\t\t\t\t\t\t<\/div>\n\t\t\t\t<\/div>\n\t\t\t\t<div class=\"elementor-element elementor-element-4600b1b9 elementor-widget elementor-widget-text-editor\" data-id=\"4600b1b9\" data-element_type=\"widget\" data-widget_type=\"text-editor.default\">\n\t\t\t\t<div class=\"elementor-widget-container\">\n\t\t\t\t\t\t\t\t<div class=\"elementor-text-editor elementor-clearfix\">\n\t\t\t\t<p dir=\"ltr\">El lunes 12 de abril se han disputado los Campeonatos de Espa\u00f1a de velocidad con las pruebas de s\u00faper-gigante (SG) y combinada alpina (AC) en la estaci\u00f3n granadina de Sierra Nevada.\u00a0<\/p><p dir=\"ltr\">En Categor\u00eda masculina el ganador absolutos del SG ha sido el catal\u00e1n Albert Ortega\u00a0 (FCEH-LMCE) con un tiempo de 56.46 , la segunda plaza ha sido para el velocista navarro Adur Etxezarreta (56.77) 41 cent\u00e9simas por detr\u00e1s de Ortega y la tercera plaza para el vasco Juan del Campo (EURO\/NKEF) (56.78) a solo una cent\u00e9sima del navarro.\u00a0<\/p><p dir=\"ltr\">Posteriormente se ha disputado la combinada alpina, que consiste en la suma de los tiempos de una manga de s\u00faper-gigante (SG) y otra de slalom (SL) donde de nuevo Juan del Campo a logrado subirse al caj\u00f3n ocupando la segunda posici\u00f3n por detr\u00e1s de\u00a0 su compa\u00f1ero en el\u00a0 equipo nacional de alpino, Joaquim Salarich (FCEH-LMCE) quien se proclam\u00f3 campe\u00f3n de la AC tras ser el m\u00e1s r\u00e1pido en el SL y en la suma de tiempos (1:40.54). La tercera plaza ha sido para Gonzalo Viou (FMDI-PINILLA),<\/p>\t\t\t\t\t<\/div>\n\t\t\t\t\t\t<\/div>\n\t\t\t\t<\/div>\n\t\t\t\t\t\t<\/div>\n\t\t\t\t\t<\/div>\n\t\t<\/div>\n\t\t\t\t\t\t\t\t<\/div>\n\t\t\t\t\t<\/div>\n\t\t<\/section>\n\t\t\t\t\t\t\t\t\t<\/div>\n\t\t\t<\/div>\n\t\t\t\t\t<\/div>","protected":false},"excerpt":{"rendered":"<p>PLATA Y BRONCE PARA JUAN DEL CAMPO EN LOS CAMPEONATOS DE ESPA\u00d1A EN SIERRA NEVADA. El lunes 12 de abril se han disputado los Campeonatos de Espa\u00f1a de velocidad con las pruebas de s\u00faper-gigante (SG) y combinada alpina (AC) en la estaci\u00f3n granadina de Sierra Nevada.\u00a0 En Categor\u00eda masculina el ganador absolutos del SG ha [&hellip;]<\/p>","protected":false},"author":3,"featured_media":3808,"comment_status":"closed","ping_status":"closed","sticky":false,"template":"elementor_header_footer","format":"standard","meta":[],"categories":[3,15],"tags":[],"_links":{"self":[{"href":"https:\/\/nkef.eus\/eu\/index.php\/wp-json\/wp\/v2\/posts\/3817"}],"collection":[{"href":"https:\/\/nkef.eus\/eu\/index.php\/wp-json\/wp\/v2\/posts"}],"about":[{"href":"https:\/\/nkef.eus\/eu\/index.php\/wp-json\/wp\/v2\/types\/post"}],"author":[{"embeddable":true,"href":"https:\/\/nkef.eus\/eu\/index.php\/wp-json\/wp\/v2\/users\/3"}],"replies":[{"embeddable":true,"href":"https:\/\/nkef.eus\/eu\/index.php\/wp-json\/wp\/v2\/comments?post=3817"}],"version-history":[{"count":7,"href":"https:\/\/nkef.eus\/eu\/index.php\/wp-json\/wp\/v2\/posts\/3817\/revisions"}],"predecessor-version":[{"id":3824,"href":"https:\/\/nkef.eus\/eu\/index.php\/wp-json\/wp\/v2\/posts\/3817\/revisions\/3824"}],"wp:featuredmedia":[{"embeddable":true,"href":"https:\/\/nkef.eus\/eu\/index.php\/wp-json\/wp\/v2\/media\/3808"}],"wp:attachment":[{"href":"https:\/\/nkef.eus\/eu\/index.php\/wp-json\/wp\/v2\/media?parent=3817"}],"wp:term":[{"taxonomy":"category","embeddable":true,"href":"https:\/\/nkef.eus\/eu\/index.php\/wp-json\/wp\/v2\/categories?post=3817"},{"taxonomy":"post_tag","embeddable":true,"href":"https:\/\/nkef.eus\/eu\/index.php\/wp-json\/wp\/v2\/tags?post=3817"}],"curies":[{"name":"wp","href":"https:\/\/api.w.org\/{rel}","templated":true}]}}