{"id":3645,"date":"2021-03-29T11:33:08","date_gmt":"2021-03-29T11:33:08","guid":{"rendered":"https:\/\/nkef.eus\/?p=3645"},"modified":"2021-03-29T11:34:54","modified_gmt":"2021-03-29T11:34:54","slug":"june-garitano-campeona-de-espana-u18-en-la-modalidad-de-slalom","status":"publish","type":"post","link":"https:\/\/nkef.eus\/eu\/index.php\/2021\/03\/29\/june-garitano-campeona-de-espana-u18-en-la-modalidad-de-slalom\/","title":{"rendered":"JUNE GARITANO CAMPEONA DE ESPA\u00d1A U18 EN LA MODALIDAD DE SLALOM"},"content":{"rendered":"<div data-elementor-type=\"wp-post\" data-elementor-id=\"3645\" class=\"elementor elementor-3645\">\n\t\t\t\t\t\t<div class=\"elementor-inner\">\n\t\t\t\t<div class=\"elementor-section-wrap\">\n\t\t\t\t\t\t\t\t\t<section class=\"elementor-section elementor-top-section elementor-element elementor-element-7432c612 elementor-section-content-middle elementor-section-boxed elementor-section-height-default elementor-section-height-default\" data-id=\"7432c612\" data-element_type=\"section\">\n\t\t\t\t\t\t<div class=\"elementor-container elementor-column-gap-no\">\n\t\t\t\t\t\t\t<div class=\"elementor-row\">\n\t\t\t\t\t<div class=\"elementor-column elementor-col-100 elementor-top-column elementor-element elementor-element-148c08cb\" data-id=\"148c08cb\" data-element_type=\"column\">\n\t\t\t<div class=\"elementor-column-wrap elementor-element-populated\">\n\t\t\t\t\t\t\t<div class=\"elementor-widget-wrap\">\n\t\t\t\t\t\t<div class=\"elementor-element elementor-element-9afeb6f elementor-widget elementor-widget-heading\" data-id=\"9afeb6f\" data-element_type=\"widget\" data-widget_type=\"heading.default\">\n\t\t\t\t<div class=\"elementor-widget-container\">\n\t\t\t<h4 class=\"elementor-heading-title elementor-size-default\">JUNE GARITANO CAMPEONA DE ESPA\u00d1A U18 EN LA MODALIDAD DE SLALOM<\/h4>\t\t<\/div>\n\t\t\t\t<\/div>\n\t\t\t\t<div class=\"elementor-element elementor-element-aa1aca3 elementor-widget elementor-widget-image\" data-id=\"aa1aca3\" data-element_type=\"widget\" data-widget_type=\"image.default\">\n\t\t\t\t<div class=\"elementor-widget-container\">\n\t\t\t\t\t\t\t\t<div class=\"elementor-image\">\n\t\t\t\t\t\t\t\t\t\t\t\t<img width=\"580\" height=\"580\" src=\"https:\/\/nkef.eus\/wp-content\/uploads\/2021\/03\/1-3-1024x1024.jpg\" class=\"attachment-large size-large\" alt=\"\" loading=\"lazy\" srcset=\"https:\/\/nkef.eus\/wp-content\/uploads\/2021\/03\/1-3.jpg 1024w, https:\/\/nkef.eus\/wp-content\/uploads\/2021\/03\/1-3-300x300.jpg 300w, https:\/\/nkef.eus\/wp-content\/uploads\/2021\/03\/1-3-150x150.jpg 150w, https:\/\/nkef.eus\/wp-content\/uploads\/2021\/03\/1-3-768x768.jpg 768w, https:\/\/nkef.eus\/wp-content\/uploads\/2021\/03\/1-3-12x12.jpg 12w\" sizes=\"(max-width: 580px) 100vw, 580px\" \/>\t\t\t\t\t\t\t\t\t\t\t\t\t\t<\/div>\n\t\t\t\t\t\t<\/div>\n\t\t\t\t<\/div>\n\t\t\t\t<div class=\"elementor-element elementor-element-1556d8df elementor-widget elementor-widget-text-editor\" data-id=\"1556d8df\" data-element_type=\"widget\" data-widget_type=\"text-editor.default\">\n\t\t\t\t<div class=\"elementor-widget-container\">\n\t\t\t\t\t\t\t\t<div class=\"elementor-text-editor elementor-clearfix\">\n\t\t\t\t<p dir=\"ltr\" style=\"text-align: center;\">El 27\u00a0 de marzo de 2021 se han disputado el\u00a0 Campeonatos de Espa\u00f1a Audi de las categor\u00edas U21\/18. En este evento se han dado cita los mejores esquiadores espa\u00f1oles tanto hombres como mujeres. La estaci\u00f3n catalana, situada en el Pirineo de Lleida y propiedad de FGC, ha acogido las pruebas slalom (SL) s\u00e1bado 27 y slalom gigante (GS) en el Top CAEI FIS.\u00a0<\/p><p dir=\"ltr\" style=\"text-align: center;\">La competici\u00f3n ha sido coorganizada por la Real Federaci\u00f3n Espa\u00f1ola Deportes de Invierno (RFEDI), la Federaci\u00f3 Catalana d\u2019Esports d&#8217;Hivern (FCEH), el Club Aran\u00e9s d\u2019Esports d&#8217;Iu\u00e8rn (CAEI) y la propia estaci\u00f3n de Espot del grupo FGC.<\/p><p dir=\"ltr\" style=\"text-align: center;\">La esquiadora integrante del proyecto excelencia de la fundaci\u00f3n Baque Team, June Garitano (IRIMO -NKEF) se ha proclamado Campeona de Espa\u00f1a en la modalidad de Slalom categor\u00eda U18 por delante de la corredora de la Federaci\u00f3n Aragonesa, In\u00e9s Araujo.<\/p>\t\t\t\t\t<\/div>\n\t\t\t\t\t\t<\/div>\n\t\t\t\t<\/div>\n\t\t\t\t\t\t<\/div>\n\t\t\t\t\t<\/div>\n\t\t<\/div>\n\t\t\t\t\t\t\t\t<\/div>\n\t\t\t\t\t<\/div>\n\t\t<\/section>\n\t\t\t\t\t\t\t\t\t<\/div>\n\t\t\t<\/div>\n\t\t\t\t\t<\/div>","protected":false},"excerpt":{"rendered":"<p>JUNE GARITANO CAMPEONA DE ESPA\u00d1A U18 EN LA MODALIDAD DE SLALOM El 27\u00a0 de marzo de 2021 se han disputado el\u00a0 Campeonatos de Espa\u00f1a Audi de las categor\u00edas U21\/18. En este evento se han dado cita los mejores esquiadores espa\u00f1oles tanto hombres como mujeres. La estaci\u00f3n catalana, situada en el Pirineo de Lleida y propiedad [&hellip;]<\/p>","protected":false},"author":3,"featured_media":3646,"comment_status":"closed","ping_status":"closed","sticky":false,"template":"elementor_header_footer","format":"standard","meta":[],"categories":[3,15],"tags":[],"_links":{"self":[{"href":"https:\/\/nkef.eus\/eu\/index.php\/wp-json\/wp\/v2\/posts\/3645"}],"collection":[{"href":"https:\/\/nkef.eus\/eu\/index.php\/wp-json\/wp\/v2\/posts"}],"about":[{"href":"https:\/\/nkef.eus\/eu\/index.php\/wp-json\/wp\/v2\/types\/post"}],"author":[{"embeddable":true,"href":"https:\/\/nkef.eus\/eu\/index.php\/wp-json\/wp\/v2\/users\/3"}],"replies":[{"embeddable":true,"href":"https:\/\/nkef.eus\/eu\/index.php\/wp-json\/wp\/v2\/comments?post=3645"}],"version-history":[{"count":4,"href":"https:\/\/nkef.eus\/eu\/index.php\/wp-json\/wp\/v2\/posts\/3645\/revisions"}],"predecessor-version":[{"id":3653,"href":"https:\/\/nkef.eus\/eu\/index.php\/wp-json\/wp\/v2\/posts\/3645\/revisions\/3653"}],"wp:featuredmedia":[{"embeddable":true,"href":"https:\/\/nkef.eus\/eu\/index.php\/wp-json\/wp\/v2\/media\/3646"}],"wp:attachment":[{"href":"https:\/\/nkef.eus\/eu\/index.php\/wp-json\/wp\/v2\/media?parent=3645"}],"wp:term":[{"taxonomy":"category","embeddable":true,"href":"https:\/\/nkef.eus\/eu\/index.php\/wp-json\/wp\/v2\/categories?post=3645"},{"taxonomy":"post_tag","embeddable":true,"href":"https:\/\/nkef.eus\/eu\/index.php\/wp-json\/wp\/v2\/tags?post=3645"}],"curies":[{"name":"wp","href":"https:\/\/api.w.org\/{rel}","templated":true}]}}