{"id":3639,"date":"2021-03-29T11:12:58","date_gmt":"2021-03-29T11:12:58","guid":{"rendered":"https:\/\/nkef.eus\/?p=3639"},"modified":"2021-03-29T11:24:10","modified_gmt":"2021-03-29T11:24:10","slug":"aingeru-garay-subcampeon-de-espana-absoluto-en-sl-y-gs","status":"publish","type":"post","link":"https:\/\/nkef.eus\/eu\/index.php\/2021\/03\/29\/aingeru-garay-subcampeon-de-espana-absoluto-en-sl-y-gs\/","title":{"rendered":"AINGERU GARAY SUBCAMPE\u00d3N DE ESPA\u00d1A ABSOLUTO EN (SL Y GS)"},"content":{"rendered":"<div data-elementor-type=\"wp-post\" data-elementor-id=\"3639\" class=\"elementor elementor-3639\">\n\t\t\t\t\t\t<div class=\"elementor-inner\">\n\t\t\t\t<div class=\"elementor-section-wrap\">\n\t\t\t\t\t\t\t\t\t<section class=\"elementor-section elementor-top-section elementor-element elementor-element-1d40afa7 elementor-section-content-middle elementor-section-boxed elementor-section-height-default elementor-section-height-default\" data-id=\"1d40afa7\" data-element_type=\"section\">\n\t\t\t\t\t\t<div class=\"elementor-container elementor-column-gap-no\">\n\t\t\t\t\t\t\t<div class=\"elementor-row\">\n\t\t\t\t\t<div class=\"elementor-column elementor-col-100 elementor-top-column elementor-element elementor-element-5e8b0c7e\" data-id=\"5e8b0c7e\" data-element_type=\"column\">\n\t\t\t<div class=\"elementor-column-wrap elementor-element-populated\">\n\t\t\t\t\t\t\t<div class=\"elementor-widget-wrap\">\n\t\t\t\t\t\t<div class=\"elementor-element elementor-element-4ac9ef37 elementor-widget elementor-widget-heading\" data-id=\"4ac9ef37\" data-element_type=\"widget\" data-widget_type=\"heading.default\">\n\t\t\t\t<div class=\"elementor-widget-container\">\n\t\t\t<h4 class=\"elementor-heading-title elementor-size-default\">AINGERU GARAY SUBCAMPE\u00d3N DE ESPA\u00d1A ABSOLUTO EN (SL Y GS)<\/h4>\t\t<\/div>\n\t\t\t\t<\/div>\n\t\t\t\t<div class=\"elementor-element elementor-element-f14d7d7 elementor-widget elementor-widget-image\" data-id=\"f14d7d7\" data-element_type=\"widget\" data-widget_type=\"image.default\">\n\t\t\t\t<div class=\"elementor-widget-container\">\n\t\t\t\t\t\t\t\t<div class=\"elementor-image\">\n\t\t\t\t\t\t\t\t\t\t\t\t<img width=\"580\" height=\"389\" src=\"https:\/\/nkef.eus\/wp-content\/uploads\/2021\/03\/3-1-1024x687.jpg\" class=\"attachment-large size-large\" alt=\"\" loading=\"lazy\" srcset=\"https:\/\/nkef.eus\/wp-content\/uploads\/2021\/03\/3-1-1024x687.jpg 1024w, https:\/\/nkef.eus\/wp-content\/uploads\/2021\/03\/3-1-300x201.jpg 300w, https:\/\/nkef.eus\/wp-content\/uploads\/2021\/03\/3-1-768x516.jpg 768w, https:\/\/nkef.eus\/wp-content\/uploads\/2021\/03\/3-1-16x12.jpg 16w, https:\/\/nkef.eus\/wp-content\/uploads\/2021\/03\/3-1.jpg 1080w\" sizes=\"(max-width: 580px) 100vw, 580px\" \/>\t\t\t\t\t\t\t\t\t\t\t\t\t\t<\/div>\n\t\t\t\t\t\t<\/div>\n\t\t\t\t<\/div>\n\t\t\t\t<div class=\"elementor-element elementor-element-7bd82a54 elementor-widget elementor-widget-text-editor\" data-id=\"7bd82a54\" data-element_type=\"widget\" data-widget_type=\"text-editor.default\">\n\t\t\t\t<div class=\"elementor-widget-container\">\n\t\t\t\t\t\t\t\t<div class=\"elementor-text-editor elementor-clearfix\">\n\t\t\t\t<p style=\"text-align: center;\">Fin de semana intenso con la disputa de los Campeonatos de Espa\u00f1a Absolutos FIS de esqu\u00ed alpino celebrados en la estaci\u00f3n catalana de Espot que ha sido organizada por la Real Federaci\u00f3n Espa\u00f1ola Deportes de Invierno (RFEDI) con la colaboraci\u00f3n de la Federaci\u00f3 Catalana d\u2019Esports d\u2019Hivern (FCEH) y la propia estaci\u00f3n del grupo FGC.<br \/><br \/>\u00a0<\/p><p style=\"text-align: center;\">En categor\u00eda masculina, el esquiador del Club (LOMA VERDE &#8211; NKEF), Aingeru Garay, integrante del proyecto excelencia de la fundaci\u00f3n Basque Team, ha conseguido obtener dos segundos puestos en las modalidades de SL y GS\u00a0 y convertirse en Subcampe\u00f3n de Espa\u00f1a de dichas modalidades.<\/p><p style=\"text-align: center;\">\u00a0<\/p>\t\t\t\t\t<\/div>\n\t\t\t\t\t\t<\/div>\n\t\t\t\t<\/div>\n\t\t\t\t\t\t<\/div>\n\t\t\t\t\t<\/div>\n\t\t<\/div>\n\t\t\t\t\t\t\t\t<\/div>\n\t\t\t\t\t<\/div>\n\t\t<\/section>\n\t\t\t\t\t\t\t\t\t<\/div>\n\t\t\t<\/div>\n\t\t\t\t\t<\/div>","protected":false},"excerpt":{"rendered":"<p>AINGERU GARAY SUBCAMPE\u00d3N DE ESPA\u00d1A ABSOLUTO EN (SL Y GS) Fin de semana intenso con la disputa de los Campeonatos de Espa\u00f1a Absolutos FIS de esqu\u00ed alpino celebrados en la estaci\u00f3n catalana de Espot que ha sido organizada por la Real Federaci\u00f3n Espa\u00f1ola Deportes de Invierno (RFEDI) con la colaboraci\u00f3n de la Federaci\u00f3 Catalana d\u2019Esports [&hellip;]<\/p>","protected":false},"author":3,"featured_media":3640,"comment_status":"closed","ping_status":"closed","sticky":false,"template":"elementor_header_footer","format":"standard","meta":[],"categories":[3,15],"tags":[],"_links":{"self":[{"href":"https:\/\/nkef.eus\/eu\/index.php\/wp-json\/wp\/v2\/posts\/3639"}],"collection":[{"href":"https:\/\/nkef.eus\/eu\/index.php\/wp-json\/wp\/v2\/posts"}],"about":[{"href":"https:\/\/nkef.eus\/eu\/index.php\/wp-json\/wp\/v2\/types\/post"}],"author":[{"embeddable":true,"href":"https:\/\/nkef.eus\/eu\/index.php\/wp-json\/wp\/v2\/users\/3"}],"replies":[{"embeddable":true,"href":"https:\/\/nkef.eus\/eu\/index.php\/wp-json\/wp\/v2\/comments?post=3639"}],"version-history":[{"count":7,"href":"https:\/\/nkef.eus\/eu\/index.php\/wp-json\/wp\/v2\/posts\/3639\/revisions"}],"predecessor-version":[{"id":3650,"href":"https:\/\/nkef.eus\/eu\/index.php\/wp-json\/wp\/v2\/posts\/3639\/revisions\/3650"}],"wp:featuredmedia":[{"embeddable":true,"href":"https:\/\/nkef.eus\/eu\/index.php\/wp-json\/wp\/v2\/media\/3640"}],"wp:attachment":[{"href":"https:\/\/nkef.eus\/eu\/index.php\/wp-json\/wp\/v2\/media?parent=3639"}],"wp:term":[{"taxonomy":"category","embeddable":true,"href":"https:\/\/nkef.eus\/eu\/index.php\/wp-json\/wp\/v2\/categories?post=3639"},{"taxonomy":"post_tag","embeddable":true,"href":"https:\/\/nkef.eus\/eu\/index.php\/wp-json\/wp\/v2\/tags?post=3639"}],"curies":[{"name":"wp","href":"https:\/\/api.w.org\/{rel}","templated":true}]}}