{"id":3604,"date":"2021-03-23T11:00:49","date_gmt":"2021-03-23T11:00:49","guid":{"rendered":"https:\/\/nkef.eus\/?p=3604"},"modified":"2021-03-23T11:02:31","modified_gmt":"2021-03-23T11:02:31","slug":"alvaro-romero-medalla-de-bronce-en-el-campeonato-del-mundo-junior-de-la-fis","status":"publish","type":"post","link":"https:\/\/nkef.eus\/eu\/index.php\/2021\/03\/23\/alvaro-romero-medalla-de-bronce-en-el-campeonato-del-mundo-junior-de-la-fis\/","title":{"rendered":"\u00c1LVARO ROMERO MEDALLA DE BRONCE EN EL CAMPEONATO DEL MUNDO JUNIOR DE LA FIS"},"content":{"rendered":"<div data-elementor-type=\"wp-post\" data-elementor-id=\"3604\" class=\"elementor elementor-3604\">\n\t\t\t\t\t\t<div class=\"elementor-inner\">\n\t\t\t\t<div class=\"elementor-section-wrap\">\n\t\t\t\t\t\t\t\t\t<section class=\"elementor-section elementor-top-section elementor-element elementor-element-2579ef9b elementor-section-content-middle elementor-section-boxed elementor-section-height-default elementor-section-height-default\" data-id=\"2579ef9b\" data-element_type=\"section\">\n\t\t\t\t\t\t<div class=\"elementor-container elementor-column-gap-no\">\n\t\t\t\t\t\t\t<div class=\"elementor-row\">\n\t\t\t\t\t<div class=\"elementor-column elementor-col-100 elementor-top-column elementor-element elementor-element-5eef0b43\" data-id=\"5eef0b43\" data-element_type=\"column\">\n\t\t\t<div class=\"elementor-column-wrap elementor-element-populated\">\n\t\t\t\t\t\t\t<div class=\"elementor-widget-wrap\">\n\t\t\t\t\t\t<div class=\"elementor-element elementor-element-27ead5c9 elementor-widget elementor-widget-heading\" data-id=\"27ead5c9\" data-element_type=\"widget\" data-widget_type=\"heading.default\">\n\t\t\t\t<div class=\"elementor-widget-container\">\n\t\t\t<h4 class=\"elementor-heading-title elementor-size-default\">\u00c1LVARO ROMERO MEDALLA DE BRONCE EN EL CAMPEONATO DEL MUNDO JUNIOR DE LA FIS<\/h4>\t\t<\/div>\n\t\t\t\t<\/div>\n\t\t\t\t<div class=\"elementor-element elementor-element-f6dcefd elementor-widget elementor-widget-image\" data-id=\"f6dcefd\" data-element_type=\"widget\" data-widget_type=\"image.default\">\n\t\t\t\t<div class=\"elementor-widget-container\">\n\t\t\t\t\t\t\t\t<div class=\"elementor-image\">\n\t\t\t\t\t\t\t\t\t\t\t\t<img width=\"580\" height=\"609\" src=\"https:\/\/nkef.eus\/wp-content\/uploads\/2021\/03\/alvaro.jpg\" class=\"attachment-large size-large\" alt=\"\" loading=\"lazy\" srcset=\"https:\/\/nkef.eus\/wp-content\/uploads\/2021\/03\/alvaro.jpg 976w, https:\/\/nkef.eus\/wp-content\/uploads\/2021\/03\/alvaro-286x300.jpg 286w, https:\/\/nkef.eus\/wp-content\/uploads\/2021\/03\/alvaro-768x806.jpg 768w, https:\/\/nkef.eus\/wp-content\/uploads\/2021\/03\/alvaro-11x12.jpg 11w\" sizes=\"(max-width: 580px) 100vw, 580px\" \/>\t\t\t\t\t\t\t\t\t\t\t\t\t\t<\/div>\n\t\t\t\t\t\t<\/div>\n\t\t\t\t<\/div>\n\t\t\t\t<div class=\"elementor-element elementor-element-d554190 elementor-widget-divider--view-line elementor-widget elementor-widget-divider\" data-id=\"d554190\" data-element_type=\"widget\" data-widget_type=\"divider.default\">\n\t\t\t\t<div class=\"elementor-widget-container\">\n\t\t\t\t\t<div class=\"elementor-divider\">\n\t\t\t<span class=\"elementor-divider-separator\">\n\t\t\t\t\t\t<\/span>\n\t\t<\/div>\n\t\t\t\t<\/div>\n\t\t\t\t<\/div>\n\t\t\t\t<div class=\"elementor-element elementor-element-7361c0b2 elementor-widget elementor-widget-text-editor\" data-id=\"7361c0b2\" data-element_type=\"widget\" data-widget_type=\"text-editor.default\">\n\t\t\t\t<div class=\"elementor-widget-container\">\n\t\t\t\t\t\t\t\t<div class=\"elementor-text-editor elementor-clearfix\">\n\t\t\t\t<p style=\"text-align: center;\">Gran temporada del rider Donostiarra \u00c1lvaro Romero, Club Dalton \/NKEF que despu\u00e9s de conseguir ganar en Enero una carrera FIS y de conseguir una segunda posici\u00f3n en Copa de Europa en la prueba celebrada en Reiteralm (Austria) hoy a logrado subirse al p\u00f3dium del Campeonato del Mundo Junior obteniendo la medalla de bronce.\u00a0<\/p><p style=\"text-align: center;\">Zorionak \u00c1lvaro&#8230;<\/p>\t\t\t\t\t<\/div>\n\t\t\t\t\t\t<\/div>\n\t\t\t\t<\/div>\n\t\t\t\t\t\t<\/div>\n\t\t\t\t\t<\/div>\n\t\t<\/div>\n\t\t\t\t\t\t\t\t<\/div>\n\t\t\t\t\t<\/div>\n\t\t<\/section>\n\t\t\t\t\t\t\t\t\t<\/div>\n\t\t\t<\/div>\n\t\t\t\t\t<\/div>","protected":false},"excerpt":{"rendered":"<p>\u00c1LVARO ROMERO MEDALLA DE BRONCE EN EL CAMPEONATO DEL MUNDO JUNIOR DE LA FIS Gran temporada del rider Donostiarra \u00c1lvaro Romero, Club Dalton \/NKEF que despu\u00e9s de conseguir ganar en Enero una carrera FIS y de conseguir una segunda posici\u00f3n en Copa de Europa en la prueba celebrada en Reiteralm (Austria) hoy a logrado subirse [&hellip;]<\/p>","protected":false},"author":3,"featured_media":3605,"comment_status":"closed","ping_status":"closed","sticky":false,"template":"elementor_header_footer","format":"standard","meta":[],"categories":[15,19],"tags":[],"_links":{"self":[{"href":"https:\/\/nkef.eus\/eu\/index.php\/wp-json\/wp\/v2\/posts\/3604"}],"collection":[{"href":"https:\/\/nkef.eus\/eu\/index.php\/wp-json\/wp\/v2\/posts"}],"about":[{"href":"https:\/\/nkef.eus\/eu\/index.php\/wp-json\/wp\/v2\/types\/post"}],"author":[{"embeddable":true,"href":"https:\/\/nkef.eus\/eu\/index.php\/wp-json\/wp\/v2\/users\/3"}],"replies":[{"embeddable":true,"href":"https:\/\/nkef.eus\/eu\/index.php\/wp-json\/wp\/v2\/comments?post=3604"}],"version-history":[{"count":4,"href":"https:\/\/nkef.eus\/eu\/index.php\/wp-json\/wp\/v2\/posts\/3604\/revisions"}],"predecessor-version":[{"id":3609,"href":"https:\/\/nkef.eus\/eu\/index.php\/wp-json\/wp\/v2\/posts\/3604\/revisions\/3609"}],"wp:featuredmedia":[{"embeddable":true,"href":"https:\/\/nkef.eus\/eu\/index.php\/wp-json\/wp\/v2\/media\/3605"}],"wp:attachment":[{"href":"https:\/\/nkef.eus\/eu\/index.php\/wp-json\/wp\/v2\/media?parent=3604"}],"wp:term":[{"taxonomy":"category","embeddable":true,"href":"https:\/\/nkef.eus\/eu\/index.php\/wp-json\/wp\/v2\/categories?post=3604"},{"taxonomy":"post_tag","embeddable":true,"href":"https:\/\/nkef.eus\/eu\/index.php\/wp-json\/wp\/v2\/tags?post=3604"}],"curies":[{"name":"wp","href":"https:\/\/api.w.org\/{rel}","templated":true}]}}