{"id":3530,"date":"2021-03-17T11:50:16","date_gmt":"2021-03-17T11:50:16","guid":{"rendered":"https:\/\/nkef.eus\/?p=3530"},"modified":"2021-03-22T12:21:32","modified_gmt":"2021-03-22T12:21:32","slug":"abierto-el-plazo-para-solicitar-las-becas-basque-team-2021","status":"publish","type":"post","link":"https:\/\/nkef.eus\/eu\/index.php\/2021\/03\/17\/abierto-el-plazo-para-solicitar-las-becas-basque-team-2021\/","title":{"rendered":"ABIERTO EL PLAZO PARA SOLICITAR LAS \u00abBECAS BASQUE TEAM 2021\u00bb"},"content":{"rendered":"<div data-elementor-type=\"wp-post\" data-elementor-id=\"3530\" class=\"elementor elementor-3530\">\n\t\t\t\t\t\t<div class=\"elementor-inner\">\n\t\t\t\t<div class=\"elementor-section-wrap\">\n\t\t\t\t\t\t\t\t\t<section class=\"elementor-section elementor-top-section elementor-element elementor-element-7ad7c59b elementor-section-content-middle elementor-section-boxed elementor-section-height-default elementor-section-height-default\" data-id=\"7ad7c59b\" data-element_type=\"section\">\n\t\t\t\t\t\t<div class=\"elementor-container elementor-column-gap-no\">\n\t\t\t\t\t\t\t<div class=\"elementor-row\">\n\t\t\t\t\t<div class=\"elementor-column elementor-col-100 elementor-top-column elementor-element elementor-element-710cfd4a\" data-id=\"710cfd4a\" data-element_type=\"column\">\n\t\t\t<div class=\"elementor-column-wrap elementor-element-populated\">\n\t\t\t\t\t\t\t<div class=\"elementor-widget-wrap\">\n\t\t\t\t\t\t<div class=\"elementor-element elementor-element-6aaf7107 elementor-widget elementor-widget-heading\" data-id=\"6aaf7107\" data-element_type=\"widget\" data-widget_type=\"heading.default\">\n\t\t\t\t<div class=\"elementor-widget-container\">\n\t\t\t<h4 class=\"elementor-heading-title elementor-size-default\">ABIERTO EL PLAZO PARA SOLICITAR LAS \"BECAS BASQUE TEAM 2021\"<\/h4>\t\t<\/div>\n\t\t\t\t<\/div>\n\t\t\t\t<div class=\"elementor-element elementor-element-0ac20ae elementor-widget elementor-widget-image\" data-id=\"0ac20ae\" data-element_type=\"widget\" data-widget_type=\"image.default\">\n\t\t\t\t<div class=\"elementor-widget-container\">\n\t\t\t\t\t\t\t\t<div class=\"elementor-image\">\n\t\t\t\t\t\t\t\t\t\t\t\t<img width=\"500\" height=\"259\" src=\"https:\/\/nkef.eus\/wp-content\/uploads\/2021\/03\/BASQUE-TEAM.jpg\" class=\"attachment-large size-large\" alt=\"\" loading=\"lazy\" srcset=\"https:\/\/nkef.eus\/wp-content\/uploads\/2021\/03\/BASQUE-TEAM.jpg 500w, https:\/\/nkef.eus\/wp-content\/uploads\/2021\/03\/BASQUE-TEAM-300x155.jpg 300w, https:\/\/nkef.eus\/wp-content\/uploads\/2021\/03\/BASQUE-TEAM-16x8.jpg 16w\" sizes=\"(max-width: 500px) 100vw, 500px\" \/>\t\t\t\t\t\t\t\t\t\t\t\t\t\t<\/div>\n\t\t\t\t\t\t<\/div>\n\t\t\t\t<\/div>\n\t\t\t\t<div class=\"elementor-element elementor-element-6d4ed0a9 elementor-widget elementor-widget-text-editor\" data-id=\"6d4ed0a9\" data-element_type=\"widget\" data-widget_type=\"text-editor.default\">\n\t\t\t\t<div class=\"elementor-widget-container\">\n\t\t\t\t\t\t\t\t<div class=\"elementor-text-editor elementor-clearfix\">\n\t\t\t\t<ul><li><strong>Las bases est\u00e1n disponibles ya en la p\u00e1gina web <\/strong><a href=\"https:\/\/eus.us14.list-manage.com\/track\/click?u=8e1629e8a42ead9ffa3bd5fdb&amp;id=d4720918f9&amp;e=b8fcb0ac61\"><strong>\/\/basqueteam.eus\/becas\/<\/strong><\/a><strong>, donde puede descargarse el documento \u00edntegro.<\/strong><\/li><li><strong>Ante la excepcional situaci\u00f3n producida por la crisis sanitaria, se reconoce expresamente el derecho de una persona perceptora de una beca Basque Team 2020 a percibir en 2021 una ayuda del mismo importe<\/strong> .<\/li><\/ul>\t\t\t\t\t<\/div>\n\t\t\t\t\t\t<\/div>\n\t\t\t\t<\/div>\n\t\t\t\t<div class=\"elementor-element elementor-element-c0c453d elementor-widget-divider--view-line elementor-widget elementor-widget-divider\" data-id=\"c0c453d\" data-element_type=\"widget\" data-widget_type=\"divider.default\">\n\t\t\t\t<div class=\"elementor-widget-container\">\n\t\t\t\t\t<div class=\"elementor-divider\">\n\t\t\t<span class=\"elementor-divider-separator\">\n\t\t\t\t\t\t<\/span>\n\t\t<\/div>\n\t\t\t\t<\/div>\n\t\t\t\t<\/div>\n\t\t\t\t<div class=\"elementor-element elementor-element-7895f5d elementor-widget elementor-widget-text-editor\" data-id=\"7895f5d\" data-element_type=\"widget\" data-widget_type=\"text-editor.default\">\n\t\t\t\t<div class=\"elementor-widget-container\">\n\t\t\t\t\t\t\t\t<div class=\"elementor-text-editor elementor-clearfix\">\n\t\t\t\t<p style=\"text-align: center;\">El Patronato de la Fundaci\u00f3n Basque Team ha aprobado la normativa que regular\u00e1 la concesi\u00f3n de las becas para deportistas de alto nivel en el a\u00f1o 2021. El plazo de presentaci\u00f3n de solicitudes est\u00e1 ya abierto, y se cerrar\u00e1 una vez transcurrido un mes desde la fecha de publicaci\u00f3n de las bases en el Bolet\u00edn Oficial del Pa\u00eds Vasco. Las bases est\u00e1n disponibles ya en la p\u00e1gina web <a href=\"https:\/\/eus.us14.list-manage.com\/track\/click?u=8e1629e8a42ead9ffa3bd5fdb&amp;id=dbca028ebe&amp;e=b8fcb0ac61\">\/\/basqueteam.eus\/becas\/<\/a>, donde puede descargarse el documento \u00edntegro.<\/p><p>Estas becas tienen como principal fin el fomento del deporte vasco de alto nivel, que constituye el objeto de la Fundaci\u00f3n, que opera bajo la marca BASQUE TEAM. Las ayudas est\u00e1n b\u00e1sicamente enfocadas al deporte no profesional, ol\u00edmpico y paral\u00edmpico.<\/p><p>Las Becas Basque Team 2021 contemplan ayudas econ\u00f3micas y la prestaci\u00f3n de servicios de apoyo (servicios biom\u00e9dicos, servicios para la optimizaci\u00f3n en la preparaci\u00f3n deportiva, psicolog\u00eda deportiva, ayuda para compaginar la carrera deportiva y la acad\u00e9mica, ayuda en la integraci\u00f3n laboral al t\u00e9rmino de la carrera deportiva, servicios de imagen y comunicaci\u00f3n\u2026). Tambi\u00e9n puede solicitar las ayudas de BASQUE TEAM el personal t\u00e9cnico especializado que cumpla los requisitos necesarios.<\/p><p>La concesi\u00f3n de estas becas exige un compromiso de mantenimiento de la actividad deportiva a lo largo de todo el a\u00f1o, adem\u00e1s del respeto a las normas de juego limpio, a la lucha contra el dopaje y por igualdad de g\u00e9nero, entre otros aspectos. A la hora de solicitar la beca, es necesario presentar un curr\u00edculo deportivo, incidiendo en los resultados recientes a escala internacional m\u00e1s relevantes, as\u00ed como una planificaci\u00f3n para todo el a\u00f1o 2021, incluyendo objetivos y calendario de competiciones.<\/p><p>Para su concesi\u00f3n se tendr\u00e1n en consideraci\u00f3n los resultados obtenidos entre el 1 de enero y el 31 de diciembre de 2020 en competiciones deportivas de \u00e1mbito internacional (campeonatos de Europa y del Mundo), en categor\u00eda absoluta, as\u00ed como las m\u00ednimas ol\u00edmpicas y paral\u00edmpicas para Tokio 2020 y haber estado en puestos clasificatorios ol\u00edmpicos y paral\u00edmpicos en el ranking mundial a 31 de diciembre de 2020.<\/p><p>Hay que destacar que ante la excepcional situaci\u00f3n producida por la crisis sanitaria, se ha aplicado un elemental criterio de protecci\u00f3n hacia los becados y las becadas por lo que se reconoce expresamente el derecho de una persona perceptora de una beca Basque Team 2020 a percibir en 2021 una ayuda del mismo importe.<\/p><p>Tipos de Becas:<\/p><p><u>a.- Becas \u2018Basque Team Kirolariak\u2019<\/u>:<br \/>Son las ayudas destinadas a deportistas concedidas con el fin de garantizar la necesaria y prioritaria dedicaci\u00f3n al entrenamiento y competici\u00f3n. Seg\u00fan la prueba practicada en la que se acredite el m\u00e9rito deportivo, podr\u00e1n ser:<\/p><ul style=\"text-align: center;\"><li>Beca Basque Team Programa Ol\u00edmpico<\/li><li>Beca Basque Team Programa Paral\u00edmpico.<\/li><\/ul><p style=\"text-align: center;\"><u>b.- Becas \u2018Basque Team Teknikariak\u2019:<\/u><br \/>Son las ayudas destinadas a la persona que sea la m\u00e1xima responsable de la preparaci\u00f3n de la o del deportista beneficiaria o beneficiario de una beca Basque Team Kirolariak o Basque Team Retroactiva.<\/p><p><u>c.- Becas \u2018Basque Team Retroactivas\u2019<\/u>:<br \/>Son las ayudas destinadas a quienes hubieren sido beneficiarias o beneficiarios de una Beca Basque Team Retroactiva durante el a\u00f1o 2020 y, durante dicha anualidad, no hubiesen participado o alcanzado el resultado exigido.<\/p><p><u>d.- Becas \u2018Basque Team Support\u2019:<\/u><br \/>Son las ayudas que est\u00e1n destinadas a las y los deportistas que, no pudiendo acceder a las Becas Basque Team Kirolariak, acreditan la participaci\u00f3n en la temporada 2020 en campeonatos del Mundo y campeonatos de Europa exclusivamente de pruebas individuales o de conjunto incluidas en el programa ol\u00edmpico. Igualmente, son las ayudas destinadas a quienes hubieren sido beneficiarias o beneficiarios de una Beca Basque Team Support durante el a\u00f1o 2020.<\/p>\t\t\t\t\t<\/div>\n\t\t\t\t\t\t<\/div>\n\t\t\t\t<\/div>\n\t\t\t\t\t\t<\/div>\n\t\t\t\t\t<\/div>\n\t\t<\/div>\n\t\t\t\t\t\t\t\t<\/div>\n\t\t\t\t\t<\/div>\n\t\t<\/section>\n\t\t\t\t\t\t\t\t\t<\/div>\n\t\t\t<\/div>\n\t\t\t\t\t<\/div>","protected":false},"excerpt":{"rendered":"<p>Abierto el plazo para solicitar las \u00abbecas Basque Team 2021\u00bb Las bases est\u00e1n disponibles ya en la p\u00e1gina web, donde puede descargarse el documento \u00edntegro.<\/p>","protected":false},"author":3,"featured_media":3531,"comment_status":"closed","ping_status":"closed","sticky":false,"template":"elementor_header_footer","format":"standard","meta":[],"categories":[15],"tags":[],"_links":{"self":[{"href":"https:\/\/nkef.eus\/eu\/index.php\/wp-json\/wp\/v2\/posts\/3530"}],"collection":[{"href":"https:\/\/nkef.eus\/eu\/index.php\/wp-json\/wp\/v2\/posts"}],"about":[{"href":"https:\/\/nkef.eus\/eu\/index.php\/wp-json\/wp\/v2\/types\/post"}],"author":[{"embeddable":true,"href":"https:\/\/nkef.eus\/eu\/index.php\/wp-json\/wp\/v2\/users\/3"}],"replies":[{"embeddable":true,"href":"https:\/\/nkef.eus\/eu\/index.php\/wp-json\/wp\/v2\/comments?post=3530"}],"version-history":[{"count":17,"href":"https:\/\/nkef.eus\/eu\/index.php\/wp-json\/wp\/v2\/posts\/3530\/revisions"}],"predecessor-version":[{"id":3584,"href":"https:\/\/nkef.eus\/eu\/index.php\/wp-json\/wp\/v2\/posts\/3530\/revisions\/3584"}],"wp:featuredmedia":[{"embeddable":true,"href":"https:\/\/nkef.eus\/eu\/index.php\/wp-json\/wp\/v2\/media\/3531"}],"wp:attachment":[{"href":"https:\/\/nkef.eus\/eu\/index.php\/wp-json\/wp\/v2\/media?parent=3530"}],"wp:term":[{"taxonomy":"category","embeddable":true,"href":"https:\/\/nkef.eus\/eu\/index.php\/wp-json\/wp\/v2\/categories?post=3530"},{"taxonomy":"post_tag","embeddable":true,"href":"https:\/\/nkef.eus\/eu\/index.php\/wp-json\/wp\/v2\/tags?post=3530"}],"curies":[{"name":"wp","href":"https:\/\/api.w.org\/{rel}","templated":true}]}}