{"id":3365,"date":"2021-03-08T12:00:56","date_gmt":"2021-03-08T12:00:56","guid":{"rendered":"https:\/\/nkef.eus\/?p=3365"},"modified":"2021-03-08T12:04:37","modified_gmt":"2021-03-08T12:04:37","slug":"carlota-navasa-oinatz-borobia-y-maria-salinas-campeones-de-euskadi-esqui-alpino-u14-16","status":"publish","type":"post","link":"https:\/\/nkef.eus\/eu\/index.php\/2021\/03\/08\/carlota-navasa-oinatz-borobia-y-maria-salinas-campeones-de-euskadi-esqui-alpino-u14-16\/","title":{"rendered":"CARLOTA NAVASA, OINATZ BOROBIA Y MARIA SALINAS CAMPEONES DE EUSKADI ESQU\u00cd ALPINO U14\/16"},"content":{"rendered":"<div data-elementor-type=\"wp-post\" data-elementor-id=\"3365\" class=\"elementor elementor-3365\">\n\t\t\t\t\t\t<div class=\"elementor-inner\">\n\t\t\t\t<div class=\"elementor-section-wrap\">\n\t\t\t\t\t\t\t\t\t<section class=\"elementor-section elementor-top-section elementor-element elementor-element-6d9765cc elementor-section-content-middle elementor-section-boxed elementor-section-height-default elementor-section-height-default\" data-id=\"6d9765cc\" data-element_type=\"section\">\n\t\t\t\t\t\t<div class=\"elementor-container elementor-column-gap-no\">\n\t\t\t\t\t\t\t<div class=\"elementor-row\">\n\t\t\t\t\t<div class=\"elementor-column elementor-col-100 elementor-top-column elementor-element elementor-element-4f740fe0\" data-id=\"4f740fe0\" data-element_type=\"column\">\n\t\t\t<div class=\"elementor-column-wrap elementor-element-populated\">\n\t\t\t\t\t\t\t<div class=\"elementor-widget-wrap\">\n\t\t\t\t\t\t<div class=\"elementor-element elementor-element-1b2f886a elementor-widget elementor-widget-heading\" data-id=\"1b2f886a\" data-element_type=\"widget\" data-widget_type=\"heading.default\">\n\t\t\t\t<div class=\"elementor-widget-container\">\n\t\t\t<h4 class=\"elementor-heading-title elementor-size-default\">CARLOTA NAVASA, OINATZ BOROBIA Y MARIA SALINAS CAMPEONES DE EUSKADI ESQU\u00cd ALPINO U14\/16<\/h4>\t\t<\/div>\n\t\t\t\t<\/div>\n\t\t\t\t<div class=\"elementor-element elementor-element-a22a9bb elementor-widget elementor-widget-image\" data-id=\"a22a9bb\" data-element_type=\"widget\" data-widget_type=\"image.default\">\n\t\t\t\t<div class=\"elementor-widget-container\">\n\t\t\t\t\t\t\t\t<div class=\"elementor-image\">\n\t\t\t\t\t\t\t\t\t<figure class=\"wp-caption\">\n\t\t\t\t\t\t\t\t\t\t<img width=\"580\" height=\"275\" src=\"https:\/\/nkef.eus\/wp-content\/uploads\/2021\/03\/CESVA-2-1024x485.jpg\" class=\"attachment-large size-large\" alt=\"\" loading=\"lazy\" srcset=\"https:\/\/nkef.eus\/wp-content\/uploads\/2021\/03\/CESVA-2-1024x485.jpg 1024w, https:\/\/nkef.eus\/wp-content\/uploads\/2021\/03\/CESVA-2-300x142.jpg 300w, https:\/\/nkef.eus\/wp-content\/uploads\/2021\/03\/CESVA-2-768x363.jpg 768w, https:\/\/nkef.eus\/wp-content\/uploads\/2021\/03\/CESVA-2-1536x727.jpg 1536w, https:\/\/nkef.eus\/wp-content\/uploads\/2021\/03\/CESVA-2-16x8.jpg 16w, https:\/\/nkef.eus\/wp-content\/uploads\/2021\/03\/CESVA-2-1200x568.jpg 1200w, https:\/\/nkef.eus\/wp-content\/uploads\/2021\/03\/CESVA-2-1980x937.jpg 1980w, https:\/\/nkef.eus\/wp-content\/uploads\/2021\/03\/CESVA-2.jpg 2016w\" sizes=\"(max-width: 580px) 100vw, 580px\" \/>\t\t\t\t\t\t\t\t\t\t\t<figcaption class=\"widget-image-caption wp-caption-text\">CLUB CESVA\/NKEF<\/figcaption>\n\t\t\t\t\t\t\t\t\t\t<\/figure>\n\t\t\t\t\t\t\t\t<\/div>\n\t\t\t\t\t\t<\/div>\n\t\t\t\t<\/div>\n\t\t\t\t<div class=\"elementor-element elementor-element-b428583 elementor-widget-divider--view-line elementor-widget elementor-widget-divider\" data-id=\"b428583\" data-element_type=\"widget\" data-widget_type=\"divider.default\">\n\t\t\t\t<div class=\"elementor-widget-container\">\n\t\t\t\t\t<div class=\"elementor-divider\">\n\t\t\t<span class=\"elementor-divider-separator\">\n\t\t\t\t\t\t<\/span>\n\t\t<\/div>\n\t\t\t\t<\/div>\n\t\t\t\t<\/div>\n\t\t\t\t<div class=\"elementor-element elementor-element-100c3f45 elementor-widget elementor-widget-text-editor\" data-id=\"100c3f45\" data-element_type=\"widget\" data-widget_type=\"text-editor.default\">\n\t\t\t\t<div class=\"elementor-widget-container\">\n\t\t\t\t\t\t\t\t<div class=\"elementor-text-editor elementor-clearfix\">\n\t\t\t\t<p style=\"text-align: center;\">Buena jornada la vivida este fin de semana en el Campeonato de Euskadi y Navarra de esqu\u00ed Alpino con la presencia de 160 deportistas de 11 Federaciones Auton\u00f3micas.<\/p><p style=\"text-align: center;\">El S\u00e1bado se disputaba la prueba de Slalom donde la corredora la Federaci\u00f3n Vasca, Carlota Navasa\/Cesva, se proclamaba Campeona de Euskadi U14, logrando el mejor tiempo absoluto solo por detr\u00e1s de la corredora del Club Mayencos Valeria \u00c1lvarez.<\/p>\t\t\t\t\t<\/div>\n\t\t\t\t\t\t<\/div>\n\t\t\t\t<\/div>\n\t\t\t\t<div class=\"elementor-element elementor-element-d962fd0 elementor-widget elementor-widget-image\" data-id=\"d962fd0\" data-element_type=\"widget\" data-widget_type=\"image.default\">\n\t\t\t\t<div class=\"elementor-widget-container\">\n\t\t\t\t\t\t\t\t<div class=\"elementor-image\">\n\t\t\t\t\t\t\t\t\t<figure class=\"wp-caption\">\n\t\t\t\t\t\t\t\t\t\t<img width=\"580\" height=\"275\" src=\"https:\/\/nkef.eus\/wp-content\/uploads\/2021\/03\/SL-U14-DAMAS-1024x485.jpg\" class=\"attachment-large size-large\" alt=\"\" loading=\"lazy\" srcset=\"https:\/\/nkef.eus\/wp-content\/uploads\/2021\/03\/SL-U14-DAMAS-1024x485.jpg 1024w, https:\/\/nkef.eus\/wp-content\/uploads\/2021\/03\/SL-U14-DAMAS-300x142.jpg 300w, https:\/\/nkef.eus\/wp-content\/uploads\/2021\/03\/SL-U14-DAMAS-768x363.jpg 768w, https:\/\/nkef.eus\/wp-content\/uploads\/2021\/03\/SL-U14-DAMAS-1536x727.jpg 1536w, https:\/\/nkef.eus\/wp-content\/uploads\/2021\/03\/SL-U14-DAMAS-16x8.jpg 16w, https:\/\/nkef.eus\/wp-content\/uploads\/2021\/03\/SL-U14-DAMAS-1200x568.jpg 1200w, https:\/\/nkef.eus\/wp-content\/uploads\/2021\/03\/SL-U14-DAMAS-1980x937.jpg 1980w, https:\/\/nkef.eus\/wp-content\/uploads\/2021\/03\/SL-U14-DAMAS.jpg 2016w\" sizes=\"(max-width: 580px) 100vw, 580px\" \/>\t\t\t\t\t\t\t\t\t\t\t<figcaption class=\"widget-image-caption wp-caption-text\">P\u00f3dium  Sl U14 Damas ( Valeria \u00c1lvarez - Carlota Navasa y Alejandra Torres)<\/figcaption>\n\t\t\t\t\t\t\t\t\t\t<\/figure>\n\t\t\t\t\t\t\t\t<\/div>\n\t\t\t\t\t\t<\/div>\n\t\t\t\t<\/div>\n\t\t\t\t<div class=\"elementor-element elementor-element-3d46e43 elementor-widget-divider--view-line elementor-widget elementor-widget-divider\" data-id=\"3d46e43\" data-element_type=\"widget\" data-widget_type=\"divider.default\">\n\t\t\t\t<div class=\"elementor-widget-container\">\n\t\t\t\t\t<div class=\"elementor-divider\">\n\t\t\t<span class=\"elementor-divider-separator\">\n\t\t\t\t\t\t<\/span>\n\t\t<\/div>\n\t\t\t\t<\/div>\n\t\t\t\t<\/div>\n\t\t\t\t<div class=\"elementor-element elementor-element-10041cb elementor-widget elementor-widget-text-editor\" data-id=\"10041cb\" data-element_type=\"widget\" data-widget_type=\"text-editor.default\">\n\t\t\t\t<div class=\"elementor-widget-container\">\n\t\t\t\t\t\t\t\t<div class=\"elementor-text-editor elementor-clearfix\">\n\t\t\t\t<p style=\"text-align: center;\">En Categor\u00eda masculina U14, Oinatz Borobia\/CESVA-NKEF lograba el segundo mejor tiempo Absoluto por detr\u00e1s de Luken Garitano (CEJCA) y se proclamaba Campe\u00f3n de Euskadi.<\/p>\t\t\t\t\t<\/div>\n\t\t\t\t\t\t<\/div>\n\t\t\t\t<\/div>\n\t\t\t\t<div class=\"elementor-element elementor-element-7bd6ec1 elementor-widget elementor-widget-image\" data-id=\"7bd6ec1\" data-element_type=\"widget\" data-widget_type=\"image.default\">\n\t\t\t\t<div class=\"elementor-widget-container\">\n\t\t\t\t\t\t\t\t<div class=\"elementor-image\">\n\t\t\t\t\t\t\t\t\t<figure class=\"wp-caption\">\n\t\t\t\t\t\t\t\t\t\t<img width=\"580\" height=\"275\" src=\"https:\/\/nkef.eus\/wp-content\/uploads\/2021\/03\/SL-U14-HOMBRES-1024x485.jpg\" class=\"attachment-large size-large\" alt=\"\" loading=\"lazy\" srcset=\"https:\/\/nkef.eus\/wp-content\/uploads\/2021\/03\/SL-U14-HOMBRES-1024x485.jpg 1024w, https:\/\/nkef.eus\/wp-content\/uploads\/2021\/03\/SL-U14-HOMBRES-300x142.jpg 300w, https:\/\/nkef.eus\/wp-content\/uploads\/2021\/03\/SL-U14-HOMBRES-768x363.jpg 768w, https:\/\/nkef.eus\/wp-content\/uploads\/2021\/03\/SL-U14-HOMBRES-1536x727.jpg 1536w, https:\/\/nkef.eus\/wp-content\/uploads\/2021\/03\/SL-U14-HOMBRES-16x8.jpg 16w, https:\/\/nkef.eus\/wp-content\/uploads\/2021\/03\/SL-U14-HOMBRES-1200x568.jpg 1200w, https:\/\/nkef.eus\/wp-content\/uploads\/2021\/03\/SL-U14-HOMBRES-1980x937.jpg 1980w, https:\/\/nkef.eus\/wp-content\/uploads\/2021\/03\/SL-U14-HOMBRES.jpg 2016w\" sizes=\"(max-width: 580px) 100vw, 580px\" \/>\t\t\t\t\t\t\t\t\t\t\t<figcaption class=\"widget-image-caption wp-caption-text\">P\u00f3dium  SL U14 Hombres (Luken Garitano- Oinatz Borobia y Pedro Hanekamp)<\/figcaption>\n\t\t\t\t\t\t\t\t\t\t<\/figure>\n\t\t\t\t\t\t\t\t<\/div>\n\t\t\t\t\t\t<\/div>\n\t\t\t\t<\/div>\n\t\t\t\t<div class=\"elementor-element elementor-element-e5560d8 elementor-widget-divider--view-line elementor-widget elementor-widget-divider\" data-id=\"e5560d8\" data-element_type=\"widget\" data-widget_type=\"divider.default\">\n\t\t\t\t<div class=\"elementor-widget-container\">\n\t\t\t\t\t<div class=\"elementor-divider\">\n\t\t\t<span class=\"elementor-divider-separator\">\n\t\t\t\t\t\t<\/span>\n\t\t<\/div>\n\t\t\t\t<\/div>\n\t\t\t\t<\/div>\n\t\t\t\t<div class=\"elementor-element elementor-element-d33f390 elementor-widget elementor-widget-image\" data-id=\"d33f390\" data-element_type=\"widget\" data-widget_type=\"image.default\">\n\t\t\t\t<div class=\"elementor-widget-container\">\n\t\t\t\t\t\t\t\t<div class=\"elementor-image\">\n\t\t\t\t\t\t\t\t\t<figure class=\"wp-caption\">\n\t\t\t\t\t\t\t\t\t\t<img width=\"580\" height=\"275\" src=\"https:\/\/nkef.eus\/wp-content\/uploads\/2021\/03\/SL-16-DAMAS-1024x485.jpg\" class=\"attachment-large size-large\" alt=\"\" loading=\"lazy\" srcset=\"https:\/\/nkef.eus\/wp-content\/uploads\/2021\/03\/SL-16-DAMAS-1024x485.jpg 1024w, https:\/\/nkef.eus\/wp-content\/uploads\/2021\/03\/SL-16-DAMAS-300x142.jpg 300w, https:\/\/nkef.eus\/wp-content\/uploads\/2021\/03\/SL-16-DAMAS-768x363.jpg 768w, https:\/\/nkef.eus\/wp-content\/uploads\/2021\/03\/SL-16-DAMAS-1536x727.jpg 1536w, https:\/\/nkef.eus\/wp-content\/uploads\/2021\/03\/SL-16-DAMAS-16x8.jpg 16w, https:\/\/nkef.eus\/wp-content\/uploads\/2021\/03\/SL-16-DAMAS-1200x568.jpg 1200w, https:\/\/nkef.eus\/wp-content\/uploads\/2021\/03\/SL-16-DAMAS-1980x937.jpg 1980w, https:\/\/nkef.eus\/wp-content\/uploads\/2021\/03\/SL-16-DAMAS.jpg 2016w\" sizes=\"(max-width: 580px) 100vw, 580px\" \/>\t\t\t\t\t\t\t\t\t\t\t<figcaption class=\"widget-image-caption wp-caption-text\">P\u00f3dium Sl  U16 Damas ( Mar\u00eda Abad - Martina Terren y Marina Mart\u00ednez de Arag\u00f3n)<\/figcaption>\n\t\t\t\t\t\t\t\t\t\t<\/figure>\n\t\t\t\t\t\t\t\t<\/div>\n\t\t\t\t\t\t<\/div>\n\t\t\t\t<\/div>\n\t\t\t\t<div class=\"elementor-element elementor-element-d47ac5a elementor-widget-divider--view-line elementor-widget elementor-widget-divider\" data-id=\"d47ac5a\" data-element_type=\"widget\" data-widget_type=\"divider.default\">\n\t\t\t\t<div class=\"elementor-widget-container\">\n\t\t\t\t\t<div class=\"elementor-divider\">\n\t\t\t<span class=\"elementor-divider-separator\">\n\t\t\t\t\t\t<\/span>\n\t\t<\/div>\n\t\t\t\t<\/div>\n\t\t\t\t<\/div>\n\t\t\t\t<div class=\"elementor-element elementor-element-6b33327 elementor-widget elementor-widget-image\" data-id=\"6b33327\" data-element_type=\"widget\" data-widget_type=\"image.default\">\n\t\t\t\t<div class=\"elementor-widget-container\">\n\t\t\t\t\t\t\t\t<div class=\"elementor-image\">\n\t\t\t\t\t\t\t\t\t<figure class=\"wp-caption\">\n\t\t\t\t\t\t\t\t\t\t<img width=\"580\" height=\"275\" src=\"https:\/\/nkef.eus\/wp-content\/uploads\/2021\/03\/SL-U16-HOMBRES-1024x485.jpg\" class=\"attachment-large size-large\" alt=\"\" loading=\"lazy\" srcset=\"https:\/\/nkef.eus\/wp-content\/uploads\/2021\/03\/SL-U16-HOMBRES-1024x485.jpg 1024w, https:\/\/nkef.eus\/wp-content\/uploads\/2021\/03\/SL-U16-HOMBRES-300x142.jpg 300w, https:\/\/nkef.eus\/wp-content\/uploads\/2021\/03\/SL-U16-HOMBRES-768x363.jpg 768w, https:\/\/nkef.eus\/wp-content\/uploads\/2021\/03\/SL-U16-HOMBRES-1536x727.jpg 1536w, https:\/\/nkef.eus\/wp-content\/uploads\/2021\/03\/SL-U16-HOMBRES-16x8.jpg 16w, https:\/\/nkef.eus\/wp-content\/uploads\/2021\/03\/SL-U16-HOMBRES-1200x568.jpg 1200w, https:\/\/nkef.eus\/wp-content\/uploads\/2021\/03\/SL-U16-HOMBRES-1980x937.jpg 1980w, https:\/\/nkef.eus\/wp-content\/uploads\/2021\/03\/SL-U16-HOMBRES.jpg 2016w\" sizes=\"(max-width: 580px) 100vw, 580px\" \/>\t\t\t\t\t\t\t\t\t\t\t<figcaption class=\"widget-image-caption wp-caption-text\">P\u00f3dium SL U16 Hombres ( Hugo Robres - Javier Artiach y Juan Alba)<\/figcaption>\n\t\t\t\t\t\t\t\t\t\t<\/figure>\n\t\t\t\t\t\t\t\t<\/div>\n\t\t\t\t\t\t<\/div>\n\t\t\t\t<\/div>\n\t\t\t\t<div class=\"elementor-element elementor-element-8380f14 elementor-widget-divider--view-line elementor-widget elementor-widget-divider\" data-id=\"8380f14\" data-element_type=\"widget\" data-widget_type=\"divider.default\">\n\t\t\t\t<div class=\"elementor-widget-container\">\n\t\t\t\t\t<div class=\"elementor-divider\">\n\t\t\t<span class=\"elementor-divider-separator\">\n\t\t\t\t\t\t<\/span>\n\t\t<\/div>\n\t\t\t\t<\/div>\n\t\t\t\t<\/div>\n\t\t\t\t<div class=\"elementor-element elementor-element-30b5b8b elementor-widget elementor-widget-text-editor\" data-id=\"30b5b8b\" data-element_type=\"widget\" data-widget_type=\"text-editor.default\">\n\t\t\t\t<div class=\"elementor-widget-container\">\n\t\t\t\t\t\t\t\t<div class=\"elementor-text-editor elementor-clearfix\">\n\t\t\t\t<p style=\"text-align: center;\">En la jornada del Domingo se disputaba la prueba en la modalidad Gigante donde Carlota obten\u00eda de nuevo un segundo puesto Absoluto y mejor tiempo de la Combinada.<\/p>\t\t\t\t\t<\/div>\n\t\t\t\t\t\t<\/div>\n\t\t\t\t<\/div>\n\t\t\t\t<div class=\"elementor-element elementor-element-f665f89 elementor-widget elementor-widget-image\" data-id=\"f665f89\" data-element_type=\"widget\" data-widget_type=\"image.default\">\n\t\t\t\t<div class=\"elementor-widget-container\">\n\t\t\t\t\t\t\t\t<div class=\"elementor-image\">\n\t\t\t\t\t\t\t\t\t<figure class=\"wp-caption\">\n\t\t\t\t\t\t\t\t\t\t<img width=\"580\" height=\"275\" src=\"https:\/\/nkef.eus\/wp-content\/uploads\/2021\/03\/GS-U14-DAMAS-1024x485.jpg\" class=\"attachment-large size-large\" alt=\"\" loading=\"lazy\" srcset=\"https:\/\/nkef.eus\/wp-content\/uploads\/2021\/03\/GS-U14-DAMAS-1024x485.jpg 1024w, https:\/\/nkef.eus\/wp-content\/uploads\/2021\/03\/GS-U14-DAMAS-300x142.jpg 300w, https:\/\/nkef.eus\/wp-content\/uploads\/2021\/03\/GS-U14-DAMAS-768x363.jpg 768w, https:\/\/nkef.eus\/wp-content\/uploads\/2021\/03\/GS-U14-DAMAS-1536x727.jpg 1536w, https:\/\/nkef.eus\/wp-content\/uploads\/2021\/03\/GS-U14-DAMAS-16x8.jpg 16w, https:\/\/nkef.eus\/wp-content\/uploads\/2021\/03\/GS-U14-DAMAS-1200x568.jpg 1200w, https:\/\/nkef.eus\/wp-content\/uploads\/2021\/03\/GS-U14-DAMAS-1980x937.jpg 1980w, https:\/\/nkef.eus\/wp-content\/uploads\/2021\/03\/GS-U14-DAMAS.jpg 2016w\" sizes=\"(max-width: 580px) 100vw, 580px\" \/>\t\t\t\t\t\t\t\t\t\t\t<figcaption class=\"widget-image-caption wp-caption-text\">P\u00f3dium GS Damas (Maddi Iraola - Carlota Navasa y Valeria \u00c1lvarez)<\/figcaption>\n\t\t\t\t\t\t\t\t\t\t<\/figure>\n\t\t\t\t\t\t\t\t<\/div>\n\t\t\t\t\t\t<\/div>\n\t\t\t\t<\/div>\n\t\t\t\t<div class=\"elementor-element elementor-element-7902cc0 elementor-widget-divider--view-line elementor-widget elementor-widget-divider\" data-id=\"7902cc0\" data-element_type=\"widget\" data-widget_type=\"divider.default\">\n\t\t\t\t<div class=\"elementor-widget-container\">\n\t\t\t\t\t<div class=\"elementor-divider\">\n\t\t\t<span class=\"elementor-divider-separator\">\n\t\t\t\t\t\t<\/span>\n\t\t<\/div>\n\t\t\t\t<\/div>\n\t\t\t\t<\/div>\n\t\t\t\t<div class=\"elementor-element elementor-element-7f89ded elementor-widget elementor-widget-image\" data-id=\"7f89ded\" data-element_type=\"widget\" data-widget_type=\"image.default\">\n\t\t\t\t<div class=\"elementor-widget-container\">\n\t\t\t\t\t\t\t\t<div class=\"elementor-image\">\n\t\t\t\t\t\t\t\t\t<figure class=\"wp-caption\">\n\t\t\t\t\t\t\t\t\t\t<img width=\"580\" height=\"275\" src=\"https:\/\/nkef.eus\/wp-content\/uploads\/2021\/03\/COM-U14-DAMAS-1024x485.jpg\" class=\"attachment-large size-large\" alt=\"\" loading=\"lazy\" srcset=\"https:\/\/nkef.eus\/wp-content\/uploads\/2021\/03\/COM-U14-DAMAS-1024x485.jpg 1024w, https:\/\/nkef.eus\/wp-content\/uploads\/2021\/03\/COM-U14-DAMAS-300x142.jpg 300w, https:\/\/nkef.eus\/wp-content\/uploads\/2021\/03\/COM-U14-DAMAS-768x363.jpg 768w, https:\/\/nkef.eus\/wp-content\/uploads\/2021\/03\/COM-U14-DAMAS-1536x727.jpg 1536w, https:\/\/nkef.eus\/wp-content\/uploads\/2021\/03\/COM-U14-DAMAS-16x8.jpg 16w, https:\/\/nkef.eus\/wp-content\/uploads\/2021\/03\/COM-U14-DAMAS-1200x568.jpg 1200w, https:\/\/nkef.eus\/wp-content\/uploads\/2021\/03\/COM-U14-DAMAS-1980x937.jpg 1980w, https:\/\/nkef.eus\/wp-content\/uploads\/2021\/03\/COM-U14-DAMAS.jpg 2016w\" sizes=\"(max-width: 580px) 100vw, 580px\" \/>\t\t\t\t\t\t\t\t\t\t\t<figcaption class=\"widget-image-caption wp-caption-text\">P\u00f3dium Combinada U14 Damas ( Carlota Navasa - Valeria \u00c1lvarez y Mara Morlans)<\/figcaption>\n\t\t\t\t\t\t\t\t\t\t<\/figure>\n\t\t\t\t\t\t\t\t<\/div>\n\t\t\t\t\t\t<\/div>\n\t\t\t\t<\/div>\n\t\t\t\t<div class=\"elementor-element elementor-element-766b7a9 elementor-widget-divider--view-line elementor-widget elementor-widget-divider\" data-id=\"766b7a9\" data-element_type=\"widget\" data-widget_type=\"divider.default\">\n\t\t\t\t<div class=\"elementor-widget-container\">\n\t\t\t\t\t<div class=\"elementor-divider\">\n\t\t\t<span class=\"elementor-divider-separator\">\n\t\t\t\t\t\t<\/span>\n\t\t<\/div>\n\t\t\t\t<\/div>\n\t\t\t\t<\/div>\n\t\t\t\t<div class=\"elementor-element elementor-element-0e88b84 elementor-widget elementor-widget-text-editor\" data-id=\"0e88b84\" data-element_type=\"widget\" data-widget_type=\"text-editor.default\">\n\t\t\t\t<div class=\"elementor-widget-container\">\n\t\t\t\t\t\t\t\t<div class=\"elementor-text-editor elementor-clearfix\">\n\t\t\t\t<p style=\"text-align: center;\">En categor\u00eda U14 Hombres Oinatz Borobia lograba el cuarto mejor tiempo absoluto, primero de Euskadi y segundo en la Combinada.<\/p>\t\t\t\t\t<\/div>\n\t\t\t\t\t\t<\/div>\n\t\t\t\t<\/div>\n\t\t\t\t<div class=\"elementor-element elementor-element-acc5320 elementor-widget elementor-widget-image\" data-id=\"acc5320\" data-element_type=\"widget\" data-widget_type=\"image.default\">\n\t\t\t\t<div class=\"elementor-widget-container\">\n\t\t\t\t\t\t\t\t<div class=\"elementor-image\">\n\t\t\t\t\t\t\t\t\t<figure class=\"wp-caption\">\n\t\t\t\t\t\t\t\t\t\t<img width=\"580\" height=\"275\" src=\"https:\/\/nkef.eus\/wp-content\/uploads\/2021\/03\/GS-U14-HOMBRES-1024x485.jpg\" class=\"attachment-large size-large\" alt=\"\" loading=\"lazy\" srcset=\"https:\/\/nkef.eus\/wp-content\/uploads\/2021\/03\/GS-U14-HOMBRES-1024x485.jpg 1024w, https:\/\/nkef.eus\/wp-content\/uploads\/2021\/03\/GS-U14-HOMBRES-300x142.jpg 300w, https:\/\/nkef.eus\/wp-content\/uploads\/2021\/03\/GS-U14-HOMBRES-768x363.jpg 768w, https:\/\/nkef.eus\/wp-content\/uploads\/2021\/03\/GS-U14-HOMBRES-1536x727.jpg 1536w, https:\/\/nkef.eus\/wp-content\/uploads\/2021\/03\/GS-U14-HOMBRES-16x8.jpg 16w, https:\/\/nkef.eus\/wp-content\/uploads\/2021\/03\/GS-U14-HOMBRES-1200x568.jpg 1200w, https:\/\/nkef.eus\/wp-content\/uploads\/2021\/03\/GS-U14-HOMBRES-1980x937.jpg 1980w, https:\/\/nkef.eus\/wp-content\/uploads\/2021\/03\/GS-U14-HOMBRES.jpg 2016w\" sizes=\"(max-width: 580px) 100vw, 580px\" \/>\t\t\t\t\t\t\t\t\t\t\t<figcaption class=\"widget-image-caption wp-caption-text\">P\u00f3dium GS U14 Hombres (Mauro Guijarro - Antonio Naz y Mateo Sopesens)<\/figcaption>\n\t\t\t\t\t\t\t\t\t\t<\/figure>\n\t\t\t\t\t\t\t\t<\/div>\n\t\t\t\t\t\t<\/div>\n\t\t\t\t<\/div>\n\t\t\t\t<div class=\"elementor-element elementor-element-70047ab elementor-widget-divider--view-line elementor-widget elementor-widget-divider\" data-id=\"70047ab\" data-element_type=\"widget\" data-widget_type=\"divider.default\">\n\t\t\t\t<div class=\"elementor-widget-container\">\n\t\t\t\t\t<div class=\"elementor-divider\">\n\t\t\t<span class=\"elementor-divider-separator\">\n\t\t\t\t\t\t<\/span>\n\t\t<\/div>\n\t\t\t\t<\/div>\n\t\t\t\t<\/div>\n\t\t\t\t<div class=\"elementor-element elementor-element-2b8cdca elementor-widget elementor-widget-image\" data-id=\"2b8cdca\" data-element_type=\"widget\" data-widget_type=\"image.default\">\n\t\t\t\t<div class=\"elementor-widget-container\">\n\t\t\t\t\t\t\t\t<div class=\"elementor-image\">\n\t\t\t\t\t\t\t\t\t<figure class=\"wp-caption\">\n\t\t\t\t\t\t\t\t\t\t<img width=\"580\" height=\"275\" src=\"https:\/\/nkef.eus\/wp-content\/uploads\/2021\/03\/COM-U14-HOMBRES-1024x485.jpg\" class=\"attachment-large size-large\" alt=\"\" loading=\"lazy\" srcset=\"https:\/\/nkef.eus\/wp-content\/uploads\/2021\/03\/COM-U14-HOMBRES-1024x485.jpg 1024w, https:\/\/nkef.eus\/wp-content\/uploads\/2021\/03\/COM-U14-HOMBRES-300x142.jpg 300w, https:\/\/nkef.eus\/wp-content\/uploads\/2021\/03\/COM-U14-HOMBRES-768x363.jpg 768w, https:\/\/nkef.eus\/wp-content\/uploads\/2021\/03\/COM-U14-HOMBRES-1536x727.jpg 1536w, https:\/\/nkef.eus\/wp-content\/uploads\/2021\/03\/COM-U14-HOMBRES-16x8.jpg 16w, https:\/\/nkef.eus\/wp-content\/uploads\/2021\/03\/COM-U14-HOMBRES-1200x568.jpg 1200w, https:\/\/nkef.eus\/wp-content\/uploads\/2021\/03\/COM-U14-HOMBRES-1980x937.jpg 1980w, https:\/\/nkef.eus\/wp-content\/uploads\/2021\/03\/COM-U14-HOMBRES.jpg 2016w\" sizes=\"(max-width: 580px) 100vw, 580px\" \/>\t\t\t\t\t\t\t\t\t\t\t<figcaption class=\"widget-image-caption wp-caption-text\">P\u00f3dium Combinada U14 Hombres (Antonio Naz - Oinatz Borobia y Gabriel Rodriguez)<\/figcaption>\n\t\t\t\t\t\t\t\t\t\t<\/figure>\n\t\t\t\t\t\t\t\t<\/div>\n\t\t\t\t\t\t<\/div>\n\t\t\t\t<\/div>\n\t\t\t\t<div class=\"elementor-element elementor-element-0683cba elementor-widget-divider--view-line elementor-widget elementor-widget-divider\" data-id=\"0683cba\" data-element_type=\"widget\" data-widget_type=\"divider.default\">\n\t\t\t\t<div class=\"elementor-widget-container\">\n\t\t\t\t\t<div class=\"elementor-divider\">\n\t\t\t<span class=\"elementor-divider-separator\">\n\t\t\t\t\t\t<\/span>\n\t\t<\/div>\n\t\t\t\t<\/div>\n\t\t\t\t<\/div>\n\t\t\t\t<div class=\"elementor-element elementor-element-2330395 elementor-widget elementor-widget-text-editor\" data-id=\"2330395\" data-element_type=\"widget\" data-widget_type=\"text-editor.default\">\n\t\t\t\t<div class=\"elementor-widget-container\">\n\t\t\t\t\t\t\t\t<div class=\"elementor-text-editor elementor-clearfix\">\n\t\t\t\t<p style=\"text-align: center;\">Mar\u00eda Salinas Club Cesva\/NKEF se proclamaba en la jornada del Domingo Campeona de Euskadi en la modalidad Gigante\u00a0<\/p>\t\t\t\t\t<\/div>\n\t\t\t\t\t\t<\/div>\n\t\t\t\t<\/div>\n\t\t\t\t<div class=\"elementor-element elementor-element-6e61ef2 elementor-widget-divider--view-line elementor-widget elementor-widget-divider\" data-id=\"6e61ef2\" data-element_type=\"widget\" data-widget_type=\"divider.default\">\n\t\t\t\t<div class=\"elementor-widget-container\">\n\t\t\t\t\t<div class=\"elementor-divider\">\n\t\t\t<span class=\"elementor-divider-separator\">\n\t\t\t\t\t\t<\/span>\n\t\t<\/div>\n\t\t\t\t<\/div>\n\t\t\t\t<\/div>\n\t\t\t\t<div class=\"elementor-element elementor-element-776e555 elementor-widget elementor-widget-image\" data-id=\"776e555\" data-element_type=\"widget\" data-widget_type=\"image.default\">\n\t\t\t\t<div class=\"elementor-widget-container\">\n\t\t\t\t\t\t\t\t<div class=\"elementor-image\">\n\t\t\t\t\t\t\t\t\t<figure class=\"wp-caption\">\n\t\t\t\t\t\t\t\t\t\t<img width=\"580\" height=\"275\" src=\"https:\/\/nkef.eus\/wp-content\/uploads\/2021\/03\/GS-U16-DAMAS-1024x485.jpg\" class=\"attachment-large size-large\" alt=\"\" loading=\"lazy\" srcset=\"https:\/\/nkef.eus\/wp-content\/uploads\/2021\/03\/GS-U16-DAMAS-1024x485.jpg 1024w, https:\/\/nkef.eus\/wp-content\/uploads\/2021\/03\/GS-U16-DAMAS-300x142.jpg 300w, https:\/\/nkef.eus\/wp-content\/uploads\/2021\/03\/GS-U16-DAMAS-768x363.jpg 768w, https:\/\/nkef.eus\/wp-content\/uploads\/2021\/03\/GS-U16-DAMAS-1536x727.jpg 1536w, https:\/\/nkef.eus\/wp-content\/uploads\/2021\/03\/GS-U16-DAMAS-16x8.jpg 16w, https:\/\/nkef.eus\/wp-content\/uploads\/2021\/03\/GS-U16-DAMAS-1200x568.jpg 1200w, https:\/\/nkef.eus\/wp-content\/uploads\/2021\/03\/GS-U16-DAMAS-1980x937.jpg 1980w, https:\/\/nkef.eus\/wp-content\/uploads\/2021\/03\/GS-U16-DAMAS.jpg 2016w\" sizes=\"(max-width: 580px) 100vw, 580px\" \/>\t\t\t\t\t\t\t\t\t\t\t<figcaption class=\"widget-image-caption wp-caption-text\">P\u00f3dium GS U16 Damas (Sara Ziach - Mar\u00eda Abad y Carlota Santos)<\/figcaption>\n\t\t\t\t\t\t\t\t\t\t<\/figure>\n\t\t\t\t\t\t\t\t<\/div>\n\t\t\t\t\t\t<\/div>\n\t\t\t\t<\/div>\n\t\t\t\t<div class=\"elementor-element elementor-element-f402fd2 elementor-widget-divider--view-line elementor-widget elementor-widget-divider\" data-id=\"f402fd2\" data-element_type=\"widget\" data-widget_type=\"divider.default\">\n\t\t\t\t<div class=\"elementor-widget-container\">\n\t\t\t\t\t<div class=\"elementor-divider\">\n\t\t\t<span class=\"elementor-divider-separator\">\n\t\t\t\t\t\t<\/span>\n\t\t<\/div>\n\t\t\t\t<\/div>\n\t\t\t\t<\/div>\n\t\t\t\t<div class=\"elementor-element elementor-element-293acbf elementor-widget elementor-widget-image\" data-id=\"293acbf\" data-element_type=\"widget\" data-widget_type=\"image.default\">\n\t\t\t\t<div class=\"elementor-widget-container\">\n\t\t\t\t\t\t\t\t<div class=\"elementor-image\">\n\t\t\t\t\t\t\t\t\t<figure class=\"wp-caption\">\n\t\t\t\t\t\t\t\t\t\t<img width=\"580\" height=\"275\" src=\"https:\/\/nkef.eus\/wp-content\/uploads\/2021\/03\/COM-U16-DAMAS-1024x485.jpg\" class=\"attachment-large size-large\" alt=\"\" loading=\"lazy\" srcset=\"https:\/\/nkef.eus\/wp-content\/uploads\/2021\/03\/COM-U16-DAMAS-1024x485.jpg 1024w, https:\/\/nkef.eus\/wp-content\/uploads\/2021\/03\/COM-U16-DAMAS-300x142.jpg 300w, https:\/\/nkef.eus\/wp-content\/uploads\/2021\/03\/COM-U16-DAMAS-768x363.jpg 768w, https:\/\/nkef.eus\/wp-content\/uploads\/2021\/03\/COM-U16-DAMAS-1536x727.jpg 1536w, https:\/\/nkef.eus\/wp-content\/uploads\/2021\/03\/COM-U16-DAMAS-16x8.jpg 16w, https:\/\/nkef.eus\/wp-content\/uploads\/2021\/03\/COM-U16-DAMAS-1200x568.jpg 1200w, https:\/\/nkef.eus\/wp-content\/uploads\/2021\/03\/COM-U16-DAMAS-1980x937.jpg 1980w, https:\/\/nkef.eus\/wp-content\/uploads\/2021\/03\/COM-U16-DAMAS.jpg 2016w\" sizes=\"(max-width: 580px) 100vw, 580px\" \/>\t\t\t\t\t\t\t\t\t\t\t<figcaption class=\"widget-image-caption wp-caption-text\">P\u00f3dium Combinada U16 Damas ( Mar\u00eda Abad - Sara Ziach y Martina Terren)<\/figcaption>\n\t\t\t\t\t\t\t\t\t\t<\/figure>\n\t\t\t\t\t\t\t\t<\/div>\n\t\t\t\t\t\t<\/div>\n\t\t\t\t<\/div>\n\t\t\t\t<div class=\"elementor-element elementor-element-6d8633e elementor-widget-divider--view-line elementor-widget elementor-widget-divider\" data-id=\"6d8633e\" data-element_type=\"widget\" data-widget_type=\"divider.default\">\n\t\t\t\t<div class=\"elementor-widget-container\">\n\t\t\t\t\t<div class=\"elementor-divider\">\n\t\t\t<span class=\"elementor-divider-separator\">\n\t\t\t\t\t\t<\/span>\n\t\t<\/div>\n\t\t\t\t<\/div>\n\t\t\t\t<\/div>\n\t\t\t\t<div class=\"elementor-element elementor-element-967fc7f elementor-widget elementor-widget-image\" data-id=\"967fc7f\" data-element_type=\"widget\" data-widget_type=\"image.default\">\n\t\t\t\t<div class=\"elementor-widget-container\">\n\t\t\t\t\t\t\t\t<div class=\"elementor-image\">\n\t\t\t\t\t\t\t\t\t<figure class=\"wp-caption\">\n\t\t\t\t\t\t\t\t\t\t<img width=\"580\" height=\"275\" src=\"https:\/\/nkef.eus\/wp-content\/uploads\/2021\/03\/GS-U16-HOMBRES-1024x485.jpg\" class=\"attachment-large size-large\" alt=\"\" loading=\"lazy\" srcset=\"https:\/\/nkef.eus\/wp-content\/uploads\/2021\/03\/GS-U16-HOMBRES-1024x485.jpg 1024w, https:\/\/nkef.eus\/wp-content\/uploads\/2021\/03\/GS-U16-HOMBRES-300x142.jpg 300w, https:\/\/nkef.eus\/wp-content\/uploads\/2021\/03\/GS-U16-HOMBRES-768x363.jpg 768w, https:\/\/nkef.eus\/wp-content\/uploads\/2021\/03\/GS-U16-HOMBRES-1536x727.jpg 1536w, https:\/\/nkef.eus\/wp-content\/uploads\/2021\/03\/GS-U16-HOMBRES-16x8.jpg 16w, https:\/\/nkef.eus\/wp-content\/uploads\/2021\/03\/GS-U16-HOMBRES-1200x568.jpg 1200w, https:\/\/nkef.eus\/wp-content\/uploads\/2021\/03\/GS-U16-HOMBRES-1980x937.jpg 1980w, https:\/\/nkef.eus\/wp-content\/uploads\/2021\/03\/GS-U16-HOMBRES.jpg 2016w\" sizes=\"(max-width: 580px) 100vw, 580px\" \/>\t\t\t\t\t\t\t\t\t\t\t<figcaption class=\"widget-image-caption wp-caption-text\">P\u00f3dium GS U16 Hombres ( Hugo Robres - Juan Alba y Eneko Ros)<\/figcaption>\n\t\t\t\t\t\t\t\t\t\t<\/figure>\n\t\t\t\t\t\t\t\t<\/div>\n\t\t\t\t\t\t<\/div>\n\t\t\t\t<\/div>\n\t\t\t\t<div class=\"elementor-element elementor-element-64f8a7e elementor-widget-divider--view-line elementor-widget elementor-widget-divider\" data-id=\"64f8a7e\" data-element_type=\"widget\" data-widget_type=\"divider.default\">\n\t\t\t\t<div class=\"elementor-widget-container\">\n\t\t\t\t\t<div class=\"elementor-divider\">\n\t\t\t<span class=\"elementor-divider-separator\">\n\t\t\t\t\t\t<\/span>\n\t\t<\/div>\n\t\t\t\t<\/div>\n\t\t\t\t<\/div>\n\t\t\t\t<div class=\"elementor-element elementor-element-9baaa64 elementor-widget elementor-widget-image\" data-id=\"9baaa64\" data-element_type=\"widget\" data-widget_type=\"image.default\">\n\t\t\t\t<div class=\"elementor-widget-container\">\n\t\t\t\t\t\t\t\t<div class=\"elementor-image\">\n\t\t\t\t\t\t\t\t\t<figure class=\"wp-caption\">\n\t\t\t\t\t\t\t\t\t\t<img width=\"580\" height=\"275\" src=\"https:\/\/nkef.eus\/wp-content\/uploads\/2021\/03\/COM-U16-HOMBRES-1024x485.jpg\" class=\"attachment-large size-large\" alt=\"\" loading=\"lazy\" srcset=\"https:\/\/nkef.eus\/wp-content\/uploads\/2021\/03\/COM-U16-HOMBRES-1024x485.jpg 1024w, https:\/\/nkef.eus\/wp-content\/uploads\/2021\/03\/COM-U16-HOMBRES-300x142.jpg 300w, https:\/\/nkef.eus\/wp-content\/uploads\/2021\/03\/COM-U16-HOMBRES-768x363.jpg 768w, https:\/\/nkef.eus\/wp-content\/uploads\/2021\/03\/COM-U16-HOMBRES-1536x727.jpg 1536w, https:\/\/nkef.eus\/wp-content\/uploads\/2021\/03\/COM-U16-HOMBRES-16x8.jpg 16w, https:\/\/nkef.eus\/wp-content\/uploads\/2021\/03\/COM-U16-HOMBRES-1200x568.jpg 1200w, https:\/\/nkef.eus\/wp-content\/uploads\/2021\/03\/COM-U16-HOMBRES-1980x937.jpg 1980w, https:\/\/nkef.eus\/wp-content\/uploads\/2021\/03\/COM-U16-HOMBRES.jpg 2016w\" sizes=\"(max-width: 580px) 100vw, 580px\" \/>\t\t\t\t\t\t\t\t\t\t\t<figcaption class=\"widget-image-caption wp-caption-text\">P\u00f3dium Combinada U16 Hombres ( Hugo Robres - Juan Alba y Eneko Ros)<\/figcaption>\n\t\t\t\t\t\t\t\t\t\t<\/figure>\n\t\t\t\t\t\t\t\t<\/div>\n\t\t\t\t\t\t<\/div>\n\t\t\t\t<\/div>\n\t\t\t\t\t\t<\/div>\n\t\t\t\t\t<\/div>\n\t\t<\/div>\n\t\t\t\t\t\t\t\t<\/div>\n\t\t\t\t\t<\/div>\n\t\t<\/section>\n\t\t\t\t\t\t\t\t\t<\/div>\n\t\t\t<\/div>\n\t\t\t\t\t<\/div>","protected":false},"excerpt":{"rendered":"<p>CARLOTA NAVASA, OINATZ BOROBIA Y MARIA SALINAS CAMPEONES DE EUSKADI ESQU\u00cd ALPINO U14\/16 CLUB CESVA\/NKEF Buena jornada la vivida este fin de semana en el Campeonato de Euskadi y Navarra de esqu\u00ed Alpino con la presencia de 160 deportistas de 11 Federaciones Auton\u00f3micas. El S\u00e1bado se disputaba la prueba de Slalom donde la corredora la [&hellip;]<\/p>","protected":false},"author":3,"featured_media":3366,"comment_status":"closed","ping_status":"closed","sticky":false,"template":"elementor_canvas","format":"standard","meta":[],"categories":[30],"tags":[],"_links":{"self":[{"href":"https:\/\/nkef.eus\/eu\/index.php\/wp-json\/wp\/v2\/posts\/3365"}],"collection":[{"href":"https:\/\/nkef.eus\/eu\/index.php\/wp-json\/wp\/v2\/posts"}],"about":[{"href":"https:\/\/nkef.eus\/eu\/index.php\/wp-json\/wp\/v2\/types\/post"}],"author":[{"embeddable":true,"href":"https:\/\/nkef.eus\/eu\/index.php\/wp-json\/wp\/v2\/users\/3"}],"replies":[{"embeddable":true,"href":"https:\/\/nkef.eus\/eu\/index.php\/wp-json\/wp\/v2\/comments?post=3365"}],"version-history":[{"count":4,"href":"https:\/\/nkef.eus\/eu\/index.php\/wp-json\/wp\/v2\/posts\/3365\/revisions"}],"predecessor-version":[{"id":3382,"href":"https:\/\/nkef.eus\/eu\/index.php\/wp-json\/wp\/v2\/posts\/3365\/revisions\/3382"}],"wp:featuredmedia":[{"embeddable":true,"href":"https:\/\/nkef.eus\/eu\/index.php\/wp-json\/wp\/v2\/media\/3366"}],"wp:attachment":[{"href":"https:\/\/nkef.eus\/eu\/index.php\/wp-json\/wp\/v2\/media?parent=3365"}],"wp:term":[{"taxonomy":"category","embeddable":true,"href":"https:\/\/nkef.eus\/eu\/index.php\/wp-json\/wp\/v2\/categories?post=3365"},{"taxonomy":"post_tag","embeddable":true,"href":"https:\/\/nkef.eus\/eu\/index.php\/wp-json\/wp\/v2\/tags?post=3365"}],"curies":[{"name":"wp","href":"https:\/\/api.w.org\/{rel}","templated":true}]}}