{"id":3340,"date":"2021-03-08T09:49:48","date_gmt":"2021-03-08T09:49:48","guid":{"rendered":"https:\/\/nkef.eus\/?p=3340"},"modified":"2021-03-08T09:50:17","modified_gmt":"2021-03-08T09:50:17","slug":"nuevo-top-20-de-imanol-rojo-en-los-mundiales-de-oberstdorf","status":"publish","type":"post","link":"https:\/\/nkef.eus\/eu\/index.php\/2021\/03\/08\/nuevo-top-20-de-imanol-rojo-en-los-mundiales-de-oberstdorf\/","title":{"rendered":"IMANOL GORRIAKO TOP 20 BERRIA OBERSTDORFEN MUNDUAN"},"content":{"rendered":"<div data-elementor-type=\"wp-post\" data-elementor-id=\"3340\" class=\"elementor elementor-3340\">\n\t\t\t\t\t\t<div class=\"elementor-inner\">\n\t\t\t\t<div class=\"elementor-section-wrap\">\n\t\t\t\t\t\t\t\t\t<section class=\"elementor-section elementor-top-section elementor-element elementor-element-3bc56f83 elementor-section-content-middle elementor-section-boxed elementor-section-height-default elementor-section-height-default\" data-id=\"3bc56f83\" data-element_type=\"section\">\n\t\t\t\t\t\t<div class=\"elementor-container elementor-column-gap-no\">\n\t\t\t\t\t\t\t<div class=\"elementor-row\">\n\t\t\t\t\t<div class=\"elementor-column elementor-col-100 elementor-top-column elementor-element elementor-element-78b87232\" data-id=\"78b87232\" data-element_type=\"column\">\n\t\t\t<div class=\"elementor-column-wrap elementor-element-populated\">\n\t\t\t\t\t\t\t<div class=\"elementor-widget-wrap\">\n\t\t\t\t\t\t<div class=\"elementor-element elementor-element-58ca35c7 elementor-widget elementor-widget-heading\" data-id=\"58ca35c7\" data-element_type=\"widget\" data-widget_type=\"heading.default\">\n\t\t\t\t<div class=\"elementor-widget-container\">\n\t\t\t<h4 class=\"elementor-heading-title elementor-size-default\">IMANOL GORRIAKO TOP 20 BERRIA OBERSTDORFEN MUNDUAN<\/h4>\t\t<\/div>\n\t\t\t\t<\/div>\n\t\t\t\t<div class=\"elementor-element elementor-element-31b0c3c elementor-widget elementor-widget-image\" data-id=\"31b0c3c\" data-element_type=\"widget\" data-widget_type=\"image.default\">\n\t\t\t\t<div class=\"elementor-widget-container\">\n\t\t\t\t\t\t\t\t<div class=\"elementor-image\">\n\t\t\t\t\t\t\t\t\t\t\t\t<img width=\"580\" height=\"580\" src=\"https:\/\/nkef.eus\/wp-content\/uploads\/2021\/03\/imanol-1024x1024.jpg\" class=\"attachment-large size-large\" alt=\"\" loading=\"lazy\" srcset=\"https:\/\/nkef.eus\/wp-content\/uploads\/2021\/03\/imanol-1024x1024.jpg 1024w, https:\/\/nkef.eus\/wp-content\/uploads\/2021\/03\/imanol-300x300.jpg 300w, https:\/\/nkef.eus\/wp-content\/uploads\/2021\/03\/imanol-150x150.jpg 150w, https:\/\/nkef.eus\/wp-content\/uploads\/2021\/03\/imanol-768x768.jpg 768w, https:\/\/nkef.eus\/wp-content\/uploads\/2021\/03\/imanol-12x12.jpg 12w, https:\/\/nkef.eus\/wp-content\/uploads\/2021\/03\/imanol.jpg 1080w\" sizes=\"(max-width: 580px) 100vw, 580px\" \/>\t\t\t\t\t\t\t\t\t\t\t\t\t\t<\/div>\n\t\t\t\t\t\t<\/div>\n\t\t\t\t<\/div>\n\t\t\t\t<div class=\"elementor-element elementor-element-2d10b841 elementor-widget elementor-widget-text-editor\" data-id=\"2d10b841\" data-element_type=\"widget\" data-widget_type=\"text-editor.default\">\n\t\t\t\t<div class=\"elementor-widget-container\">\n\t\t\t\t\t\t\t\t<div class=\"elementor-text-editor elementor-clearfix\">\n\t\t\t\t<p style=\"text-align: center;\"><strong>El Tolosarra ha concluido en el puesto 18 la prueba de los 50 kil\u00f3metros estilo cl\u00e1sico salida en masa<\/strong><\/p>\t\t\t\t\t<\/div>\n\t\t\t\t\t\t<\/div>\n\t\t\t\t<\/div>\n\t\t\t\t<div class=\"elementor-element elementor-element-a15b088 elementor-widget-divider--view-line elementor-widget elementor-widget-divider\" data-id=\"a15b088\" data-element_type=\"widget\" data-widget_type=\"divider.default\">\n\t\t\t\t<div class=\"elementor-widget-container\">\n\t\t\t\t\t<div class=\"elementor-divider\">\n\t\t\t<span class=\"elementor-divider-separator\">\n\t\t\t\t\t\t<\/span>\n\t\t<\/div>\n\t\t\t\t<\/div>\n\t\t\t\t<\/div>\n\t\t\t\t<div class=\"elementor-element elementor-element-6a39710 elementor-widget elementor-widget-text-editor\" data-id=\"6a39710\" data-element_type=\"widget\" data-widget_type=\"text-editor.default\">\n\t\t\t\t<div class=\"elementor-widget-container\">\n\t\t\t\t\t\t\t\t<div class=\"elementor-text-editor elementor-clearfix\">\n\t\t\t\t<p style=\"text-align: center;\">Imanol Rojo comenz\u00f3 su andadura en el Mundial de esqu\u00ed de fondo de Oberstdorf con un resultado hist\u00f3rico en la prueba del skiathlon 15 kil\u00f3metros estilo cl\u00e1sico y 15 kil\u00f3metros estilo libre. El puesto 19 conseguido el 27 de febrero era hasta entonces su mejor marca en un campeonato del Mundo absoluto.<\/p><p>Cuatro d\u00edas m\u00e1s tarde, el 3 de marzo, el tolosarra firmaba el puesto 33 en la prueba de los 15 kil\u00f3metros estilo libre, y hoy ha puesto el broche de oro al campeonato de la mejor manera posible. Los 50 kil\u00f3metros estilo cl\u00e1sico son la prueba que m\u00e1s gusta a Imanol y la verdad es que as\u00ed lo ha demostrado. Ha marchado en todo momento en cabeza de la carrera y le ha faltado muy poco para acabar entre los 15 primeros. Tras dos horas, 13 minutos y 44 segundos se duro trabajo Imanol ha entrado en meta a 2:52 del vencedor, el noruego Emil Iversen. El ruso Alexander Bolshunov y el noruego Simen Hegstad Krueger han completado el podio.<\/p><p>Al concluir la carrera Imanol ha declarado a la fundaci\u00f3n Basque Team que no tiene palabras para describir lo que est\u00e1 viviendo, su satisfacci\u00f3n es enorme. El esquiador de Tolosa se encuentra en el mejor momento de su carrera deportiva. Consigui\u00f3 su primer triunfo en la Copa de Europa el pasado mes de diciembre, brill\u00f3 durante todo el pasado Tour de Ski y ha entrado en el top 20 del Mundial en dos ocasiones. La cita de Oberstdorf era uno de los principales objetivos de la temporada, sin perder de vista la clasificaci\u00f3n para los Juegos de Beijing 2022, los que ser\u00e1n sus terceros Juegos tras los de Sochi 2014 y Pyeongchang 2018<\/p>\t\t\t\t\t<\/div>\n\t\t\t\t\t\t<\/div>\n\t\t\t\t<\/div>\n\t\t\t\t\t\t<\/div>\n\t\t\t\t\t<\/div>\n\t\t<\/div>\n\t\t\t\t\t\t\t\t<\/div>\n\t\t\t\t\t<\/div>\n\t\t<\/section>\n\t\t\t\t\t\t\t\t\t<\/div>\n\t\t\t<\/div>\n\t\t\t\t\t<\/div>","protected":false},"excerpt":{"rendered":"<p>NUEVO TOP 20 DE IMANOL ROJO EN LOS MUNDIALES DE OBERSTDORF El Tolosarra ha concluido en el puesto 18 la prueba de los 50 kil\u00f3metros estilo cl\u00e1sico salida en masa Imanol Rojo comenz\u00f3 su andadura en el Mundial de esqu\u00ed de fondo de Oberstdorf con un resultado hist\u00f3rico en la prueba del skiathlon 15 kil\u00f3metros [&hellip;]<\/p>","protected":false},"author":3,"featured_media":3341,"comment_status":"closed","ping_status":"closed","sticky":false,"template":"elementor_header_footer","format":"standard","meta":[],"categories":[9,15],"tags":[],"_links":{"self":[{"href":"https:\/\/nkef.eus\/eu\/index.php\/wp-json\/wp\/v2\/posts\/3340"}],"collection":[{"href":"https:\/\/nkef.eus\/eu\/index.php\/wp-json\/wp\/v2\/posts"}],"about":[{"href":"https:\/\/nkef.eus\/eu\/index.php\/wp-json\/wp\/v2\/types\/post"}],"author":[{"embeddable":true,"href":"https:\/\/nkef.eus\/eu\/index.php\/wp-json\/wp\/v2\/users\/3"}],"replies":[{"embeddable":true,"href":"https:\/\/nkef.eus\/eu\/index.php\/wp-json\/wp\/v2\/comments?post=3340"}],"version-history":[{"count":4,"href":"https:\/\/nkef.eus\/eu\/index.php\/wp-json\/wp\/v2\/posts\/3340\/revisions"}],"predecessor-version":[{"id":3345,"href":"https:\/\/nkef.eus\/eu\/index.php\/wp-json\/wp\/v2\/posts\/3340\/revisions\/3345"}],"wp:featuredmedia":[{"embeddable":true,"href":"https:\/\/nkef.eus\/eu\/index.php\/wp-json\/wp\/v2\/media\/3341"}],"wp:attachment":[{"href":"https:\/\/nkef.eus\/eu\/index.php\/wp-json\/wp\/v2\/media?parent=3340"}],"wp:term":[{"taxonomy":"category","embeddable":true,"href":"https:\/\/nkef.eus\/eu\/index.php\/wp-json\/wp\/v2\/categories?post=3340"},{"taxonomy":"post_tag","embeddable":true,"href":"https:\/\/nkef.eus\/eu\/index.php\/wp-json\/wp\/v2\/tags?post=3340"}],"curies":[{"name":"wp","href":"https:\/\/api.w.org\/{rel}","templated":true}]}}