{"id":3261,"date":"2021-02-27T18:57:17","date_gmt":"2021-02-27T18:57:17","guid":{"rendered":"https:\/\/nkef.eus\/?p=3261"},"modified":"2021-02-27T19:04:19","modified_gmt":"2021-02-27T19:04:19","slug":"imanol-rojo-logra-el-puesto-19-en-el-mundial-de-oberstdorf-ger","status":"publish","type":"post","link":"https:\/\/nkef.eus\/eu\/index.php\/2021\/02\/27\/imanol-rojo-logra-el-puesto-19-en-el-mundial-de-oberstdorf-ger\/","title":{"rendered":"IMANOL ROJO-K OBERSTDORF WORLD CUP-EN (GER) 19. LEKUA LORTU DU"},"content":{"rendered":"<div data-elementor-type=\"wp-post\" data-elementor-id=\"3261\" class=\"elementor elementor-3261\">\n\t\t\t\t\t\t<div class=\"elementor-inner\">\n\t\t\t\t<div class=\"elementor-section-wrap\">\n\t\t\t\t\t\t\t\t\t<section class=\"elementor-section elementor-top-section elementor-element elementor-element-14e7c9b7 elementor-section-content-middle elementor-section-boxed elementor-section-height-default elementor-section-height-default\" data-id=\"14e7c9b7\" data-element_type=\"section\">\n\t\t\t\t\t\t<div class=\"elementor-container elementor-column-gap-no\">\n\t\t\t\t\t\t\t<div class=\"elementor-row\">\n\t\t\t\t\t<div class=\"elementor-column elementor-col-100 elementor-top-column elementor-element elementor-element-39e8a291\" data-id=\"39e8a291\" data-element_type=\"column\">\n\t\t\t<div class=\"elementor-column-wrap elementor-element-populated\">\n\t\t\t\t\t\t\t<div class=\"elementor-widget-wrap\">\n\t\t\t\t\t\t<div class=\"elementor-element elementor-element-53c85e9a elementor-widget elementor-widget-heading\" data-id=\"53c85e9a\" data-element_type=\"widget\" data-widget_type=\"heading.default\">\n\t\t\t\t<div class=\"elementor-widget-container\">\n\t\t\t<h4 class=\"elementor-heading-title elementor-size-default\">IMANOL ROJO-K OBERSTDORF WORLD CUP-EN (GER) 19. LEKUA LORTU DU<\/h4>\t\t<\/div>\n\t\t\t\t<\/div>\n\t\t\t\t<div class=\"elementor-element elementor-element-5943fe3 elementor-widget elementor-widget-text-editor\" data-id=\"5943fe3\" data-element_type=\"widget\" data-widget_type=\"text-editor.default\">\n\t\t\t\t<div class=\"elementor-widget-container\">\n\t\t\t\t\t\t\t\t<div class=\"elementor-text-editor elementor-clearfix\">\n\t\t\t\t<h5 style=\"text-align: center;\"><span style=\"color: #000000;\">SKIATHLON 15\/15 KM (C-F)<\/span><\/h5>\t\t\t\t\t<\/div>\n\t\t\t\t\t\t<\/div>\n\t\t\t\t<\/div>\n\t\t\t\t<div class=\"elementor-element elementor-element-4090af1 elementor-widget elementor-widget-image\" data-id=\"4090af1\" data-element_type=\"widget\" data-widget_type=\"image.default\">\n\t\t\t\t<div class=\"elementor-widget-container\">\n\t\t\t\t\t\t\t\t<div class=\"elementor-image\">\n\t\t\t\t\t\t\t\t\t\t\t\t<img width=\"580\" height=\"387\" src=\"https:\/\/nkef.eus\/wp-content\/uploads\/2021\/02\/333-1024x683.jpg\" class=\"attachment-large size-large\" alt=\"\" loading=\"lazy\" srcset=\"https:\/\/nkef.eus\/wp-content\/uploads\/2021\/02\/333-1024x683.jpg 1024w, https:\/\/nkef.eus\/wp-content\/uploads\/2021\/02\/333-300x200.jpg 300w, https:\/\/nkef.eus\/wp-content\/uploads\/2021\/02\/333-768x512.jpg 768w, https:\/\/nkef.eus\/wp-content\/uploads\/2021\/02\/333-16x12.jpg 16w, https:\/\/nkef.eus\/wp-content\/uploads\/2021\/02\/333.jpg 1080w\" sizes=\"(max-width: 580px) 100vw, 580px\" \/>\t\t\t\t\t\t\t\t\t\t\t\t\t\t<\/div>\n\t\t\t\t\t\t<\/div>\n\t\t\t\t<\/div>\n\t\t\t\t<div class=\"elementor-element elementor-element-9a9ba62 elementor-widget-divider--view-line elementor-widget elementor-widget-divider\" data-id=\"9a9ba62\" data-element_type=\"widget\" data-widget_type=\"divider.default\">\n\t\t\t\t<div class=\"elementor-widget-container\">\n\t\t\t\t\t<div class=\"elementor-divider\">\n\t\t\t<span class=\"elementor-divider-separator\">\n\t\t\t\t\t\t<\/span>\n\t\t<\/div>\n\t\t\t\t<\/div>\n\t\t\t\t<\/div>\n\t\t\t\t<div class=\"elementor-element elementor-element-d3a866a elementor-widget elementor-widget-text-editor\" data-id=\"d3a866a\" data-element_type=\"widget\" data-widget_type=\"text-editor.default\">\n\t\t\t\t<div class=\"elementor-widget-container\">\n\t\t\t\t\t\t\t\t<div class=\"elementor-text-editor elementor-clearfix\">\n\t\t\t\t<table width=\"100%\"><tbody><tr><td><table width=\"100%\"><tbody><tr><td width=\"600\"><table width=\"100%\"><tbody><tr><td><p>\u00a0Imanol Rojo est\u00e1 haciendo historia en el esqu\u00ed de fondo de nuestro pa\u00eds. El esquiador tolosarra parece no tener l\u00edmite esta temporada, ya que est\u00e1 superando todas marcas y todas las expectativas. Hoy ha entrado en el top 20 en una prueba de un Mundial absoluto, algo que no hab\u00eda hecho hasta la fecha. Concretamente ha terminado en el puesto 19 la prueba del skiathlon 15 kil\u00f3metros estilo cl\u00e1sico y 15 kil\u00f3metros estilo libre del Mundial que se disputa estos d\u00edas en Oberstdorf (Alemania).<br \/>\u00a0<br \/>Tal y como muestran los parciales a su paso por los kil\u00f3metros 5, 9.7, 15, 20 y 26.3 Imanol ha ido de menos a m\u00e1s durante la carrera. \u00c9l mismo ha confirmado a la Fundaci\u00f3n Basque Team al acabar la prueba que est\u00e1 muy satisfecho con el resultado. Durante el tramo de estilo cl\u00e1sico se ha sentido muy bien y los esqu\u00eds han volado. En la segunda parte de la prueba ha estado incluso cerca de alcanzar el top 10. Finalmente ha cruzado la l\u00ednea de meta tras una hora, 14 minutos y 23 segundos de duro trabajo a 2:49.6 del vencedor, el ruso Alexander Bolshunov.<br \/>\u00a0<br \/>Imanol Rojo, becado por la Fundaci\u00f3n Basque Team, ha asegurado al concluir la prueba que este resultado es el fruto de toda una vida entrenando duro, sobre todo los dos \u00faltimos a\u00f1os. A la edad de 30 a\u00f1os Imanol Rojo est\u00e1 viviendo el momento m\u00e1s dulce de toda su carrera: consigui\u00f3 su primer triunfo en la Copa de Europa el pasado mes de diciembre, brill\u00f3 durante todo el pasado Tour de Ski y ahora entra en el top 20 de un Mundial. La cita de Oberstdorf era uno de los principales objetivos de la temporada, sin perder de vista la clasificaci\u00f3n para los Juegos de Beijing 2022, los que ser\u00e1n sus terceros Juegos tras los de Sochi 2014 y Pyeongchang 2018.\u00a0<br \/><br \/><strong>PERFIL DE IMANOL ROJO<\/strong><br \/>A los cinco a\u00f1os empez\u00f3 a esquiar con su hermano mayor, Ioseba, y hasta ahora no se ha bajado de los esqu\u00eds. Sus padres les inculcaron su pasi\u00f3n por la nieve. A los 11 a\u00f1os empez\u00f3 a competir con el equipo Alpino Uzturre Elkartea y los resultados conseguidos hasta los 15 a\u00f1os, le permitieron entrar en el equipo nacional de esqu\u00ed de fondo en 2005. Ha participado en diferentes competiciones internacionales, Copa de Europa, Copa del Mundo, Mundiales y las m\u00e1s importantes, los JJOO de 2014 en Sochi (Rusia) y los JJOO de Pyeongchang en 2018. En Rusia particip\u00f3 en las pruebas de skiathlon (puesto 50), 1,4 kil\u00f3metros sprint (puesto 60), 15 kil\u00f3metros cl\u00e1sico (puesto 50) y salida en masa 50 kil\u00f3metros (puesto 33). En Corea compiti\u00f3 en skiathlon (puesto 49), 15 km estilo libre (puesto 62), salida en masa 50 kil\u00f3metros (puesto 35) y velocidad por equipos (puesto 19).<br \/>\u00a0<br \/>La afici\u00f3n de Imanol Rojo por el esqu\u00ed de fondo tiene una explicaci\u00f3n. Las calles de Tolosa albergan pocas veces la blancura de la nieve. A\u00fan as\u00ed esta disciplina est\u00e1 estrechamente ligada a esta localidad guipuzcoana. Hace un siglo aproximadamente una colonia noruega lleg\u00f3 al pueblo en tiempos de una potente industrializaci\u00f3n, trayendo consigo un deporte que cien a\u00f1os despu\u00e9s se ha convertido en el predilecto para muchos tolosarras: el esqu\u00ed de fondo. Los hermanos Rojo, por ejemplo, han seguido con esa tradici\u00f3n. Imanol es el segundo vasco en competir en esqu\u00ed de fondo en unos Juegos. Anteriormente ya lo hizo otro esquiador de Tolosa: Haritz Zunzunegi. Compiti\u00f3 en Nagano y Salt Lake City cuando Imanol y Ioseba, su hermano, eran todav\u00eda adolescentes.\u00a0\u00a0\u00a0<br \/>\u00a0<br \/>Rojo ha valorado positivamente los \u00faltimos a\u00f1os en los que ha mejorado y evolucionado. Destacan el t\u00edtulo de campe\u00f3n de Europa en maratones en 2016 y en 2017 el doblete en el campeonato de Espa\u00f1a en sprint y estilo cl\u00e1sico, el top 10 en la Dolomitenlauf Lienz, prueba de 42 kil\u00f3metros en Austria y la participaci\u00f3n en el Campeonato del Mundo disputado en Lahti (Finlandia). La temporada 2019-2020, cosech\u00f3 buen\u00edsimos resultados en la Copa del Mundo; por ejemplo el puesto 26 de la prueba de Nove Mesto, resultados que est\u00e1 superando en esta temporada: 2020-2021, con el puesto 18 obtenido en el Tour de Ski de Val di Fiemme, entre otros.<br \/>\u00a0<br \/><strong><u>Resultados destacados a nivel internacional<\/u><\/strong><br \/><strong>Juegos Ol\u00edmpicos <\/strong><br \/><u>Sochi 2014<\/u><br \/>49\u00ba skiathlon 15\/15 km C\/F<br \/>60\u00ba SP F Final<br \/>50\u00ba 15 km C<br \/>33\u00ba 50 km F Mst<br \/>\u00a0<br \/><u>Pyeongchang 2018<\/u><br \/>46\u00ba Skiathlon 15\/15 km C\/F<br \/>58\u00ba 15km F<br \/>19\u00ba Team sprint F<br \/>33\u00ba 50 km C Mst<br \/>\u00a0<br \/><strong>Mundiales <\/strong><br \/><u>Val di Fiemme 2013<\/u><br \/>66\u00ba Skiathlon 15\/15km C7F<br \/>81\u00ba 15km F<br \/>\u00a0<br \/><u>Falun 2015<\/u><br \/>53\u00ba Skiathlon 15\/15km F\/C<br \/>64\u00ba 15km F<br \/>DBF 50km C Mst \u00a0<br \/>\u00a0<br \/><u>Lahti 2017<\/u><br \/>72\u00ba SP F Final<br \/>51\u00ba Skiatthlon 15\/15km F\/C<br \/>DNF 50 km F Mst<br \/>\u00a0<br \/><u>Seefeld 2019<\/u><br \/>39\u00ba Skiathlon 15\/15km C\/F<br \/>48\u00ba 15km C<br \/>40\u00ba 50km F Mst<br \/>\u00a0<br \/><strong>Copas del Mundo (Resultados entre los 30 primeros)<\/strong><br \/>23\u00ba Rel 4&#215;7.5km M Gaellivare 25-11-2012<br \/>22\u00ba Team Sprint F Dresden 14-01-2018<br \/>30\u00ba Skiathlon 15\/15km C\/F Lillehammer 07-12-2019<br \/>27\u00ba 15km F Davos 15-12-2019<br \/>26\u00ba 15km F Nove Mesto 18-01-2020<br \/>29\u00ba 15km F Toblach 05-01-2021<br \/>18\u00ba 10km F Mst Val di Fiemme 10-01-2021<\/p><\/td><\/tr><\/tbody><\/table><\/td><\/tr><\/tbody><\/table><\/td><\/tr><\/tbody><\/table>\t\t\t\t\t<\/div>\n\t\t\t\t\t\t<\/div>\n\t\t\t\t<\/div>\n\t\t\t\t<div class=\"elementor-element elementor-element-1a1783c elementor-widget-divider--view-line elementor-widget elementor-widget-divider\" data-id=\"1a1783c\" data-element_type=\"widget\" data-widget_type=\"divider.default\">\n\t\t\t\t<div class=\"elementor-widget-container\">\n\t\t\t\t\t<div class=\"elementor-divider\">\n\t\t\t<span class=\"elementor-divider-separator\">\n\t\t\t\t\t\t<\/span>\n\t\t<\/div>\n\t\t\t\t<\/div>\n\t\t\t\t<\/div>\n\t\t\t\t<div class=\"elementor-element elementor-element-3390536 elementor-align-center elementor-widget elementor-widget-button\" data-id=\"3390536\" data-element_type=\"widget\" data-widget_type=\"button.default\">\n\t\t\t\t<div class=\"elementor-widget-container\">\n\t\t\t\t\t<div class=\"elementor-button-wrapper\">\n\t\t\t<a href=\"https:\/\/nkef.eus\/wp-content\/uploads\/2021\/02\/VID_37080702_155732_499.mp4\" class=\"elementor-button-link elementor-button elementor-size-sm\" role=\"button\">\n\t\t\t\t\t\t<span class=\"elementor-button-content-wrapper\">\n\t\t\t\t\t\t<span class=\"elementor-button-text\">VIDEO IMANOL ROJO\/ NKEF<\/span>\n\t\t<\/span>\n\t\t\t\t\t<\/a>\n\t\t<\/div>\n\t\t\t\t<\/div>\n\t\t\t\t<\/div>\n\t\t\t\t\t\t<\/div>\n\t\t\t\t\t<\/div>\n\t\t<\/div>\n\t\t\t\t\t\t\t\t<\/div>\n\t\t\t\t\t<\/div>\n\t\t<\/section>\n\t\t\t\t\t\t\t\t\t<\/div>\n\t\t\t<\/div>\n\t\t\t\t\t<\/div>","protected":false},"excerpt":{"rendered":"<p>IMANOL ROJO LOGRA EL PUESTO 19 EN EL MUNDIAL DE OBERSTDORF (GER) SKIATHLON 15\/15 KM (C-F) \u00a0Imanol Rojo est\u00e1 haciendo historia en el esqu\u00ed de fondo de nuestro pa\u00eds. El esquiador tolosarra parece no tener l\u00edmite esta temporada, ya que est\u00e1 superando todas marcas y todas las expectativas. Hoy ha entrado en el top 20 [&hellip;]<\/p>","protected":false},"author":3,"featured_media":3262,"comment_status":"closed","ping_status":"closed","sticky":false,"template":"elementor_header_footer","format":"standard","meta":[],"categories":[9,15],"tags":[],"_links":{"self":[{"href":"https:\/\/nkef.eus\/eu\/index.php\/wp-json\/wp\/v2\/posts\/3261"}],"collection":[{"href":"https:\/\/nkef.eus\/eu\/index.php\/wp-json\/wp\/v2\/posts"}],"about":[{"href":"https:\/\/nkef.eus\/eu\/index.php\/wp-json\/wp\/v2\/types\/post"}],"author":[{"embeddable":true,"href":"https:\/\/nkef.eus\/eu\/index.php\/wp-json\/wp\/v2\/users\/3"}],"replies":[{"embeddable":true,"href":"https:\/\/nkef.eus\/eu\/index.php\/wp-json\/wp\/v2\/comments?post=3261"}],"version-history":[{"count":4,"href":"https:\/\/nkef.eus\/eu\/index.php\/wp-json\/wp\/v2\/posts\/3261\/revisions"}],"predecessor-version":[{"id":3267,"href":"https:\/\/nkef.eus\/eu\/index.php\/wp-json\/wp\/v2\/posts\/3261\/revisions\/3267"}],"wp:featuredmedia":[{"embeddable":true,"href":"https:\/\/nkef.eus\/eu\/index.php\/wp-json\/wp\/v2\/media\/3262"}],"wp:attachment":[{"href":"https:\/\/nkef.eus\/eu\/index.php\/wp-json\/wp\/v2\/media?parent=3261"}],"wp:term":[{"taxonomy":"category","embeddable":true,"href":"https:\/\/nkef.eus\/eu\/index.php\/wp-json\/wp\/v2\/categories?post=3261"},{"taxonomy":"post_tag","embeddable":true,"href":"https:\/\/nkef.eus\/eu\/index.php\/wp-json\/wp\/v2\/tags?post=3261"}],"curies":[{"name":"wp","href":"https:\/\/api.w.org\/{rel}","templated":true}]}}