{"id":3253,"date":"2021-02-27T17:24:46","date_gmt":"2021-02-27T17:24:46","guid":{"rendered":"https:\/\/nkef.eus\/?p=3253"},"modified":"2021-02-27T17:29:13","modified_gmt":"2021-02-27T17:29:13","slug":"plata-y-primer-podio-de-alvaro-romero-en-copa-de-europa-snowboard-sbx","status":"publish","type":"post","link":"https:\/\/nkef.eus\/eu\/index.php\/2021\/02\/27\/plata-y-primer-podio-de-alvaro-romero-en-copa-de-europa-snowboard-sbx\/","title":{"rendered":"PLATA Y PRIMER PODIO DE \u00c1LVARO ROMERO EN COPA DE EUROPA SNOWBOARD SBX"},"content":{"rendered":"<div data-elementor-type=\"wp-post\" data-elementor-id=\"3253\" class=\"elementor elementor-3253\">\n\t\t\t\t\t\t<div class=\"elementor-inner\">\n\t\t\t\t<div class=\"elementor-section-wrap\">\n\t\t\t\t\t\t\t\t\t<section class=\"elementor-section elementor-top-section elementor-element elementor-element-e8e6d26 elementor-section-content-middle elementor-section-boxed elementor-section-height-default elementor-section-height-default\" data-id=\"e8e6d26\" data-element_type=\"section\">\n\t\t\t\t\t\t<div class=\"elementor-container elementor-column-gap-no\">\n\t\t\t\t\t\t\t<div class=\"elementor-row\">\n\t\t\t\t\t<div class=\"elementor-column elementor-col-100 elementor-top-column elementor-element elementor-element-4caf2e60\" data-id=\"4caf2e60\" data-element_type=\"column\">\n\t\t\t<div class=\"elementor-column-wrap elementor-element-populated\">\n\t\t\t\t\t\t\t<div class=\"elementor-widget-wrap\">\n\t\t\t\t\t\t<div class=\"elementor-element elementor-element-cb72015 elementor-widget elementor-widget-heading\" data-id=\"cb72015\" data-element_type=\"widget\" data-widget_type=\"heading.default\">\n\t\t\t\t<div class=\"elementor-widget-container\">\n\t\t\t<h4 class=\"elementor-heading-title elementor-size-default\">PLATA Y PRIMER PODIO DE \u00c1LVARO ROMERO EN COPA DE EUROPA SNOWBOARD SBX<\/h4>\t\t<\/div>\n\t\t\t\t<\/div>\n\t\t\t\t<div class=\"elementor-element elementor-element-a30ce2c elementor-widget elementor-widget-image\" data-id=\"a30ce2c\" data-element_type=\"widget\" data-widget_type=\"image.default\">\n\t\t\t\t<div class=\"elementor-widget-container\">\n\t\t\t\t\t\t\t\t<div class=\"elementor-image\">\n\t\t\t\t\t\t\t\t\t<figure class=\"wp-caption\">\n\t\t\t\t\t\t\t\t\t\t<img width=\"580\" height=\"580\" src=\"https:\/\/nkef.eus\/wp-content\/uploads\/2021\/02\/22.jpg\" class=\"attachment-large size-large\" alt=\"\" loading=\"lazy\" srcset=\"https:\/\/nkef.eus\/wp-content\/uploads\/2021\/02\/22.jpg 600w, https:\/\/nkef.eus\/wp-content\/uploads\/2021\/02\/22-300x300.jpg 300w, https:\/\/nkef.eus\/wp-content\/uploads\/2021\/02\/22-150x150.jpg 150w, https:\/\/nkef.eus\/wp-content\/uploads\/2021\/02\/22-12x12.jpg 12w\" sizes=\"(max-width: 580px) 100vw, 580px\" \/>\t\t\t\t\t\t\t\t\t\t\t<figcaption class=\"widget-image-caption wp-caption-text\">Noticia Basque Team<\/figcaption>\n\t\t\t\t\t\t\t\t\t\t<\/figure>\n\t\t\t\t\t\t\t\t<\/div>\n\t\t\t\t\t\t<\/div>\n\t\t\t\t<\/div>\n\t\t\t\t<div class=\"elementor-element elementor-element-0a5e25e elementor-widget-divider--view-line elementor-widget elementor-widget-divider\" data-id=\"0a5e25e\" data-element_type=\"widget\" data-widget_type=\"divider.default\">\n\t\t\t\t<div class=\"elementor-widget-container\">\n\t\t\t\t\t<div class=\"elementor-divider\">\n\t\t\t<span class=\"elementor-divider-separator\">\n\t\t\t\t\t\t<\/span>\n\t\t<\/div>\n\t\t\t\t<\/div>\n\t\t\t\t<\/div>\n\t\t\t\t<div class=\"elementor-element elementor-element-f77f9a6 elementor-widget elementor-widget-text-editor\" data-id=\"f77f9a6\" data-element_type=\"widget\" data-widget_type=\"text-editor.default\">\n\t\t\t\t<div class=\"elementor-widget-container\">\n\t\t\t\t\t\t\t\t<div class=\"elementor-text-editor elementor-clearfix\">\n\t\t\t\t<table width=\"100%\"><tbody><tr><td><table width=\"100%\"><tbody><tr><td width=\"600\"><table width=\"100%\"><tbody><tr><td><p>\u00c1lvaro Romero, integrante del proyecto de excelencia puesto en marcha por la Fundaci\u00f3n Basque Team y la Fdereaci\u00f3n Vasca de Deportes de Invierno, cuyo objetivo es impulsar la carrera y ayudar en la mejora del rendimiento de deportistas con opciones en futuras citas ol\u00edmpicas y paral\u00edmpicas, ha firmado su primer podio dentro de la Copa de Europa al terminar segundo en la carrera disputada hoy en Reiteralm (Austria).<\/p><p>El rider guipuzcoano, est\u00e1 completando una temporada incre\u00edble. En enero de este a\u00f1o, consigui\u00f3 su primera victoria en una carrera FIS, tambi\u00e9n en Reiteralm, y este mes ha sido uno de los elegidos para debutar en unos Mundiales de categor\u00eda absoluta en Idre F\u00e4jll.<\/p><p>En la clasificatoria de hoy ha marcado el mejor cuarto tiempo para meterse entre los 32 deportistas que han competido despu\u00e9s en la prueba. En la serie de octavos de final ha sido el mejor, imponi\u00e9ndose al canadiense Bell, al austriaco Powondra y al checo Zerava. Ha ocurrido lo mismo en cuartos de final, superando a los snowboarders de Canad\u00e1 Mason y Bell y al austriaco Kroh. En su semifinal solo ha sido superado por el estadounidense Perle, con quien ha pasado a la gran final. Ambos han dejado atr\u00e1s al suizo Bitschnau y al canadiense Mason. Ya en la gran final el mencionado Michael Perle se ha quedado con el metal m\u00e1s preciado, \u00c1lvaro Romero ha terminado en segunda posici\u00f3n, el italiano Matteo Menconi ha sido tercero y el franc\u00e9s Guillaume Herpin cuarto.<\/p><p>El podio de hoy supone otro logro m\u00e1s en la prometedora trayectoria de \u00c1lvaro Romero. El donostiarra, llamado a ser el sucesor de Lucas Eguibar, venci\u00f3 en la carrera junior de Isola (Francia) en 2019 y fue tercero en la edici\u00f3n de 2020. Adem\u00e1s obtuvo la medalla de bronce en los Juegos ol\u00edmpico de la \u00a0Juventud disputados en Suiza en 2020.<\/p><\/td><\/tr><\/tbody><\/table><\/td><\/tr><\/tbody><\/table><\/td><\/tr><\/tbody><\/table>\t\t\t\t\t<\/div>\n\t\t\t\t\t\t<\/div>\n\t\t\t\t<\/div>\n\t\t\t\t<div class=\"elementor-element elementor-element-561ae473 elementor-widget elementor-widget-text-editor\" data-id=\"561ae473\" data-element_type=\"widget\" data-widget_type=\"text-editor.default\">\n\t\t\t\t<div class=\"elementor-widget-container\">\n\t\t\t\t\t\t\t\t<div class=\"elementor-text-editor elementor-clearfix\">\n\t\t\t\t\t\t\t\t\t<\/div>\n\t\t\t\t\t\t<\/div>\n\t\t\t\t<\/div>\n\t\t\t\t\t\t<\/div>\n\t\t\t\t\t<\/div>\n\t\t<\/div>\n\t\t\t\t\t\t\t\t<\/div>\n\t\t\t\t\t<\/div>\n\t\t<\/section>\n\t\t\t\t\t\t\t\t\t<\/div>\n\t\t\t<\/div>\n\t\t\t\t\t<\/div>","protected":false},"excerpt":{"rendered":"<p>PLATA Y PRIMER PODIO DE \u00c1LVARO ROMERO EN COPA DE EUROPA SNOWBOARD SBX Noticia Basque Team \u00c1lvaro Romero, integrante del proyecto de excelencia puesto en marcha por la Fundaci\u00f3n Basque Team y la Fdereaci\u00f3n Vasca de Deportes de Invierno, cuyo objetivo es impulsar la carrera y ayudar en la mejora del rendimiento de deportistas con [&hellip;]<\/p>","protected":false},"author":3,"featured_media":3251,"comment_status":"closed","ping_status":"closed","sticky":false,"template":"elementor_header_footer","format":"standard","meta":[],"categories":[15,19],"tags":[],"_links":{"self":[{"href":"https:\/\/nkef.eus\/eu\/index.php\/wp-json\/wp\/v2\/posts\/3253"}],"collection":[{"href":"https:\/\/nkef.eus\/eu\/index.php\/wp-json\/wp\/v2\/posts"}],"about":[{"href":"https:\/\/nkef.eus\/eu\/index.php\/wp-json\/wp\/v2\/types\/post"}],"author":[{"embeddable":true,"href":"https:\/\/nkef.eus\/eu\/index.php\/wp-json\/wp\/v2\/users\/3"}],"replies":[{"embeddable":true,"href":"https:\/\/nkef.eus\/eu\/index.php\/wp-json\/wp\/v2\/comments?post=3253"}],"version-history":[{"count":7,"href":"https:\/\/nkef.eus\/eu\/index.php\/wp-json\/wp\/v2\/posts\/3253\/revisions"}],"predecessor-version":[{"id":3260,"href":"https:\/\/nkef.eus\/eu\/index.php\/wp-json\/wp\/v2\/posts\/3253\/revisions\/3260"}],"wp:featuredmedia":[{"embeddable":true,"href":"https:\/\/nkef.eus\/eu\/index.php\/wp-json\/wp\/v2\/media\/3251"}],"wp:attachment":[{"href":"https:\/\/nkef.eus\/eu\/index.php\/wp-json\/wp\/v2\/media?parent=3253"}],"wp:term":[{"taxonomy":"category","embeddable":true,"href":"https:\/\/nkef.eus\/eu\/index.php\/wp-json\/wp\/v2\/categories?post=3253"},{"taxonomy":"post_tag","embeddable":true,"href":"https:\/\/nkef.eus\/eu\/index.php\/wp-json\/wp\/v2\/tags?post=3253"}],"curies":[{"name":"wp","href":"https:\/\/api.w.org\/{rel}","templated":true}]}}