{"id":3029,"date":"2021-02-11T17:35:17","date_gmt":"2021-02-11T17:35:17","guid":{"rendered":"https:\/\/nkef.eus\/?p=3029"},"modified":"2021-02-11T17:38:44","modified_gmt":"2021-02-11T17:38:44","slug":"lucas-eguibar-se-proclama-campeon-del-mundo-en-idre-fjall-swe","status":"publish","type":"post","link":"https:\/\/nkef.eus\/eu\/index.php\/2021\/02\/11\/lucas-eguibar-se-proclama-campeon-del-mundo-en-idre-fjall-swe\/","title":{"rendered":"LUCAS EGUIBAR SE PROCLAMA CAMPE\u00d3N DEL MUNDO EN IDRE FJ\u00c4LL (SWE)"},"content":{"rendered":"<div data-elementor-type=\"wp-post\" data-elementor-id=\"3029\" class=\"elementor elementor-3029\">\n\t\t\t\t\t\t<div class=\"elementor-inner\">\n\t\t\t\t<div class=\"elementor-section-wrap\">\n\t\t\t\t\t\t\t\t\t<section class=\"elementor-section elementor-top-section elementor-element elementor-element-478c36af elementor-section-content-middle elementor-section-boxed elementor-section-height-default elementor-section-height-default\" data-id=\"478c36af\" data-element_type=\"section\">\n\t\t\t\t\t\t<div class=\"elementor-container elementor-column-gap-no\">\n\t\t\t\t\t\t\t<div class=\"elementor-row\">\n\t\t\t\t\t<div class=\"elementor-column elementor-col-100 elementor-top-column elementor-element elementor-element-259c4d83\" data-id=\"259c4d83\" data-element_type=\"column\">\n\t\t\t<div class=\"elementor-column-wrap elementor-element-populated\">\n\t\t\t\t\t\t\t<div class=\"elementor-widget-wrap\">\n\t\t\t\t\t\t<div class=\"elementor-element elementor-element-2576f6d3 elementor-widget elementor-widget-heading\" data-id=\"2576f6d3\" data-element_type=\"widget\" data-widget_type=\"heading.default\">\n\t\t\t\t<div class=\"elementor-widget-container\">\n\t\t\t<h4 class=\"elementor-heading-title elementor-size-default\">LUCAS EGUIBAR SE PROCLAMA CAMPE\u00d3N DEL MUNDO EN IDRE FJ\u00c4LL (SWE)<\/h4>\t\t<\/div>\n\t\t\t\t<\/div>\n\t\t\t\t<div class=\"elementor-element elementor-element-636d3d0 elementor-widget elementor-widget-image\" data-id=\"636d3d0\" data-element_type=\"widget\" data-widget_type=\"image.default\">\n\t\t\t\t<div class=\"elementor-widget-container\">\n\t\t\t\t\t\t\t\t<div class=\"elementor-image\">\n\t\t\t\t\t\t\t\t\t\t\t\t<img width=\"580\" height=\"328\" src=\"https:\/\/nkef.eus\/wp-content\/uploads\/2021\/02\/1-1024x579.png\" class=\"attachment-large size-large\" alt=\"\" loading=\"lazy\" srcset=\"https:\/\/nkef.eus\/wp-content\/uploads\/2021\/02\/1-1024x579.png 1024w, https:\/\/nkef.eus\/wp-content\/uploads\/2021\/02\/1-300x170.png 300w, https:\/\/nkef.eus\/wp-content\/uploads\/2021\/02\/1-768x434.png 768w, https:\/\/nkef.eus\/wp-content\/uploads\/2021\/02\/1-16x9.png 16w, https:\/\/nkef.eus\/wp-content\/uploads\/2021\/02\/1.png 1080w\" sizes=\"(max-width: 580px) 100vw, 580px\" \/>\t\t\t\t\t\t\t\t\t\t\t\t\t\t<\/div>\n\t\t\t\t\t\t<\/div>\n\t\t\t\t<\/div>\n\t\t\t\t<div class=\"elementor-element elementor-element-7f349a5 elementor-widget-divider--view-line elementor-widget elementor-widget-divider\" data-id=\"7f349a5\" data-element_type=\"widget\" data-widget_type=\"divider.default\">\n\t\t\t\t<div class=\"elementor-widget-container\">\n\t\t\t\t\t<div class=\"elementor-divider\">\n\t\t\t<span class=\"elementor-divider-separator\">\n\t\t\t\t\t\t<\/span>\n\t\t<\/div>\n\t\t\t\t<\/div>\n\t\t\t\t<\/div>\n\t\t\t\t<div class=\"elementor-element elementor-element-7120b9bb elementor-widget elementor-widget-text-editor\" data-id=\"7120b9bb\" data-element_type=\"widget\" data-widget_type=\"text-editor.default\">\n\t\t\t\t<div class=\"elementor-widget-container\">\n\t\t\t\t\t\t\t\t<div class=\"elementor-text-editor elementor-clearfix\">\n\t\t\t\t<p style=\"text-align: center;\">Ya lo avis\u00f3 el d\u00eda de la clasificatoria, el d\u00eda en el que cumpli\u00f3 27 a\u00f1os. Marc\u00f3 el tercer mejor registro quedando a 32 cent\u00e9simas del mejor tiempo de la clasificaci\u00f3n, tiempo que marc\u00f3 el austriaco\u00a0Alessandro H\u00e4mmerle, ganador de las \u00faltimas dos ediciones de la Copa del Mundo de la disciplina.\u00a0<br \/>\u00a0<br \/>Eso fue tan solo un aviso de lo que dejaba para hoy, el d\u00eda de la gran final. El donostiarra ha avanzando rondas con una solidez pasmosa. Ha sido primero en la ronda de octavos de final, tambi\u00e9n en la de cuartos de final, y segundo en semifinales y se ha proclamado\u00a0campe\u00f3n del Mundo este jueves tras vencer en una ag\u00f3nica final del\u00a0Mundial de snowboardcross\u00a0de Idre Fj\u00e4ll, en Suecia.\u00a0Ha firmado una espectacular remontada.\u00a0Tras la salida, ha realizado los primeros metros en segunda posici\u00f3n. En la mitad de la prueba el guipuzcoano era tercero pero no ha desistido en su intento de lograr uno de los objetivos de la temporada. El donostiarra ha logrado una victoria in extremis por delante del favorito Alessandro Haemmerle<strong>. <\/strong>El canadiense Grondin Eliot ha sido tercero.<br \/>\u00a0<br \/>Pese a la caida que sufri\u00f3 en la Copa del Mundo de Chiesa in Valmalenco, Lucas ha llegado al Mundial en un excelente estado de forma, dispuesto a todo, y as\u00ed ha conseguido subir a lo m\u00e1s alto del podio.<br \/>\u00a0<br \/>Es la segunda vez que Lucas se cuelga una medalla en un campeonato del Mundo. Ya compiti\u00f3 en los Mun\u00e7diales\u00a0 de La Molina\u201911, Stoneham\u201913, Kreischberg\u201915, Sierra Nevada \u201917 y Park City \u201919. En Sierra Nevada, hace cuatro a\u00f1os, se adjudic\u00f3 la medalla de plata en competici\u00f3n individual y tambi\u00e9n por equipos y en el \u00faltimo Mundial, el estadounidense, firm\u00f3 el cuarto puesto.<br \/>\u00a0<br \/>\u201cHe visto que los que iban detr\u00e1s iban muy r\u00e1pido, y he pensado en eso, ir tranquilo y esperar al final. No tengo palabras, no s\u00e9 qu\u00e9 decir, estoy so\u00f1ando\u201d ha dicho al finalizar la prueba.<br \/>\u00a0<br \/>Adem\u00e1s del Mundial, el otro gran objetivo de la temporada es el Globo de Cristal; sin perder de vista en ning\u00fan momento los Juegos de Invierno que se disputar\u00e1n en Beijing en 2022. En los JJOO de Sochi 2014 Lucas obtuvo un diploma ol\u00edmpico y tambi\u00e9n compiti\u00f3 en PyeongChang 2018. El donostiarra ha estado 12 veces en el podio de una Copa del Mundo, venciendo en cuatro ocasiones, siendo la \u00faltima de ellas en casa, Sierra Nevada, el pasado 7 de marzo de 2020<\/p><p style=\"text-align: center;\">\u00a0<\/p><p>\u00a0<\/p>\t\t\t\t\t<\/div>\n\t\t\t\t\t\t<\/div>\n\t\t\t\t<\/div>\n\t\t\t\t\t\t<\/div>\n\t\t\t\t\t<\/div>\n\t\t<\/div>\n\t\t\t\t\t\t\t\t<\/div>\n\t\t\t\t\t<\/div>\n\t\t<\/section>\n\t\t\t\t\t\t\t\t\t<\/div>\n\t\t\t<\/div>\n\t\t\t\t\t<\/div>","protected":false},"excerpt":{"rendered":"<p>LUCAS EGUIBAR SE PROCLAMA CAMPE\u00d3N DEL MUNDO EN IDRE FJ\u00c4LL (SWE) Ya lo avis\u00f3 el d\u00eda de la clasificatoria, el d\u00eda en el que cumpli\u00f3 27 a\u00f1os. Marc\u00f3 el tercer mejor registro quedando a 32 cent\u00e9simas del mejor tiempo de la clasificaci\u00f3n, tiempo que marc\u00f3 el austriaco\u00a0Alessandro H\u00e4mmerle, ganador de las \u00faltimas dos ediciones de [&hellip;]<\/p>","protected":false},"author":3,"featured_media":3028,"comment_status":"closed","ping_status":"closed","sticky":false,"template":"elementor_header_footer","format":"standard","meta":[],"categories":[15,19],"tags":[],"_links":{"self":[{"href":"https:\/\/nkef.eus\/eu\/index.php\/wp-json\/wp\/v2\/posts\/3029"}],"collection":[{"href":"https:\/\/nkef.eus\/eu\/index.php\/wp-json\/wp\/v2\/posts"}],"about":[{"href":"https:\/\/nkef.eus\/eu\/index.php\/wp-json\/wp\/v2\/types\/post"}],"author":[{"embeddable":true,"href":"https:\/\/nkef.eus\/eu\/index.php\/wp-json\/wp\/v2\/users\/3"}],"replies":[{"embeddable":true,"href":"https:\/\/nkef.eus\/eu\/index.php\/wp-json\/wp\/v2\/comments?post=3029"}],"version-history":[{"count":4,"href":"https:\/\/nkef.eus\/eu\/index.php\/wp-json\/wp\/v2\/posts\/3029\/revisions"}],"predecessor-version":[{"id":3033,"href":"https:\/\/nkef.eus\/eu\/index.php\/wp-json\/wp\/v2\/posts\/3029\/revisions\/3033"}],"wp:featuredmedia":[{"embeddable":true,"href":"https:\/\/nkef.eus\/eu\/index.php\/wp-json\/wp\/v2\/media\/3028"}],"wp:attachment":[{"href":"https:\/\/nkef.eus\/eu\/index.php\/wp-json\/wp\/v2\/media?parent=3029"}],"wp:term":[{"taxonomy":"category","embeddable":true,"href":"https:\/\/nkef.eus\/eu\/index.php\/wp-json\/wp\/v2\/categories?post=3029"},{"taxonomy":"post_tag","embeddable":true,"href":"https:\/\/nkef.eus\/eu\/index.php\/wp-json\/wp\/v2\/tags?post=3029"}],"curies":[{"name":"wp","href":"https:\/\/api.w.org\/{rel}","templated":true}]}}