{"id":3011,"date":"2021-02-10T12:40:34","date_gmt":"2021-02-10T12:40:34","guid":{"rendered":"https:\/\/nkef.eus\/?p=3011"},"modified":"2021-02-10T13:23:27","modified_gmt":"2021-02-10T13:23:27","slug":"el-circuito-de-tecnificacion-rfedh-y-javier-fernandez-llega-a-vitoria-y-san-sebastian","status":"publish","type":"post","link":"https:\/\/nkef.eus\/eu\/index.php\/2021\/02\/10\/el-circuito-de-tecnificacion-rfedh-y-javier-fernandez-llega-a-vitoria-y-san-sebastian\/","title":{"rendered":"EL CIRCUITO DE TECNIFICACI\u00d3N RFEDH Y JAVIER FERN\u00c1NDEZ LLEGA A VITORIA Y SAN SEBASTI\u00c1N"},"content":{"rendered":"<div data-elementor-type=\"wp-post\" data-elementor-id=\"3011\" class=\"elementor elementor-3011\">\n\t\t\t\t\t\t<div class=\"elementor-inner\">\n\t\t\t\t<div class=\"elementor-section-wrap\">\n\t\t\t\t\t\t\t\t\t<section class=\"elementor-section elementor-top-section elementor-element elementor-element-28abd2a2 elementor-section-content-middle elementor-section-boxed elementor-section-height-default elementor-section-height-default\" data-id=\"28abd2a2\" data-element_type=\"section\">\n\t\t\t\t\t\t<div class=\"elementor-container elementor-column-gap-no\">\n\t\t\t\t\t\t\t<div class=\"elementor-row\">\n\t\t\t\t\t<div class=\"elementor-column elementor-col-100 elementor-top-column elementor-element elementor-element-3b1232ce\" data-id=\"3b1232ce\" data-element_type=\"column\">\n\t\t\t<div class=\"elementor-column-wrap elementor-element-populated\">\n\t\t\t\t\t\t\t<div class=\"elementor-widget-wrap\">\n\t\t\t\t\t\t<div class=\"elementor-element elementor-element-f82db49 elementor-widget elementor-widget-heading\" data-id=\"f82db49\" data-element_type=\"widget\" data-widget_type=\"heading.default\">\n\t\t\t\t<div class=\"elementor-widget-container\">\n\t\t\t<h4 class=\"elementor-heading-title elementor-size-default\">EL CIRCUITO DE TECNIFICACI\u00d3N RFEDH Y JAVIER FERN\u00c1NDEZ LLEGA A VITORIA Y SAN SEBASTI\u00c1N<\/h4>\t\t<\/div>\n\t\t\t\t<\/div>\n\t\t\t\t<div class=\"elementor-element elementor-element-4ed37bf elementor-widget elementor-widget-image\" data-id=\"4ed37bf\" data-element_type=\"widget\" data-widget_type=\"image.default\">\n\t\t\t\t<div class=\"elementor-widget-container\">\n\t\t\t\t\t\t\t\t<div class=\"elementor-image\">\n\t\t\t\t\t\t\t\t\t\t\t\t<img width=\"580\" height=\"580\" src=\"https:\/\/nkef.eus\/wp-content\/uploads\/2021\/02\/cartel-final-patinaje-1024x1024.png\" class=\"attachment-large size-large\" alt=\"\" loading=\"lazy\" srcset=\"https:\/\/nkef.eus\/wp-content\/uploads\/2021\/02\/cartel-final-patinaje-1024x1024.png 1024w, https:\/\/nkef.eus\/wp-content\/uploads\/2021\/02\/cartel-final-patinaje-300x300.png 300w, https:\/\/nkef.eus\/wp-content\/uploads\/2021\/02\/cartel-final-patinaje-150x150.png 150w, https:\/\/nkef.eus\/wp-content\/uploads\/2021\/02\/cartel-final-patinaje-768x768.png 768w, https:\/\/nkef.eus\/wp-content\/uploads\/2021\/02\/cartel-final-patinaje-12x12.png 12w, https:\/\/nkef.eus\/wp-content\/uploads\/2021\/02\/cartel-final-patinaje.png 1080w\" sizes=\"(max-width: 580px) 100vw, 580px\" \/>\t\t\t\t\t\t\t\t\t\t\t\t\t\t<\/div>\n\t\t\t\t\t\t<\/div>\n\t\t\t\t<\/div>\n\t\t\t\t<div class=\"elementor-element elementor-element-115ef38 elementor-widget-divider--view-line elementor-widget elementor-widget-divider\" data-id=\"115ef38\" data-element_type=\"widget\" data-widget_type=\"divider.default\">\n\t\t\t\t<div class=\"elementor-widget-container\">\n\t\t\t\t\t<div class=\"elementor-divider\">\n\t\t\t<span class=\"elementor-divider-separator\">\n\t\t\t\t\t\t<\/span>\n\t\t<\/div>\n\t\t\t\t<\/div>\n\t\t\t\t<\/div>\n\t\t\t\t<div class=\"elementor-element elementor-element-4a81498 elementor-widget elementor-widget-text-editor\" data-id=\"4a81498\" data-element_type=\"widget\" data-widget_type=\"text-editor.default\">\n\t\t\t\t<div class=\"elementor-widget-container\">\n\t\t\t\t\t\t\t\t<div class=\"elementor-text-editor elementor-clearfix\">\n\t\t\t\t<p style=\"text-align: center;\">La Real Federaci\u00f3n Espa\u00f1ola de Deportes de Hielo (RFEDH) y la recientemente creada JF Academy,\u00a0 conjuntamente trabajando con el apoyo de las federaciones auton\u00f3micas y el Consejo Superior de Deportes con el objetivo de potenciar el patinaje de base a creado un circuito de tecnificaci\u00f3n cuyo pistoletazo de salida se inici\u00f3 el 6 de Diciembre en el Palacio de hielo de Madrid y que llegara a la pista de hielo BAKH (Vitoria) el pr\u00f3ximo d\u00eda 13 de Febrero y al Palacio de hielo Txuri Urdin (San Sebasti\u00e1n) el d\u00eda 14 gracias a la colaboraci\u00f3n de la Federaci\u00f3n Vasca de Deportes de Invierno (NKEF).<\/p><p style=\"text-align: center;\"><span style=\"text-decoration: underline;\"><span style=\"color: #000000; text-decoration: underline;\">Los Horarios ser\u00e1n los siguientes:<\/span><\/span><\/p><p style=\"text-align: center;\">D\u00eda 13 de Febrero (Vitoria) Pista de Hielo BAKH\u00a0<\/p><p style=\"text-align: center;\">Tecnificaci\u00f3n RFEDH\u00a0 de 10:00 &#8211; 12:00\u00a0<\/p><p style=\"text-align: center;\">JF Academy 12:15 &#8211; 14:15<\/p><p style=\"text-align: center;\">Patinaje inclusivo 14:15 &#8211; 15:00<\/p><p style=\"text-align: center;\"><span style=\"color: #000000;\">Dia 14 (San Sebasti\u00e1n) Palacio de Hielo Txuri Urdin<\/span><\/p><p style=\"text-align: center;\">Tecnificaci\u00f3n RFEDH 13:15 &#8211; 15:15<\/p><p style=\"text-align: center;\">JF Academy 15:30 &#8211; 17:30<\/p>\t\t\t\t\t<\/div>\n\t\t\t\t\t\t<\/div>\n\t\t\t\t<\/div>\n\t\t\t\t<div class=\"elementor-element elementor-element-93c716f elementor-widget-divider--view-line elementor-widget elementor-widget-divider\" data-id=\"93c716f\" data-element_type=\"widget\" data-widget_type=\"divider.default\">\n\t\t\t\t<div class=\"elementor-widget-container\">\n\t\t\t\t\t<div class=\"elementor-divider\">\n\t\t\t<span class=\"elementor-divider-separator\">\n\t\t\t\t\t\t<\/span>\n\t\t<\/div>\n\t\t\t\t<\/div>\n\t\t\t\t<\/div>\n\t\t\t\t\t\t<\/div>\n\t\t\t\t\t<\/div>\n\t\t<\/div>\n\t\t\t\t\t\t\t\t<\/div>\n\t\t\t\t\t<\/div>\n\t\t<\/section>\n\t\t\t\t\t\t\t\t\t<\/div>\n\t\t\t<\/div>\n\t\t\t\t\t<\/div>","protected":false},"excerpt":{"rendered":"<p>EL CIRCUITO DE TECNIFICACI\u00d3N RFEDH Y JAVIER FERN\u00c1NDEZ LLEGA A VITORIA Y SAN SEBASTI\u00c1N La Real Federaci\u00f3n Espa\u00f1ola de Deportes de Hielo (RFEDH) y la recientemente creada JF Academy,\u00a0 conjuntamente trabajando con el apoyo de las federaciones auton\u00f3micas y el Consejo Superior de Deportes con el objetivo de potenciar el patinaje de base a creado [&hellip;]<\/p>","protected":false},"author":3,"featured_media":3012,"comment_status":"closed","ping_status":"closed","sticky":false,"template":"elementor_header_footer","format":"standard","meta":[],"categories":[15,16],"tags":[],"_links":{"self":[{"href":"https:\/\/nkef.eus\/eu\/index.php\/wp-json\/wp\/v2\/posts\/3011"}],"collection":[{"href":"https:\/\/nkef.eus\/eu\/index.php\/wp-json\/wp\/v2\/posts"}],"about":[{"href":"https:\/\/nkef.eus\/eu\/index.php\/wp-json\/wp\/v2\/types\/post"}],"author":[{"embeddable":true,"href":"https:\/\/nkef.eus\/eu\/index.php\/wp-json\/wp\/v2\/users\/3"}],"replies":[{"embeddable":true,"href":"https:\/\/nkef.eus\/eu\/index.php\/wp-json\/wp\/v2\/comments?post=3011"}],"version-history":[{"count":15,"href":"https:\/\/nkef.eus\/eu\/index.php\/wp-json\/wp\/v2\/posts\/3011\/revisions"}],"predecessor-version":[{"id":3027,"href":"https:\/\/nkef.eus\/eu\/index.php\/wp-json\/wp\/v2\/posts\/3011\/revisions\/3027"}],"wp:featuredmedia":[{"embeddable":true,"href":"https:\/\/nkef.eus\/eu\/index.php\/wp-json\/wp\/v2\/media\/3012"}],"wp:attachment":[{"href":"https:\/\/nkef.eus\/eu\/index.php\/wp-json\/wp\/v2\/media?parent=3011"}],"wp:term":[{"taxonomy":"category","embeddable":true,"href":"https:\/\/nkef.eus\/eu\/index.php\/wp-json\/wp\/v2\/categories?post=3011"},{"taxonomy":"post_tag","embeddable":true,"href":"https:\/\/nkef.eus\/eu\/index.php\/wp-json\/wp\/v2\/tags?post=3011"}],"curies":[{"name":"wp","href":"https:\/\/api.w.org\/{rel}","templated":true}]}}