{"id":2982,"date":"2021-02-08T10:01:38","date_gmt":"2021-02-08T10:01:38","guid":{"rendered":"https:\/\/nkef.eus\/?p=2982"},"modified":"2021-02-08T10:06:57","modified_gmt":"2021-02-08T10:06:57","slug":"las-chicas-del-chh-txuri-urdin-vencen-al-cg-puigcerda-y-se-colocan-segundas-en-la-clasificacion-general","status":"publish","type":"post","link":"https:\/\/nkef.eus\/eu\/index.php\/2021\/02\/08\/las-chicas-del-chh-txuri-urdin-vencen-al-cg-puigcerda-y-se-colocan-segundas-en-la-clasificacion-general\/","title":{"rendered":"LAS CHICAS DEL CHH TXURI URDIN VENCEN AL CG PUIGCERDA Y SE COLOCAN SEGUNDAS EN LA CLASIFICACI\u00d3N GENERAL"},"content":{"rendered":"<div data-elementor-type=\"wp-post\" data-elementor-id=\"2982\" class=\"elementor elementor-2982\">\n\t\t\t\t\t\t<div class=\"elementor-inner\">\n\t\t\t\t<div class=\"elementor-section-wrap\">\n\t\t\t\t\t\t\t\t\t<section class=\"elementor-section elementor-top-section elementor-element elementor-element-7274e916 elementor-section-content-middle elementor-section-boxed elementor-section-height-default elementor-section-height-default\" data-id=\"7274e916\" data-element_type=\"section\">\n\t\t\t\t\t\t<div class=\"elementor-container elementor-column-gap-no\">\n\t\t\t\t\t\t\t<div class=\"elementor-row\">\n\t\t\t\t\t<div class=\"elementor-column elementor-col-100 elementor-top-column elementor-element elementor-element-3fecb9f0\" data-id=\"3fecb9f0\" data-element_type=\"column\">\n\t\t\t<div class=\"elementor-column-wrap elementor-element-populated\">\n\t\t\t\t\t\t\t<div class=\"elementor-widget-wrap\">\n\t\t\t\t\t\t<div class=\"elementor-element elementor-element-40d8b085 elementor-widget elementor-widget-heading\" data-id=\"40d8b085\" data-element_type=\"widget\" data-widget_type=\"heading.default\">\n\t\t\t\t<div class=\"elementor-widget-container\">\n\t\t\t<h4 class=\"elementor-heading-title elementor-size-default\">LAS CHICAS DEL CHH TXURI URDIN VENCEN AL CG PUIGCERDA Y SE COLOCAN SEGUNDAS EN LA CLASIFICACI\u00d3N GENERAL<\/h4>\t\t<\/div>\n\t\t\t\t<\/div>\n\t\t\t\t<div class=\"elementor-element elementor-element-532263b elementor-widget elementor-widget-image\" data-id=\"532263b\" data-element_type=\"widget\" data-widget_type=\"image.default\">\n\t\t\t\t<div class=\"elementor-widget-container\">\n\t\t\t\t\t\t\t\t<div class=\"elementor-image\">\n\t\t\t\t\t\t\t\t\t<figure class=\"wp-caption\">\n\t\t\t\t\t\t\t\t\t\t<img width=\"580\" height=\"386\" src=\"https:\/\/nkef.eus\/wp-content\/uploads\/2021\/02\/3-1024x682.jpg\" class=\"attachment-large size-large\" alt=\"\" loading=\"lazy\" srcset=\"https:\/\/nkef.eus\/wp-content\/uploads\/2021\/02\/3-1024x682.jpg 1024w, https:\/\/nkef.eus\/wp-content\/uploads\/2021\/02\/3-300x200.jpg 300w, https:\/\/nkef.eus\/wp-content\/uploads\/2021\/02\/3-768x512.jpg 768w, https:\/\/nkef.eus\/wp-content\/uploads\/2021\/02\/3-1536x1023.jpg 1536w, https:\/\/nkef.eus\/wp-content\/uploads\/2021\/02\/3-16x12.jpg 16w, https:\/\/nkef.eus\/wp-content\/uploads\/2021\/02\/3-1200x800.jpg 1200w, https:\/\/nkef.eus\/wp-content\/uploads\/2021\/02\/3.jpg 1600w\" sizes=\"(max-width: 580px) 100vw, 580px\" \/>\t\t\t\t\t\t\t\t\t\t\t<figcaption class=\"widget-image-caption wp-caption-text\">Foto: @yannhockeyphoto.        CG.PUIGCERDA - CHH TXURI URDIN - DOMINGO 7-02-21<\/figcaption>\n\t\t\t\t\t\t\t\t\t\t<\/figure>\n\t\t\t\t\t\t\t\t<\/div>\n\t\t\t\t\t\t<\/div>\n\t\t\t\t<\/div>\n\t\t\t\t<div class=\"elementor-element elementor-element-beb8d07 elementor-widget-divider--view-line elementor-widget elementor-widget-divider\" data-id=\"beb8d07\" data-element_type=\"widget\" data-widget_type=\"divider.default\">\n\t\t\t\t<div class=\"elementor-widget-container\">\n\t\t\t\t\t<div class=\"elementor-divider\">\n\t\t\t<span class=\"elementor-divider-separator\">\n\t\t\t\t\t\t<\/span>\n\t\t<\/div>\n\t\t\t\t<\/div>\n\t\t\t\t<\/div>\n\t\t\t\t<div class=\"elementor-element elementor-element-5f33deb elementor-widget elementor-widget-text-editor\" data-id=\"5f33deb\" data-element_type=\"widget\" data-widget_type=\"text-editor.default\">\n\t\t\t\t<div class=\"elementor-widget-container\">\n\t\t\t\t\t\t\t\t<div class=\"elementor-text-editor elementor-clearfix\">\n\t\t\t\t<div dir=\"auto\">Importante victoria la conseguida en el d\u00eda de ayer por las chicas del CHH Txuri Urdin ante CG Puigcerda por (0-4) con goles de Cecilia L\u00f3pez (3) e Irene Senac (1). Esta victoria unido a la retirada de la competici\u00f3n del Granada Grizzlies coloca a las donostiarras segundas en la clasificaci\u00f3n general adelantando al CG Puigcerda y con un partido menos disputado.<\/div><div dir=\"auto\">\u00a0<\/div>\t\t\t\t\t<\/div>\n\t\t\t\t\t\t<\/div>\n\t\t\t\t<\/div>\n\t\t\t\t<div class=\"elementor-element elementor-element-dc7ae48 elementor-widget-divider--view-line elementor-widget elementor-widget-divider\" data-id=\"dc7ae48\" data-element_type=\"widget\" data-widget_type=\"divider.default\">\n\t\t\t\t<div class=\"elementor-widget-container\">\n\t\t\t\t\t<div class=\"elementor-divider\">\n\t\t\t<span class=\"elementor-divider-separator\">\n\t\t\t\t\t\t<\/span>\n\t\t<\/div>\n\t\t\t\t<\/div>\n\t\t\t\t<\/div>\n\t\t\t\t<div class=\"elementor-element elementor-element-fdee713 elementor-widget elementor-widget-image-gallery\" data-id=\"fdee713\" data-element_type=\"widget\" data-widget_type=\"image-gallery.default\">\n\t\t\t\t<div class=\"elementor-widget-container\">\n\t\t\t\t\t<div class=\"elementor-image-gallery\">\n\t\t\t<div id='gallery-1' class='gallery galleryid-2982 gallery-columns-3 gallery-size-thumbnail'><figure class='gallery-item'>\n\t\t\t<div class='gallery-icon landscape'>\n\t\t\t\t<a data-elementor-open-lightbox=\"yes\" data-elementor-lightbox-slideshow=\"fdee713\" data-elementor-lightbox-title=\"4\" e-action-hash=\"#elementor-action%3Aaction%3Dlightbox%26settings%3DeyJpZCI6Mjk4NiwidXJsIjoiaHR0cHM6XC9cL25rZWYuZXVzXC93cC1jb250ZW50XC91cGxvYWRzXC8yMDIxXC8wMlwvNC5qcGciLCJzbGlkZXNob3ciOiJmZGVlNzEzIn0%3D\" href='https:\/\/nkef.eus\/wp-content\/uploads\/2021\/02\/4.jpg'><img width=\"150\" height=\"150\" src=\"https:\/\/nkef.eus\/wp-content\/uploads\/2021\/02\/4-150x150.jpg\" class=\"attachment-thumbnail size-thumbnail\" alt=\"\" loading=\"lazy\" \/><\/a>\n\t\t\t<\/div><\/figure><figure class='gallery-item'>\n\t\t\t<div class='gallery-icon landscape'>\n\t\t\t\t<a data-elementor-open-lightbox=\"yes\" data-elementor-lightbox-slideshow=\"fdee713\" data-elementor-lightbox-title=\"2\" e-action-hash=\"#elementor-action%3Aaction%3Dlightbox%26settings%3DeyJpZCI6Mjk4NCwidXJsIjoiaHR0cHM6XC9cL25rZWYuZXVzXC93cC1jb250ZW50XC91cGxvYWRzXC8yMDIxXC8wMlwvMi5qcGciLCJzbGlkZXNob3ciOiJmZGVlNzEzIn0%3D\" href='https:\/\/nkef.eus\/wp-content\/uploads\/2021\/02\/2.jpg'><img width=\"150\" height=\"150\" src=\"https:\/\/nkef.eus\/wp-content\/uploads\/2021\/02\/2-150x150.jpg\" class=\"attachment-thumbnail size-thumbnail\" alt=\"\" loading=\"lazy\" \/><\/a>\n\t\t\t<\/div><\/figure><figure class='gallery-item'>\n\t\t\t<div class='gallery-icon landscape'>\n\t\t\t\t<a data-elementor-open-lightbox=\"yes\" data-elementor-lightbox-slideshow=\"fdee713\" data-elementor-lightbox-title=\"1\" e-action-hash=\"#elementor-action%3Aaction%3Dlightbox%26settings%3DeyJpZCI6Mjk4MywidXJsIjoiaHR0cHM6XC9cL25rZWYuZXVzXC93cC1jb250ZW50XC91cGxvYWRzXC8yMDIxXC8wMlwvMS5qcGciLCJzbGlkZXNob3ciOiJmZGVlNzEzIn0%3D\" href='https:\/\/nkef.eus\/wp-content\/uploads\/2021\/02\/1.jpg'><img width=\"150\" height=\"150\" src=\"https:\/\/nkef.eus\/wp-content\/uploads\/2021\/02\/1-150x150.jpg\" class=\"attachment-thumbnail size-thumbnail\" alt=\"\" loading=\"lazy\" \/><\/a>\n\t\t\t<\/div><\/figure>\n\t\t<\/div>\n\t\t<\/div>\n\t\t\t\t<\/div>\n\t\t\t\t<\/div>\n\t\t\t\t\t\t<\/div>\n\t\t\t\t\t<\/div>\n\t\t<\/div>\n\t\t\t\t\t\t\t\t<\/div>\n\t\t\t\t\t<\/div>\n\t\t<\/section>\n\t\t\t\t\t\t\t\t\t<\/div>\n\t\t\t<\/div>\n\t\t\t\t\t<\/div>","protected":false},"excerpt":{"rendered":"<p>LAS CHICAS DEL CHH TXURI URDIN VENCEN AL CG PUIGCERDA Y SE COLOCAN SEGUNDAS EN LA CLASIFICACI\u00d3N GENERAL Foto: @yannhockeyphoto. CG.PUIGCERDA &#8211; CHH TXURI URDIN &#8211; DOMINGO 7-02-21 Importante victoria la conseguida en el d\u00eda de ayer por las chicas del CHH Txuri Urdin ante CG Puigcerda por (0-4) con goles de Cecilia L\u00f3pez (3) [&hellip;]<\/p>","protected":false},"author":3,"featured_media":2986,"comment_status":"closed","ping_status":"closed","sticky":false,"template":"elementor_header_footer","format":"standard","meta":[],"categories":[13,15],"tags":[],"_links":{"self":[{"href":"https:\/\/nkef.eus\/eu\/index.php\/wp-json\/wp\/v2\/posts\/2982"}],"collection":[{"href":"https:\/\/nkef.eus\/eu\/index.php\/wp-json\/wp\/v2\/posts"}],"about":[{"href":"https:\/\/nkef.eus\/eu\/index.php\/wp-json\/wp\/v2\/types\/post"}],"author":[{"embeddable":true,"href":"https:\/\/nkef.eus\/eu\/index.php\/wp-json\/wp\/v2\/users\/3"}],"replies":[{"embeddable":true,"href":"https:\/\/nkef.eus\/eu\/index.php\/wp-json\/wp\/v2\/comments?post=2982"}],"version-history":[{"count":4,"href":"https:\/\/nkef.eus\/eu\/index.php\/wp-json\/wp\/v2\/posts\/2982\/revisions"}],"predecessor-version":[{"id":2990,"href":"https:\/\/nkef.eus\/eu\/index.php\/wp-json\/wp\/v2\/posts\/2982\/revisions\/2990"}],"wp:featuredmedia":[{"embeddable":true,"href":"https:\/\/nkef.eus\/eu\/index.php\/wp-json\/wp\/v2\/media\/2986"}],"wp:attachment":[{"href":"https:\/\/nkef.eus\/eu\/index.php\/wp-json\/wp\/v2\/media?parent=2982"}],"wp:term":[{"taxonomy":"category","embeddable":true,"href":"https:\/\/nkef.eus\/eu\/index.php\/wp-json\/wp\/v2\/categories?post=2982"},{"taxonomy":"post_tag","embeddable":true,"href":"https:\/\/nkef.eus\/eu\/index.php\/wp-json\/wp\/v2\/tags?post=2982"}],"curies":[{"name":"wp","href":"https:\/\/api.w.org\/{rel}","templated":true}]}}