{"id":2975,"date":"2021-02-08T09:46:17","date_gmt":"2021-02-08T09:46:17","guid":{"rendered":"https:\/\/nkef.eus\/?p=2975"},"modified":"2021-02-08T09:55:14","modified_gmt":"2021-02-08T09:55:14","slug":"resultados-vi-trofeo-cesva-diego-leyun-azcoiti-astun-6-7-febrero-2021","status":"publish","type":"post","link":"https:\/\/nkef.eus\/eu\/index.php\/2021\/02\/08\/resultados-vi-trofeo-cesva-diego-leyun-azcoiti-astun-6-7-febrero-2021\/","title":{"rendered":"RESULTADOS VI TROFEO CESVA-DIEGO LEYUN AZCOITI (ASTUN 6-7 FEBRERO 2021)"},"content":{"rendered":"<div data-elementor-type=\"wp-post\" data-elementor-id=\"2975\" class=\"elementor elementor-2975\">\n\t\t\t\t\t\t<div class=\"elementor-inner\">\n\t\t\t\t<div class=\"elementor-section-wrap\">\n\t\t\t\t\t\t\t\t\t<section class=\"elementor-section elementor-top-section elementor-element elementor-element-e7a9c37 elementor-section-content-middle elementor-section-boxed elementor-section-height-default elementor-section-height-default\" data-id=\"e7a9c37\" data-element_type=\"section\">\n\t\t\t\t\t\t<div class=\"elementor-container elementor-column-gap-no\">\n\t\t\t\t\t\t\t<div class=\"elementor-row\">\n\t\t\t\t\t<div class=\"elementor-column elementor-col-100 elementor-top-column elementor-element elementor-element-6aae35b9\" data-id=\"6aae35b9\" data-element_type=\"column\">\n\t\t\t<div class=\"elementor-column-wrap elementor-element-populated\">\n\t\t\t\t\t\t\t<div class=\"elementor-widget-wrap\">\n\t\t\t\t\t\t<div class=\"elementor-element elementor-element-d4355cf elementor-widget elementor-widget-heading\" data-id=\"d4355cf\" data-element_type=\"widget\" data-widget_type=\"heading.default\">\n\t\t\t\t<div class=\"elementor-widget-container\">\n\t\t\t<h4 class=\"elementor-heading-title elementor-size-default\">RESULTADOS VI TROFEO CESVA-DIEGO LEYUN AZCOITI (ASTUN 6-7 FEBRERO 2021)<\/h4>\t\t<\/div>\n\t\t\t\t<\/div>\n\t\t\t\t<div class=\"elementor-element elementor-element-65042cf elementor-widget elementor-widget-image\" data-id=\"65042cf\" data-element_type=\"widget\" data-widget_type=\"image.default\">\n\t\t\t\t<div class=\"elementor-widget-container\">\n\t\t\t\t\t\t\t\t<div class=\"elementor-image\">\n\t\t\t\t\t\t\t\t\t\t\t\t<img width=\"580\" height=\"819\" src=\"https:\/\/nkef.eus\/wp-content\/uploads\/2021\/02\/cesva-nuevo-725x1024.png\" class=\"attachment-large size-large\" alt=\"\" loading=\"lazy\" srcset=\"https:\/\/nkef.eus\/wp-content\/uploads\/2021\/02\/cesva-nuevo-725x1024.png 725w, https:\/\/nkef.eus\/wp-content\/uploads\/2021\/02\/cesva-nuevo-212x300.png 212w, https:\/\/nkef.eus\/wp-content\/uploads\/2021\/02\/cesva-nuevo-768x1085.png 768w, https:\/\/nkef.eus\/wp-content\/uploads\/2021\/02\/cesva-nuevo-1087x1536.png 1087w, https:\/\/nkef.eus\/wp-content\/uploads\/2021\/02\/cesva-nuevo-8x12.png 8w, https:\/\/nkef.eus\/wp-content\/uploads\/2021\/02\/cesva-nuevo-1200x1696.png 1200w, https:\/\/nkef.eus\/wp-content\/uploads\/2021\/02\/cesva-nuevo.png 1241w\" sizes=\"(max-width: 580px) 100vw, 580px\" \/>\t\t\t\t\t\t\t\t\t\t\t\t\t\t<\/div>\n\t\t\t\t\t\t<\/div>\n\t\t\t\t<\/div>\n\t\t\t\t<div class=\"elementor-element elementor-element-7ffe6944 elementor-widget elementor-widget-text-editor\" data-id=\"7ffe6944\" data-element_type=\"widget\" data-widget_type=\"text-editor.default\">\n\t\t\t\t<div class=\"elementor-widget-container\">\n\t\t\t\t\t\t\t\t<div class=\"elementor-text-editor elementor-clearfix\">\n\t\t\t\t<p>180 deportistas de categor\u00edas U14\/16, han competido durante el f\u00edn de semana en la estaci\u00f3n invernal de Ast\u00fan en el VI trofeo Cesva &#8211; Diego Leyun Azcoiti.<\/p><p style=\"text-align: center;\"><span style=\"text-decoration: underline;\">VER <span style=\"color: #000000; text-decoration: underline;\"><span>R<\/span>ESULTADOS<\/span><\/span><\/p>\t\t\t\t\t<\/div>\n\t\t\t\t\t\t<\/div>\n\t\t\t\t<\/div>\n\t\t\t\t<section class=\"elementor-section elementor-inner-section elementor-element elementor-element-03c2af6 elementor-section-boxed elementor-section-height-default elementor-section-height-default\" data-id=\"03c2af6\" data-element_type=\"section\">\n\t\t\t\t\t\t<div class=\"elementor-container elementor-column-gap-default\">\n\t\t\t\t\t\t\t<div class=\"elementor-row\">\n\t\t\t\t\t<div class=\"elementor-column elementor-col-50 elementor-inner-column elementor-element elementor-element-7252efc\" data-id=\"7252efc\" data-element_type=\"column\">\n\t\t\t<div class=\"elementor-column-wrap elementor-element-populated\">\n\t\t\t\t\t\t\t<div class=\"elementor-widget-wrap\">\n\t\t\t\t\t\t<div class=\"elementor-element elementor-element-99652e2 elementor-align-center elementor-widget elementor-widget-button\" data-id=\"99652e2\" data-element_type=\"widget\" data-widget_type=\"button.default\">\n\t\t\t\t<div class=\"elementor-widget-container\">\n\t\t\t\t\t<div class=\"elementor-button-wrapper\">\n\t\t\t<a href=\"https:\/\/nkef.eus\/wp-content\/uploads\/2021\/02\/RESULTADOS-SABADO-6-02-2021.pdf\" class=\"elementor-button-link elementor-button elementor-size-sm\" role=\"button\">\n\t\t\t\t\t\t<span class=\"elementor-button-content-wrapper\">\n\t\t\t\t\t\t<span class=\"elementor-button-text\">SLALOM S\u00c1BADO 6-02-21<\/span>\n\t\t<\/span>\n\t\t\t\t\t<\/a>\n\t\t<\/div>\n\t\t\t\t<\/div>\n\t\t\t\t<\/div>\n\t\t\t\t\t\t<\/div>\n\t\t\t\t\t<\/div>\n\t\t<\/div>\n\t\t\t\t<div class=\"elementor-column elementor-col-50 elementor-inner-column elementor-element elementor-element-fac5c91\" data-id=\"fac5c91\" data-element_type=\"column\">\n\t\t\t<div class=\"elementor-column-wrap elementor-element-populated\">\n\t\t\t\t\t\t\t<div class=\"elementor-widget-wrap\">\n\t\t\t\t\t\t<div class=\"elementor-element elementor-element-7b27fe3 elementor-align-center elementor-widget elementor-widget-button\" data-id=\"7b27fe3\" data-element_type=\"widget\" data-widget_type=\"button.default\">\n\t\t\t\t<div class=\"elementor-widget-container\">\n\t\t\t\t\t<div class=\"elementor-button-wrapper\">\n\t\t\t<a href=\"https:\/\/nkef.eus\/wp-content\/uploads\/2021\/02\/RESULTADOS-DOMINGO-7-02-2021.pdf\" class=\"elementor-button-link elementor-button elementor-size-sm\" role=\"button\">\n\t\t\t\t\t\t<span class=\"elementor-button-content-wrapper\">\n\t\t\t\t\t\t<span class=\"elementor-button-text\">SLALOM DOMINGO 7-02-21<\/span>\n\t\t<\/span>\n\t\t\t\t\t<\/a>\n\t\t<\/div>\n\t\t\t\t<\/div>\n\t\t\t\t<\/div>\n\t\t\t\t\t\t<\/div>\n\t\t\t\t\t<\/div>\n\t\t<\/div>\n\t\t\t\t\t\t\t\t<\/div>\n\t\t\t\t\t<\/div>\n\t\t<\/section>\n\t\t\t\t\t\t<\/div>\n\t\t\t\t\t<\/div>\n\t\t<\/div>\n\t\t\t\t\t\t\t\t<\/div>\n\t\t\t\t\t<\/div>\n\t\t<\/section>\n\t\t\t\t\t\t\t\t\t<\/div>\n\t\t\t<\/div>\n\t\t\t\t\t<\/div>","protected":false},"excerpt":{"rendered":"<p>RESULTADOS VI TROFEO CESVA-DIEGO LEYUN AZCOITI (ASTUN 6-7 FEBRERO 2021) 180 deportistas de categor\u00edas U14\/16, han competido durante el f\u00edn de semana en la estaci\u00f3n invernal de Ast\u00fan en el VI trofeo Cesva &#8211; Diego Leyun Azcoiti. VER RESULTADOS SLALOM S\u00c1BADO 6-02-21 SLALOM DOMINGO 7-02-21<\/p>","protected":false},"author":3,"featured_media":2949,"comment_status":"closed","ping_status":"closed","sticky":false,"template":"elementor_header_footer","format":"standard","meta":[],"categories":[3,15],"tags":[],"_links":{"self":[{"href":"https:\/\/nkef.eus\/eu\/index.php\/wp-json\/wp\/v2\/posts\/2975"}],"collection":[{"href":"https:\/\/nkef.eus\/eu\/index.php\/wp-json\/wp\/v2\/posts"}],"about":[{"href":"https:\/\/nkef.eus\/eu\/index.php\/wp-json\/wp\/v2\/types\/post"}],"author":[{"embeddable":true,"href":"https:\/\/nkef.eus\/eu\/index.php\/wp-json\/wp\/v2\/users\/3"}],"replies":[{"embeddable":true,"href":"https:\/\/nkef.eus\/eu\/index.php\/wp-json\/wp\/v2\/comments?post=2975"}],"version-history":[{"count":4,"href":"https:\/\/nkef.eus\/eu\/index.php\/wp-json\/wp\/v2\/posts\/2975\/revisions"}],"predecessor-version":[{"id":2981,"href":"https:\/\/nkef.eus\/eu\/index.php\/wp-json\/wp\/v2\/posts\/2975\/revisions\/2981"}],"wp:featuredmedia":[{"embeddable":true,"href":"https:\/\/nkef.eus\/eu\/index.php\/wp-json\/wp\/v2\/media\/2949"}],"wp:attachment":[{"href":"https:\/\/nkef.eus\/eu\/index.php\/wp-json\/wp\/v2\/media?parent=2975"}],"wp:term":[{"taxonomy":"category","embeddable":true,"href":"https:\/\/nkef.eus\/eu\/index.php\/wp-json\/wp\/v2\/categories?post=2975"},{"taxonomy":"post_tag","embeddable":true,"href":"https:\/\/nkef.eus\/eu\/index.php\/wp-json\/wp\/v2\/tags?post=2975"}],"curies":[{"name":"wp","href":"https:\/\/api.w.org\/{rel}","templated":true}]}}