{"id":2830,"date":"2021-01-20T12:18:00","date_gmt":"2021-01-20T12:18:00","guid":{"rendered":"https:\/\/nkef.eus\/?p=2830"},"modified":"2021-01-20T12:23:20","modified_gmt":"2021-01-20T12:23:20","slug":"comienza-la-1a-fase-del-campeonato-de-espana-de-curling-dobles-mixto-en-jaca","status":"publish","type":"post","link":"https:\/\/nkef.eus\/eu\/index.php\/2021\/01\/20\/comienza-la-1a-fase-del-campeonato-de-espana-de-curling-dobles-mixto-en-jaca\/","title":{"rendered":"COMIENZA LA 1\u00aa FASE DEL CAMPEONATO DE ESPA\u00d1A DE CURLING DOBLES MIXTO EN JACA"},"content":{"rendered":"<div data-elementor-type=\"wp-post\" data-elementor-id=\"2830\" class=\"elementor elementor-2830\">\n\t\t\t\t\t\t<div class=\"elementor-inner\">\n\t\t\t\t<div class=\"elementor-section-wrap\">\n\t\t\t\t\t\t\t\t\t<section class=\"elementor-section elementor-top-section elementor-element elementor-element-5cbfa4b9 elementor-section-content-middle elementor-section-boxed elementor-section-height-default elementor-section-height-default\" data-id=\"5cbfa4b9\" data-element_type=\"section\">\n\t\t\t\t\t\t<div class=\"elementor-container elementor-column-gap-no\">\n\t\t\t\t\t\t\t<div class=\"elementor-row\">\n\t\t\t\t\t<div class=\"elementor-column elementor-col-100 elementor-top-column elementor-element elementor-element-3e0b9569\" data-id=\"3e0b9569\" data-element_type=\"column\">\n\t\t\t<div class=\"elementor-column-wrap elementor-element-populated\">\n\t\t\t\t\t\t\t<div class=\"elementor-widget-wrap\">\n\t\t\t\t\t\t<div class=\"elementor-element elementor-element-204f8e66 elementor-widget elementor-widget-heading\" data-id=\"204f8e66\" data-element_type=\"widget\" data-widget_type=\"heading.default\">\n\t\t\t\t<div class=\"elementor-widget-container\">\n\t\t\t<h4 class=\"elementor-heading-title elementor-size-default\">COMIENZA LA 1\u00aa FASE DEL CAMPEONATO DE ESPA\u00d1A DE CURLING DOBLES MIXTO EN JACA<\/h4>\t\t<\/div>\n\t\t\t\t<\/div>\n\t\t\t\t<div class=\"elementor-element elementor-element-1514883 elementor-widget elementor-widget-image\" data-id=\"1514883\" data-element_type=\"widget\" data-widget_type=\"image.default\">\n\t\t\t\t<div class=\"elementor-widget-container\">\n\t\t\t\t\t\t\t\t<div class=\"elementor-image\">\n\t\t\t\t\t\t\t\t\t\t\t\t<img width=\"580\" height=\"412\" src=\"https:\/\/nkef.eus\/wp-content\/uploads\/2021\/01\/5Y7A7281-1024x728.jpg\" class=\"attachment-large size-large\" alt=\"\" loading=\"lazy\" srcset=\"https:\/\/nkef.eus\/wp-content\/uploads\/2021\/01\/5Y7A7281-1024x728.jpg 1024w, https:\/\/nkef.eus\/wp-content\/uploads\/2021\/01\/5Y7A7281-300x213.jpg 300w, https:\/\/nkef.eus\/wp-content\/uploads\/2021\/01\/5Y7A7281-768x546.jpg 768w, https:\/\/nkef.eus\/wp-content\/uploads\/2021\/01\/5Y7A7281-1536x1092.jpg 1536w, https:\/\/nkef.eus\/wp-content\/uploads\/2021\/01\/5Y7A7281-2048x1457.jpg 2048w, https:\/\/nkef.eus\/wp-content\/uploads\/2021\/01\/5Y7A7281-16x12.jpg 16w, https:\/\/nkef.eus\/wp-content\/uploads\/2021\/01\/5Y7A7281-1200x854.jpg 1200w, https:\/\/nkef.eus\/wp-content\/uploads\/2021\/01\/5Y7A7281-1980x1408.jpg 1980w\" sizes=\"(max-width: 580px) 100vw, 580px\" \/>\t\t\t\t\t\t\t\t\t\t\t\t\t\t<\/div>\n\t\t\t\t\t\t<\/div>\n\t\t\t\t<\/div>\n\t\t\t\t<div class=\"elementor-element elementor-element-759b8495 elementor-widget elementor-widget-text-editor\" data-id=\"759b8495\" data-element_type=\"widget\" data-widget_type=\"text-editor.default\">\n\t\t\t\t<div class=\"elementor-widget-container\">\n\t\t\t\t\t\t\t\t<div class=\"elementor-text-editor elementor-clearfix\">\n\t\t\t\t<p>Este viernes arranca el plato fuerte del Campeonato de Espa\u00f1a de Curling, con la celebraci\u00f3n de la 14\u00aa edici\u00f3n de la modalidad de Dobles Mixtos en Jaca (Huesca), en tres etapas: 22-24 de enero (Fase 1), 29-31 de enero (Fase 2) y 12-14 de enero (Fase Final). 22 equipos buscar\u00e1n el oro de una categor\u00eda que ha ido ganando prestigio con el paso de los a\u00f1os, hasta convertirse en la m\u00e1s destacada a nivel nacional.<\/p><p>El gran aliciente de la competici\u00f3n pasa por su condici\u00f3n de puente para optar a los Juegos Ol\u00edmpicos de Invierno de Pek\u00edn 2022. La\u00a0pareja campeona, si re\u00fane la experiencia internacional requerida durante la temporada presente, representar\u00e1 a Espa\u00f1a en el Mundial de Dobles Mixtos entre el 24 de abril y el 1 de mayo de 2021, evento clasificatorio para los JJOO.<\/p><p>Los campeones de las \u00faltimas dos ediciones, Oihane Otaegi y Mikel Unanue (Txuri-Berri), parten como favoritos en un campeonato lleno de aspirantes a romper la racha de la pareja vasca. De las 13 ediciones disputadas hasta el momento, hab\u00eda sido el Iparpolo\u00a0el gran dominador: venci\u00f3 en los 11 primeros campeonatos, desde su creaci\u00f3n en 2008.\u00a0<\/p><p>La lista de los 22 equipos participantes, pertenecientes a nueve\u00a0clubs diferentes, se reparte entre cuatro grupos distribuidos de la siguiente manera: \u00a0\u00a0\u00a0<\/p>\t\t\t\t\t<\/div>\n\t\t\t\t\t\t<\/div>\n\t\t\t\t<\/div>\n\t\t\t\t<div class=\"elementor-element elementor-element-5899a89 elementor-widget elementor-widget-image\" data-id=\"5899a89\" data-element_type=\"widget\" data-widget_type=\"image.default\">\n\t\t\t\t<div class=\"elementor-widget-container\">\n\t\t\t\t\t\t\t\t<div class=\"elementor-image\">\n\t\t\t\t\t\t\t\t\t\t\t\t<img width=\"580\" height=\"175\" src=\"https:\/\/nkef.eus\/wp-content\/uploads\/2021\/01\/1-3-1024x309.jpg\" class=\"attachment-large size-large\" alt=\"\" loading=\"lazy\" srcset=\"https:\/\/nkef.eus\/wp-content\/uploads\/2021\/01\/1-3-1024x309.jpg 1024w, https:\/\/nkef.eus\/wp-content\/uploads\/2021\/01\/1-3-300x90.jpg 300w, https:\/\/nkef.eus\/wp-content\/uploads\/2021\/01\/1-3-768x232.jpg 768w, https:\/\/nkef.eus\/wp-content\/uploads\/2021\/01\/1-3-16x5.jpg 16w, https:\/\/nkef.eus\/wp-content\/uploads\/2021\/01\/1-3-1200x362.jpg 1200w, https:\/\/nkef.eus\/wp-content\/uploads\/2021\/01\/1-3.jpg 1280w\" sizes=\"(max-width: 580px) 100vw, 580px\" \/>\t\t\t\t\t\t\t\t\t\t\t\t\t\t<\/div>\n\t\t\t\t\t\t<\/div>\n\t\t\t\t<\/div>\n\t\t\t\t<div class=\"elementor-element elementor-element-3bf588a elementor-widget elementor-widget-text-editor\" data-id=\"3bf588a\" data-element_type=\"widget\" data-widget_type=\"text-editor.default\">\n\t\t\t\t<div class=\"elementor-widget-container\">\n\t\t\t\t\t\t\t\t<div class=\"elementor-text-editor elementor-clearfix\">\n\t\t\t\t<p>Presente en la cita nacional estar\u00e1 Martin Stucki, Director T\u00e9cnico de Curling y Seleccionador Nacional, que seguir\u00e1 de primera mano la evoluci\u00f3n de los equipos durante esta fase inicial.<\/p><p>Todo el Campeonato se podr\u00e1 disfrutar en <em>streaming<\/em> a trav\u00e9s del Youtube de la RFEDH. En nuestras redes sociales\u00a0se actualizar\u00e1 cualquier informaci\u00f3n bajo el hashtag #CurlingESP.<\/p><p>A aquellos medios interesados en hablar con alguna pareja, les rogamos env\u00eden un correo a <a href=\"mailto:comunicacion@fedhielo.com\">comunicacion@fedhielo.com<\/a> con su petici\u00f3n.\u00a0<\/p><p><strong>Horarios: <\/strong><a href=\"https:\/\/newsletter.fedhielo.com\/c\/m2oy3\/wkidqt63\/dmrypqkujha\">https:\/\/bit.ly\/2LZI1eO<\/a><strong>\u00a0<\/strong><\/p>\t\t\t\t\t<\/div>\n\t\t\t\t\t\t<\/div>\n\t\t\t\t<\/div>\n\t\t\t\t\t\t<\/div>\n\t\t\t\t\t<\/div>\n\t\t<\/div>\n\t\t\t\t\t\t\t\t<\/div>\n\t\t\t\t\t<\/div>\n\t\t<\/section>\n\t\t\t\t\t\t\t\t\t<\/div>\n\t\t\t<\/div>\n\t\t\t\t\t<\/div>","protected":false},"excerpt":{"rendered":"<p>COMIENZA LA 1\u00aa FASE DEL CAMPEONATO DE ESPA\u00d1A DE CURLING DOBLES MIXTO EN JACA Este viernes arranca el plato fuerte del Campeonato de Espa\u00f1a de Curling, con la celebraci\u00f3n de la 14\u00aa edici\u00f3n de la modalidad de Dobles Mixtos en Jaca (Huesca), en tres etapas: 22-24 de enero (Fase 1), 29-31 de enero (Fase 2) [&hellip;]<\/p>","protected":false},"author":3,"featured_media":2840,"comment_status":"closed","ping_status":"closed","sticky":false,"template":"elementor_header_footer","format":"standard","meta":[],"categories":[8,15],"tags":[],"_links":{"self":[{"href":"https:\/\/nkef.eus\/eu\/index.php\/wp-json\/wp\/v2\/posts\/2830"}],"collection":[{"href":"https:\/\/nkef.eus\/eu\/index.php\/wp-json\/wp\/v2\/posts"}],"about":[{"href":"https:\/\/nkef.eus\/eu\/index.php\/wp-json\/wp\/v2\/types\/post"}],"author":[{"embeddable":true,"href":"https:\/\/nkef.eus\/eu\/index.php\/wp-json\/wp\/v2\/users\/3"}],"replies":[{"embeddable":true,"href":"https:\/\/nkef.eus\/eu\/index.php\/wp-json\/wp\/v2\/comments?post=2830"}],"version-history":[{"count":4,"href":"https:\/\/nkef.eus\/eu\/index.php\/wp-json\/wp\/v2\/posts\/2830\/revisions"}],"predecessor-version":[{"id":2848,"href":"https:\/\/nkef.eus\/eu\/index.php\/wp-json\/wp\/v2\/posts\/2830\/revisions\/2848"}],"wp:featuredmedia":[{"embeddable":true,"href":"https:\/\/nkef.eus\/eu\/index.php\/wp-json\/wp\/v2\/media\/2840"}],"wp:attachment":[{"href":"https:\/\/nkef.eus\/eu\/index.php\/wp-json\/wp\/v2\/media?parent=2830"}],"wp:term":[{"taxonomy":"category","embeddable":true,"href":"https:\/\/nkef.eus\/eu\/index.php\/wp-json\/wp\/v2\/categories?post=2830"},{"taxonomy":"post_tag","embeddable":true,"href":"https:\/\/nkef.eus\/eu\/index.php\/wp-json\/wp\/v2\/tags?post=2830"}],"curies":[{"name":"wp","href":"https:\/\/api.w.org\/{rel}","templated":true}]}}