{"id":2761,"date":"2021-01-18T09:59:58","date_gmt":"2021-01-18T09:59:58","guid":{"rendered":"https:\/\/nkef.eus\/?p=2761"},"modified":"2021-01-19T14:38:37","modified_gmt":"2021-01-19T14:38:37","slug":"copa-de-espana-fis-esqui-de-fondo-campeonato-de-navarraaragon-y-euskadi","status":"publish","type":"post","link":"https:\/\/nkef.eus\/eu\/index.php\/2021\/01\/18\/copa-de-espana-fis-esqui-de-fondo-campeonato-de-navarraaragon-y-euskadi\/","title":{"rendered":"FIS ESKI ESKOLA ESPAINIAKO KOPA - NAFARROA, ARAGONA ETA EUSKADI TXAPELKETA."},"content":{"rendered":"<div data-elementor-type=\"wp-post\" data-elementor-id=\"2761\" class=\"elementor elementor-2761\">\n\t\t\t\t\t\t<div class=\"elementor-inner\">\n\t\t\t\t<div class=\"elementor-section-wrap\">\n\t\t\t\t\t\t\t\t\t<section class=\"elementor-section elementor-top-section elementor-element elementor-element-152f9f2a elementor-section-content-middle elementor-section-boxed elementor-section-height-default elementor-section-height-default\" data-id=\"152f9f2a\" data-element_type=\"section\">\n\t\t\t\t\t\t<div class=\"elementor-container elementor-column-gap-no\">\n\t\t\t\t\t\t\t<div class=\"elementor-row\">\n\t\t\t\t\t<div class=\"elementor-column elementor-col-100 elementor-top-column elementor-element elementor-element-6a4fdca2\" data-id=\"6a4fdca2\" data-element_type=\"column\">\n\t\t\t<div class=\"elementor-column-wrap elementor-element-populated\">\n\t\t\t\t\t\t\t<div class=\"elementor-widget-wrap\">\n\t\t\t\t\t\t<div class=\"elementor-element elementor-element-5012ed9c elementor-widget elementor-widget-heading\" data-id=\"5012ed9c\" data-element_type=\"widget\" data-widget_type=\"heading.default\">\n\t\t\t\t<div class=\"elementor-widget-container\">\n\t\t\t<h4 class=\"elementor-heading-title elementor-size-default\">COPA DE ESPA\u00d1A FIS ESQU\u00cd DE FONDO - CAMPEONATO DE NAVARRA,ARAG\u00d3N Y EUSKADI.<\/h4>\t\t<\/div>\n\t\t\t\t<\/div>\n\t\t\t\t<div class=\"elementor-element elementor-element-6329734 elementor-widget elementor-widget-image\" data-id=\"6329734\" data-element_type=\"widget\" data-widget_type=\"image.default\">\n\t\t\t\t<div class=\"elementor-widget-container\">\n\t\t\t\t\t\t\t\t<div class=\"elementor-image\">\n\t\t\t\t\t\t\t\t\t\t\t\t<img width=\"580\" height=\"820\" src=\"https:\/\/nkef.eus\/wp-content\/uploads\/2021\/01\/FOTO-COPA-ESPANA-ESQUI-FONDO-724x1024.png\" class=\"attachment-large size-large\" alt=\"\" loading=\"lazy\" srcset=\"https:\/\/nkef.eus\/wp-content\/uploads\/2021\/01\/FOTO-COPA-ESPANA-ESQUI-FONDO-724x1024.png 724w, https:\/\/nkef.eus\/wp-content\/uploads\/2021\/01\/FOTO-COPA-ESPANA-ESQUI-FONDO-212x300.png 212w, https:\/\/nkef.eus\/wp-content\/uploads\/2021\/01\/FOTO-COPA-ESPANA-ESQUI-FONDO-768x1086.png 768w, https:\/\/nkef.eus\/wp-content\/uploads\/2021\/01\/FOTO-COPA-ESPANA-ESQUI-FONDO-1086x1536.png 1086w, https:\/\/nkef.eus\/wp-content\/uploads\/2021\/01\/FOTO-COPA-ESPANA-ESQUI-FONDO-1448x2048.png 1448w, https:\/\/nkef.eus\/wp-content\/uploads\/2021\/01\/FOTO-COPA-ESPANA-ESQUI-FONDO-8x12.png 8w, https:\/\/nkef.eus\/wp-content\/uploads\/2021\/01\/FOTO-COPA-ESPANA-ESQUI-FONDO-1200x1697.png 1200w, https:\/\/nkef.eus\/wp-content\/uploads\/2021\/01\/FOTO-COPA-ESPANA-ESQUI-FONDO-1980x2800.png 1980w\" sizes=\"(max-width: 580px) 100vw, 580px\" \/>\t\t\t\t\t\t\t\t\t\t\t\t\t\t<\/div>\n\t\t\t\t\t\t<\/div>\n\t\t\t\t<\/div>\n\t\t\t\t<div class=\"elementor-element elementor-element-83c8961 elementor-widget-divider--view-line elementor-widget elementor-widget-divider\" data-id=\"83c8961\" data-element_type=\"widget\" data-widget_type=\"divider.default\">\n\t\t\t\t<div class=\"elementor-widget-container\">\n\t\t\t\t\t<div class=\"elementor-divider\">\n\t\t\t<span class=\"elementor-divider-separator\">\n\t\t\t\t\t\t<\/span>\n\t\t<\/div>\n\t\t\t\t<\/div>\n\t\t\t\t<\/div>\n\t\t\t\t<div class=\"elementor-element elementor-element-2864092f elementor-widget elementor-widget-text-editor\" data-id=\"2864092f\" data-element_type=\"widget\" data-widget_type=\"text-editor.default\">\n\t\t\t\t<div class=\"elementor-widget-container\">\n\t\t\t\t\t\t\t\t<div class=\"elementor-text-editor elementor-clearfix\">\n\t\t\t\t<p>Los d\u00edas 23 y 24 de Enero organizado por la Federaci\u00f3n Vasca de deportes de Invierno, Federaci\u00f3n Navarra de deportes de Invierno, Federaci\u00f3n Aragonesa de Deportes de Invierno y Real Federaci\u00f3n Espa\u00f1ola de Deportes de Invierno(RFEDI) se disputar\u00e1 en la estaci\u00f3n de esqu\u00ed nordico de Belagua (Pista del Ferial), la segunda de las pruebas correspondientes al calendario de la Copa de Espa\u00f1a de esqu\u00ed de Fondo.<\/p><p>Toda la informaci\u00f3n de la prueba pod\u00e9is verla en los siguientes enlaces.<\/p>\t\t\t\t\t<\/div>\n\t\t\t\t\t\t<\/div>\n\t\t\t\t<\/div>\n\t\t\t\t<div class=\"elementor-element elementor-element-fbe360e elementor-widget-divider--view-line elementor-widget elementor-widget-divider\" data-id=\"fbe360e\" data-element_type=\"widget\" data-widget_type=\"divider.default\">\n\t\t\t\t<div class=\"elementor-widget-container\">\n\t\t\t\t\t<div class=\"elementor-divider\">\n\t\t\t<span class=\"elementor-divider-separator\">\n\t\t\t\t\t\t<\/span>\n\t\t<\/div>\n\t\t\t\t<\/div>\n\t\t\t\t<\/div>\n\t\t\t\t<section class=\"elementor-section elementor-inner-section elementor-element elementor-element-9767b5d elementor-section-boxed elementor-section-height-default elementor-section-height-default\" data-id=\"9767b5d\" data-element_type=\"section\">\n\t\t\t\t\t\t<div class=\"elementor-container elementor-column-gap-default\">\n\t\t\t\t\t\t\t<div class=\"elementor-row\">\n\t\t\t\t\t<div class=\"elementor-column elementor-col-50 elementor-inner-column elementor-element elementor-element-6da8c40\" data-id=\"6da8c40\" data-element_type=\"column\">\n\t\t\t<div class=\"elementor-column-wrap elementor-element-populated\">\n\t\t\t\t\t\t\t<div class=\"elementor-widget-wrap\">\n\t\t\t\t\t\t<div class=\"elementor-element elementor-element-87c4605 elementor-align-center elementor-widget elementor-widget-button\" data-id=\"87c4605\" data-element_type=\"widget\" data-widget_type=\"button.default\">\n\t\t\t\t<div class=\"elementor-widget-container\">\n\t\t\t\t\t<div class=\"elementor-button-wrapper\">\n\t\t\t<a href=\"https:\/\/nkef.eus\/wp-content\/uploads\/2021\/01\/Nota-Informativa-LARRA-BELAGOA.pdf\" class=\"elementor-button-link elementor-button elementor-size-sm\" role=\"button\">\n\t\t\t\t\t\t<span class=\"elementor-button-content-wrapper\">\n\t\t\t\t\t\t<span class=\"elementor-button-text\">Nota Informativa<\/span>\n\t\t<\/span>\n\t\t\t\t\t<\/a>\n\t\t<\/div>\n\t\t\t\t<\/div>\n\t\t\t\t<\/div>\n\t\t\t\t\t\t<\/div>\n\t\t\t\t\t<\/div>\n\t\t<\/div>\n\t\t\t\t<div class=\"elementor-column elementor-col-50 elementor-inner-column elementor-element elementor-element-c089647\" data-id=\"c089647\" data-element_type=\"column\">\n\t\t\t<div class=\"elementor-column-wrap elementor-element-populated\">\n\t\t\t\t\t\t\t<div class=\"elementor-widget-wrap\">\n\t\t\t\t\t\t<div class=\"elementor-element elementor-element-a3b07b5 elementor-align-center elementor-widget elementor-widget-button\" data-id=\"a3b07b5\" data-element_type=\"widget\" data-widget_type=\"button.default\">\n\t\t\t\t<div class=\"elementor-widget-container\">\n\t\t\t\t\t<div class=\"elementor-button-wrapper\">\n\t\t\t<a href=\"https:\/\/nkef.eus\/wp-content\/uploads\/2021\/01\/REGLAMENTO-CAMPEONATOS-DE-NAVARRA-Y-EUSKADI-DE-FONDO-2.pdf\" class=\"elementor-button-link elementor-button elementor-size-sm\" role=\"button\">\n\t\t\t\t\t\t<span class=\"elementor-button-content-wrapper\">\n\t\t\t\t\t\t<span class=\"elementor-button-text\">Reglamento<\/span>\n\t\t<\/span>\n\t\t\t\t\t<\/a>\n\t\t<\/div>\n\t\t\t\t<\/div>\n\t\t\t\t<\/div>\n\t\t\t\t\t\t<\/div>\n\t\t\t\t\t<\/div>\n\t\t<\/div>\n\t\t\t\t\t\t\t\t<\/div>\n\t\t\t\t\t<\/div>\n\t\t<\/section>\n\t\t\t\t<div class=\"elementor-element elementor-element-a8eeed6 elementor-align-center elementor-widget elementor-widget-button\" data-id=\"a8eeed6\" data-element_type=\"widget\" data-widget_type=\"button.default\">\n\t\t\t\t<div class=\"elementor-widget-container\">\n\t\t\t\t\t<div class=\"elementor-button-wrapper\">\n\t\t\t<a href=\"https:\/\/nkef.eus\/wp-content\/uploads\/2021\/01\/PROTOCOLO-fondo.pdf\" class=\"elementor-button-link elementor-button elementor-size-sm\" role=\"button\">\n\t\t\t\t\t\t<span class=\"elementor-button-content-wrapper\">\n\t\t\t\t\t\t<span class=\"elementor-button-text\">Protocolo<\/span>\n\t\t<\/span>\n\t\t\t\t\t<\/a>\n\t\t<\/div>\n\t\t\t\t<\/div>\n\t\t\t\t<\/div>\n\t\t\t\t\t\t<\/div>\n\t\t\t\t\t<\/div>\n\t\t<\/div>\n\t\t\t\t\t\t\t\t<\/div>\n\t\t\t\t\t<\/div>\n\t\t<\/section>\n\t\t\t\t\t\t\t\t\t<\/div>\n\t\t\t<\/div>\n\t\t\t\t\t<\/div>","protected":false},"excerpt":{"rendered":"<p>COPA DE ESPA\u00d1A FIS ESQU\u00cd DE FONDO &#8211; CAMPEONATO DE NAVARRA,ARAG\u00d3N Y EUSKADI. Los d\u00edas 23 y 24 de Enero organizado por la Federaci\u00f3n Vasca de deportes de Invierno, Federaci\u00f3n Navarra de deportes de Invierno, Federaci\u00f3n Aragonesa de Deportes de Invierno y Real Federaci\u00f3n Espa\u00f1ola de Deportes de Invierno(RFEDI) se disputar\u00e1 en la estaci\u00f3n de [&hellip;]<\/p>","protected":false},"author":3,"featured_media":2807,"comment_status":"closed","ping_status":"closed","sticky":false,"template":"elementor_header_footer","format":"standard","meta":[],"categories":[9,15],"tags":[],"_links":{"self":[{"href":"https:\/\/nkef.eus\/eu\/index.php\/wp-json\/wp\/v2\/posts\/2761"}],"collection":[{"href":"https:\/\/nkef.eus\/eu\/index.php\/wp-json\/wp\/v2\/posts"}],"about":[{"href":"https:\/\/nkef.eus\/eu\/index.php\/wp-json\/wp\/v2\/types\/post"}],"author":[{"embeddable":true,"href":"https:\/\/nkef.eus\/eu\/index.php\/wp-json\/wp\/v2\/users\/3"}],"replies":[{"embeddable":true,"href":"https:\/\/nkef.eus\/eu\/index.php\/wp-json\/wp\/v2\/comments?post=2761"}],"version-history":[{"count":5,"href":"https:\/\/nkef.eus\/eu\/index.php\/wp-json\/wp\/v2\/posts\/2761\/revisions"}],"predecessor-version":[{"id":2770,"href":"https:\/\/nkef.eus\/eu\/index.php\/wp-json\/wp\/v2\/posts\/2761\/revisions\/2770"}],"wp:featuredmedia":[{"embeddable":true,"href":"https:\/\/nkef.eus\/eu\/index.php\/wp-json\/wp\/v2\/media\/2807"}],"wp:attachment":[{"href":"https:\/\/nkef.eus\/eu\/index.php\/wp-json\/wp\/v2\/media?parent=2761"}],"wp:term":[{"taxonomy":"category","embeddable":true,"href":"https:\/\/nkef.eus\/eu\/index.php\/wp-json\/wp\/v2\/categories?post=2761"},{"taxonomy":"post_tag","embeddable":true,"href":"https:\/\/nkef.eus\/eu\/index.php\/wp-json\/wp\/v2\/tags?post=2761"}],"curies":[{"name":"wp","href":"https:\/\/api.w.org\/{rel}","templated":true}]}}