{"id":2631,"date":"2020-12-22T11:32:13","date_gmt":"2020-12-22T11:32:13","guid":{"rendered":"https:\/\/nkef.eus\/?p=2631"},"modified":"2020-12-22T11:41:04","modified_gmt":"2020-12-22T11:41:04","slug":"imanol-rojo-ganador-de-la-opa-alpen-cup-de-15-kilometros-clasico-en-val-formazza","status":"publish","type":"post","link":"https:\/\/nkef.eus\/eu\/index.php\/2020\/12\/22\/imanol-rojo-ganador-de-la-opa-alpen-cup-de-15-kilometros-clasico-en-val-formazza\/","title":{"rendered":"Imanol Rojo 15 kilometroko OPA Alpen Kopako irabazlea Val Formazan"},"content":{"rendered":"<div data-elementor-type=\"wp-post\" data-elementor-id=\"2631\" class=\"elementor elementor-2631\">\n\t\t\t\t\t\t<div class=\"elementor-inner\">\n\t\t\t\t<div class=\"elementor-section-wrap\">\n\t\t\t\t\t\t\t\t\t<section class=\"elementor-section elementor-top-section elementor-element elementor-element-f021b5f elementor-section-content-middle elementor-section-boxed elementor-section-height-default elementor-section-height-default\" data-id=\"f021b5f\" data-element_type=\"section\">\n\t\t\t\t\t\t<div class=\"elementor-container elementor-column-gap-no\">\n\t\t\t\t\t\t\t<div class=\"elementor-row\">\n\t\t\t\t\t<div class=\"elementor-column elementor-col-100 elementor-top-column elementor-element elementor-element-5bafb23c\" data-id=\"5bafb23c\" data-element_type=\"column\">\n\t\t\t<div class=\"elementor-column-wrap elementor-element-populated\">\n\t\t\t\t\t\t\t<div class=\"elementor-widget-wrap\">\n\t\t\t\t\t\t<div class=\"elementor-element elementor-element-8c75703 elementor-widget elementor-widget-heading\" data-id=\"8c75703\" data-element_type=\"widget\" data-widget_type=\"heading.default\">\n\t\t\t\t<div class=\"elementor-widget-container\">\n\t\t\t<h4 class=\"elementor-heading-title elementor-size-default\">Imanol Rojo 15 kilometroko OPA Alpen Kopako irabazlea Val Formazan<\/h4>\t\t<\/div>\n\t\t\t\t<\/div>\n\t\t\t\t<div class=\"elementor-element elementor-element-51f239c elementor-widget elementor-widget-image\" data-id=\"51f239c\" data-element_type=\"widget\" data-widget_type=\"image.default\">\n\t\t\t\t<div class=\"elementor-widget-container\">\n\t\t\t\t\t\t\t\t<div class=\"elementor-image\">\n\t\t\t\t\t\t\t\t\t<figure class=\"wp-caption\">\n\t\t\t\t\t\t\t\t\t\t<img width=\"580\" height=\"471\" src=\"https:\/\/nkef.eus\/wp-content\/uploads\/2020\/12\/2-1.jpg\" class=\"attachment-large size-large\" alt=\"\" loading=\"lazy\" srcset=\"https:\/\/nkef.eus\/wp-content\/uploads\/2020\/12\/2-1.jpg 823w, https:\/\/nkef.eus\/wp-content\/uploads\/2020\/12\/2-1-300x244.jpg 300w, https:\/\/nkef.eus\/wp-content\/uploads\/2020\/12\/2-1-768x624.jpg 768w, https:\/\/nkef.eus\/wp-content\/uploads\/2020\/12\/2-1-16x12.jpg 16w\" sizes=\"(max-width: 580px) 100vw, 580px\" \/>\t\t\t\t\t\t\t\t\t\t\t<figcaption class=\"widget-image-caption wp-caption-text\">Marka berriak<\/figcaption>\n\t\t\t\t\t\t\t\t\t\t<\/figure>\n\t\t\t\t\t\t\t\t<\/div>\n\t\t\t\t\t\t<\/div>\n\t\t\t\t<\/div>\n\t\t\t\t<div class=\"elementor-element elementor-element-1cff51b elementor-widget-divider--view-line elementor-widget elementor-widget-divider\" data-id=\"1cff51b\" data-element_type=\"widget\" data-widget_type=\"divider.default\">\n\t\t\t\t<div class=\"elementor-widget-container\">\n\t\t\t\t\t<div class=\"elementor-divider\">\n\t\t\t<span class=\"elementor-divider-separator\">\n\t\t\t\t\t\t<\/span>\n\t\t<\/div>\n\t\t\t\t<\/div>\n\t\t\t\t<\/div>\n\t\t\t\t<div class=\"elementor-element elementor-element-474cf732 elementor-widget elementor-widget-text-editor\" data-id=\"474cf732\" data-element_type=\"widget\" data-widget_type=\"text-editor.default\">\n\t\t\t\t<div class=\"elementor-widget-container\">\n\t\t\t\t\t\t\t\t<div class=\"elementor-text-editor elementor-clearfix\">\n\t\t\t\t<p class=\" translation-block\">Imanol Rojo RFEDI kroseko taldeko eskiatzaile tolosarrak bere <strong> lehen garaipena lortu zuen OPA Alpen Cup FIS Europako Kopa <\/strong> n larunbatean Val Formazza italiar estazioan.<\/p><p class=\" translation-block\"><strong> Estilo klasikoko 15 km-ko proba euskararen distantziarik gogokoenetako bat da <\/strong> Uzturre \/ NKEF Klub Alpinoarena da. Larunbatean zirkuitu kontinentaleko onenetarikoa dela erakutsi zuen.<\/p><p class=\" translation-block\"><strong> 30 urteko eskiatzaileak denborarik onena egin zuen, estilo klasikoko 15 km-ko proban, 40: 00,5 <\/strong> rekin eta ondoren Irineu Esteve andorranoa 40: 09,6rekin. Biak batera estreinatu ziren eta Covid19ren mugak gorabehera burututako aurredenboraldi ona nabaritu zen. Podiumeko hirugarrena Ueli Schneider suitzarra izan zen 40: 30,6rekin<\/p><p class=\" translation-block\">Bere aldetik, <strong> RFEDI Fondo-ko zuzendari teknikoak, Franco Puntelek, zirkuitua gogorra zela esan zuen. <\/strong> Oso ibilbide gogorra igoera oso indartsua eta lehenengo itzuliaren ondoren - 5 km-ko zirkuitua zen. 3 aldiz errepikatzeko-. Imanol autoritatez nagusitu zen proban, helmuga gurutzatu zuen arte bezala.<\/p><p class=\" translation-block\"><strong> Val d'Aranen bizi den gipuzkoarra ohikoa da Europ Cup <\/strong> en, baina Munduko Kopako hogeita hamar bat ekitaldi ere jokatu ditu, non bere burua benetan zail kokatzen duen Nazioarteko Eski Federazioaren (FIS) funtsaren panorama h <strong> Munduko Kopako irabazle absolutua izan da Val di Fiemme, Falun, Lathi eta Seefeld-en. 2019an bere emaitzarik onena lortu zuen 15\/15 km klasikoan 39. postuarekin. indartsu&gt; eta skiatloiko irristalaria. Sotxi'14 eta PyeongChang'18ko olinpikoa ere izan da.<\/p><h3>\u00a0<\/h3>\t\t\t\t\t<\/div>\n\t\t\t\t\t\t<\/div>\n\t\t\t\t<\/div>\n\t\t\t\t<div class=\"elementor-element elementor-element-e2b1a47 elementor-widget-divider--view-line elementor-widget elementor-widget-divider\" data-id=\"e2b1a47\" data-element_type=\"widget\" data-widget_type=\"divider.default\">\n\t\t\t\t<div class=\"elementor-widget-container\">\n\t\t\t\t\t<div class=\"elementor-divider\">\n\t\t\t<span class=\"elementor-divider-separator\">\n\t\t\t\t\t\t<\/span>\n\t\t<\/div>\n\t\t\t\t<\/div>\n\t\t\t\t<\/div>\n\t\t\t\t\t\t<\/div>\n\t\t\t\t\t<\/div>\n\t\t<\/div>\n\t\t\t\t\t\t\t\t<\/div>\n\t\t\t\t\t<\/div>\n\t\t<\/section>\n\t\t\t\t\t\t\t\t\t<\/div>\n\t\t\t<\/div>\n\t\t\t\t\t<\/div>","protected":false},"excerpt":{"rendered":"<p>Imanol Rojo ganador de la OPA Alpen Cup de 15 kil\u00f3metros Cl\u00e1sico en Val Formazza Noticia Marca manol Rojo, el esquiador tolosano del equipo de fondo de la RFEDI, lograba este s\u00e1bado su\u00a0primera victoria en la Copa de Europa OPA Alpen Cup FIS\u00a0disputada en la estaci\u00f3n italiana de Val Formazza. La prueba de 15 km [&hellip;]<\/p>","protected":false},"author":3,"featured_media":2633,"comment_status":"closed","ping_status":"closed","sticky":false,"template":"elementor_header_footer","format":"standard","meta":[],"categories":[9,15],"tags":[],"_links":{"self":[{"href":"https:\/\/nkef.eus\/eu\/index.php\/wp-json\/wp\/v2\/posts\/2631"}],"collection":[{"href":"https:\/\/nkef.eus\/eu\/index.php\/wp-json\/wp\/v2\/posts"}],"about":[{"href":"https:\/\/nkef.eus\/eu\/index.php\/wp-json\/wp\/v2\/types\/post"}],"author":[{"embeddable":true,"href":"https:\/\/nkef.eus\/eu\/index.php\/wp-json\/wp\/v2\/users\/3"}],"replies":[{"embeddable":true,"href":"https:\/\/nkef.eus\/eu\/index.php\/wp-json\/wp\/v2\/comments?post=2631"}],"version-history":[{"count":7,"href":"https:\/\/nkef.eus\/eu\/index.php\/wp-json\/wp\/v2\/posts\/2631\/revisions"}],"predecessor-version":[{"id":2640,"href":"https:\/\/nkef.eus\/eu\/index.php\/wp-json\/wp\/v2\/posts\/2631\/revisions\/2640"}],"wp:featuredmedia":[{"embeddable":true,"href":"https:\/\/nkef.eus\/eu\/index.php\/wp-json\/wp\/v2\/media\/2633"}],"wp:attachment":[{"href":"https:\/\/nkef.eus\/eu\/index.php\/wp-json\/wp\/v2\/media?parent=2631"}],"wp:term":[{"taxonomy":"category","embeddable":true,"href":"https:\/\/nkef.eus\/eu\/index.php\/wp-json\/wp\/v2\/categories?post=2631"},{"taxonomy":"post_tag","embeddable":true,"href":"https:\/\/nkef.eus\/eu\/index.php\/wp-json\/wp\/v2\/tags?post=2631"}],"curies":[{"name":"wp","href":"https:\/\/api.w.org\/{rel}","templated":true}]}}