{"id":2242,"date":"2020-11-27T10:16:29","date_gmt":"2020-11-27T10:16:29","guid":{"rendered":"https:\/\/nkef.eus\/?p=2242"},"modified":"2020-11-27T10:50:25","modified_gmt":"2020-11-27T10:50:25","slug":"iker-oyarzabal-y-nahia-olaizolatxuri-berri-debutan-esta-temporada-en-la-santa-claus-cup","status":"publish","type":"post","link":"https:\/\/nkef.eus\/eu\/index.php\/2020\/11\/27\/iker-oyarzabal-y-nahia-olaizolatxuri-berri-debutan-esta-temporada-en-la-santa-claus-cup\/","title":{"rendered":"Iker Oyarzabal eta Nahia Olaizola (Txuri Berri) aurkeztu dira denboraldi honetan Santa Claus Kopan"},"content":{"rendered":"<div data-elementor-type=\"wp-post\" data-elementor-id=\"2242\" class=\"elementor elementor-2242\">\n\t\t\t\t\t\t<div class=\"elementor-inner\">\n\t\t\t\t<div class=\"elementor-section-wrap\">\n\t\t\t\t\t\t\t\t\t<section class=\"elementor-section elementor-top-section elementor-element elementor-element-5cb2ce0a elementor-section-content-middle elementor-section-boxed elementor-section-height-default elementor-section-height-default\" data-id=\"5cb2ce0a\" data-element_type=\"section\">\n\t\t\t\t\t\t<div class=\"elementor-container elementor-column-gap-no\">\n\t\t\t\t\t\t\t<div class=\"elementor-row\">\n\t\t\t\t\t<div class=\"elementor-column elementor-col-100 elementor-top-column elementor-element elementor-element-2c4533b7\" data-id=\"2c4533b7\" data-element_type=\"column\">\n\t\t\t<div class=\"elementor-column-wrap elementor-element-populated\">\n\t\t\t\t\t\t\t<div class=\"elementor-widget-wrap\">\n\t\t\t\t\t\t<div class=\"elementor-element elementor-element-368e85 elementor-widget elementor-widget-heading\" data-id=\"368e85\" data-element_type=\"widget\" data-widget_type=\"heading.default\">\n\t\t\t\t<div class=\"elementor-widget-container\">\n\t\t\t<h4 class=\"elementor-heading-title elementor-size-default\">Iker Oyarzabal eta Nahia Olaizola (Txuri Berri) aurkeztu dira denboraldi honetan Santa Claus Kopan<\/h4>\t\t<\/div>\n\t\t\t\t<\/div>\n\t\t\t\t<div class=\"elementor-element elementor-element-4236153 elementor-widget elementor-widget-image\" data-id=\"4236153\" data-element_type=\"widget\" data-widget_type=\"image.default\">\n\t\t\t\t<div class=\"elementor-widget-container\">\n\t\t\t\t\t\t\t\t<div class=\"elementor-image\">\n\t\t\t\t\t\t\t\t\t<figure class=\"wp-caption\">\n\t\t\t\t\t\t\t\t\t\t<img width=\"311\" height=\"162\" src=\"https:\/\/nkef.eus\/wp-content\/uploads\/2020\/11\/santa-claus-cup.jpg\" class=\"attachment-large size-large\" alt=\"\" loading=\"lazy\" srcset=\"https:\/\/nkef.eus\/wp-content\/uploads\/2020\/11\/santa-claus-cup.jpg 311w, https:\/\/nkef.eus\/wp-content\/uploads\/2020\/11\/santa-claus-cup-300x156.jpg 300w, https:\/\/nkef.eus\/wp-content\/uploads\/2020\/11\/santa-claus-cup-16x8.jpg 16w\" sizes=\"(max-width: 311px) 100vw, 311px\" \/>\t\t\t\t\t\t\t\t\t\t\t<figcaption class=\"widget-image-caption wp-caption-text\"><\/figcaption>\n\t\t\t\t\t\t\t\t\t\t<\/figure>\n\t\t\t\t\t\t\t\t<\/div>\n\t\t\t\t\t\t<\/div>\n\t\t\t\t<\/div>\n\t\t\t\t<div class=\"elementor-element elementor-element-5b1d86d elementor-widget elementor-widget-text-editor\" data-id=\"5b1d86d\" data-element_type=\"widget\" data-widget_type=\"text-editor.default\">\n\t\t\t\t<div class=\"elementor-widget-container\">\n\t\t\t\t\t\t\t\t<div class=\"elementor-text-editor elementor-clearfix\">\n\t\t\t\t<p style=\"text-align: center;\"><span style=\"color: #808080;\">La Copa Santa Claus es una competencia internacional de patinaje art\u00edstico para patinadores principiantes avanzados, intermedios y b\u00e1sicos y m\u00e1s j\u00f3venes, as\u00ed como para j\u00f3venes y adultos mayores que se celebra en Budapest &#8211; Hungr\u00eda, del 26 al 29 de Noviembre de 2020.<\/span><\/p>\t\t\t\t\t<\/div>\n\t\t\t\t\t\t<\/div>\n\t\t\t\t<\/div>\n\t\t\t\t<div class=\"elementor-element elementor-element-85ea8de elementor-widget-divider--view-line elementor-widget elementor-widget-divider\" data-id=\"85ea8de\" data-element_type=\"widget\" data-widget_type=\"divider.default\">\n\t\t\t\t<div class=\"elementor-widget-container\">\n\t\t\t\t\t<div class=\"elementor-divider\">\n\t\t\t<span class=\"elementor-divider-separator\">\n\t\t\t\t\t\t<\/span>\n\t\t<\/div>\n\t\t\t\t<\/div>\n\t\t\t\t<\/div>\n\t\t\t\t<div class=\"elementor-element elementor-element-a55b3d8 elementor-widget elementor-widget-text-editor\" data-id=\"a55b3d8\" data-element_type=\"widget\" data-widget_type=\"text-editor.default\">\n\t\t\t\t<div class=\"elementor-widget-container\">\n\t\t\t\t\t\t\t\t<div class=\"elementor-text-editor elementor-clearfix\">\n\t\t\t\t<p style=\"text-align: center;\"><span style=\"text-decoration: underline;\"><span style=\"color: #000000; text-decoration: underline;\">Jueves 26 De Noviembre. Programa Corto De Iker Oyarzabal.<\/span><\/span><\/p>\t\t\t\t\t<\/div>\n\t\t\t\t\t\t<\/div>\n\t\t\t\t<\/div>\n\t\t\t\t<div class=\"elementor-element elementor-element-2f1ce3e elementor-widget elementor-widget-image\" data-id=\"2f1ce3e\" data-element_type=\"widget\" data-widget_type=\"image.default\">\n\t\t\t\t<div class=\"elementor-widget-container\">\n\t\t\t\t\t\t\t\t<div class=\"elementor-image\">\n\t\t\t\t\t\t\t\t\t<figure class=\"wp-caption\">\n\t\t\t\t\t\t\t\t\t\t<img width=\"580\" height=\"326\" src=\"https:\/\/nkef.eus\/wp-content\/uploads\/2020\/11\/iker-oyarzabal-1-1024x576.png\" class=\"attachment-large size-large\" alt=\"\" loading=\"lazy\" srcset=\"https:\/\/nkef.eus\/wp-content\/uploads\/2020\/11\/iker-oyarzabal-1-1024x576.png 1024w, https:\/\/nkef.eus\/wp-content\/uploads\/2020\/11\/iker-oyarzabal-1-300x169.png 300w, https:\/\/nkef.eus\/wp-content\/uploads\/2020\/11\/iker-oyarzabal-1-768x432.png 768w, https:\/\/nkef.eus\/wp-content\/uploads\/2020\/11\/iker-oyarzabal-1-16x9.png 16w, https:\/\/nkef.eus\/wp-content\/uploads\/2020\/11\/iker-oyarzabal-1.png 1366w\" sizes=\"(max-width: 580px) 100vw, 580px\" \/>\t\t\t\t\t\t\t\t\t\t\t<figcaption class=\"widget-image-caption wp-caption-text\"> Iker Oyarzabal Programa Corto Jueves 26 Noviembre 2020 (Budapest - Hungria)<\/figcaption>\n\t\t\t\t\t\t\t\t\t\t<\/figure>\n\t\t\t\t\t\t\t\t<\/div>\n\t\t\t\t\t\t<\/div>\n\t\t\t\t<\/div>\n\t\t\t\t<div class=\"elementor-element elementor-element-7352612 elementor-aspect-ratio-169 elementor-widget elementor-widget-video\" data-id=\"7352612\" data-element_type=\"widget\" data-settings=\"{&quot;youtube_url&quot;:&quot;https:\\\/\\\/www.youtube.com\\\/watch?v=9qk_e5YA1Lo&quot;,&quot;video_type&quot;:&quot;youtube&quot;,&quot;controls&quot;:&quot;yes&quot;,&quot;aspect_ratio&quot;:&quot;169&quot;}\" data-widget_type=\"video.default\">\n\t\t\t\t<div class=\"elementor-widget-container\">\n\t\t\t\t\t<div class=\"elementor-wrapper elementor-fit-aspect-ratio elementor-open-inline\">\n\t\t\t<div class=\"elementor-video\"><\/div>\t\t<\/div>\n\t\t\t\t<\/div>\n\t\t\t\t<\/div>\n\t\t\t\t<div class=\"elementor-element elementor-element-19f4729 elementor-widget-divider--view-line elementor-widget elementor-widget-divider\" data-id=\"19f4729\" data-element_type=\"widget\" data-widget_type=\"divider.default\">\n\t\t\t\t<div class=\"elementor-widget-container\">\n\t\t\t\t\t<div class=\"elementor-divider\">\n\t\t\t<span class=\"elementor-divider-separator\">\n\t\t\t\t\t\t<\/span>\n\t\t<\/div>\n\t\t\t\t<\/div>\n\t\t\t\t<\/div>\n\t\t\t\t<div class=\"elementor-element elementor-element-4a88aa8 elementor-widget elementor-widget-image\" data-id=\"4a88aa8\" data-element_type=\"widget\" data-widget_type=\"image.default\">\n\t\t\t\t<div class=\"elementor-widget-container\">\n\t\t\t\t\t\t\t\t<div class=\"elementor-image\">\n\t\t\t\t\t\t\t\t\t<figure class=\"wp-caption\">\n\t\t\t\t\t\t\t\t\t\t<img width=\"580\" height=\"326\" src=\"https:\/\/nkef.eus\/wp-content\/uploads\/2020\/11\/nahia-olaizola-1-1024x576.png\" class=\"attachment-large size-large\" alt=\"\" loading=\"lazy\" srcset=\"https:\/\/nkef.eus\/wp-content\/uploads\/2020\/11\/nahia-olaizola-1-1024x576.png 1024w, https:\/\/nkef.eus\/wp-content\/uploads\/2020\/11\/nahia-olaizola-1-300x169.png 300w, https:\/\/nkef.eus\/wp-content\/uploads\/2020\/11\/nahia-olaizola-1-768x432.png 768w, https:\/\/nkef.eus\/wp-content\/uploads\/2020\/11\/nahia-olaizola-1-16x9.png 16w, https:\/\/nkef.eus\/wp-content\/uploads\/2020\/11\/nahia-olaizola-1.png 1366w\" sizes=\"(max-width: 580px) 100vw, 580px\" \/>\t\t\t\t\t\t\t\t\t\t\t<figcaption class=\"widget-image-caption wp-caption-text\"> Nahia Olaizola Programa Corto Jueves 26 Noviembre 2020 (Budapest - Hungria)<\/figcaption>\n\t\t\t\t\t\t\t\t\t\t<\/figure>\n\t\t\t\t\t\t\t\t<\/div>\n\t\t\t\t\t\t<\/div>\n\t\t\t\t<\/div>\n\t\t\t\t<div class=\"elementor-element elementor-element-0a3fd3f elementor-widget elementor-widget-text-editor\" data-id=\"0a3fd3f\" data-element_type=\"widget\" data-widget_type=\"text-editor.default\">\n\t\t\t\t<div class=\"elementor-widget-container\">\n\t\t\t\t\t\t\t\t<div class=\"elementor-text-editor elementor-clearfix\">\n\t\t\t\t<p style=\"text-align: center;\"><span style=\"text-decoration: underline;\"><span style=\"color: #000000; text-decoration: underline;\">Jueves 26 De Noviembre. Programa Corto De Nahia Olaizola.<\/span><\/span><\/p>\t\t\t\t\t<\/div>\n\t\t\t\t\t\t<\/div>\n\t\t\t\t<\/div>\n\t\t\t\t<div class=\"elementor-element elementor-element-f79bd42 elementor-aspect-ratio-169 elementor-widget elementor-widget-video\" data-id=\"f79bd42\" data-element_type=\"widget\" data-settings=\"{&quot;youtube_url&quot;:&quot;https:\\\/\\\/www.youtube.com\\\/watch?v=eIwdoRIjpFQ&amp;t=144s&quot;,&quot;video_type&quot;:&quot;youtube&quot;,&quot;controls&quot;:&quot;yes&quot;,&quot;aspect_ratio&quot;:&quot;169&quot;}\" data-widget_type=\"video.default\">\n\t\t\t\t<div class=\"elementor-widget-container\">\n\t\t\t\t\t<div class=\"elementor-wrapper elementor-fit-aspect-ratio elementor-open-inline\">\n\t\t\t<div class=\"elementor-video\"><\/div>\t\t<\/div>\n\t\t\t\t<\/div>\n\t\t\t\t<\/div>\n\t\t\t\t\t\t<\/div>\n\t\t\t\t\t<\/div>\n\t\t<\/div>\n\t\t\t\t\t\t\t\t<\/div>\n\t\t\t\t\t<\/div>\n\t\t<\/section>\n\t\t\t\t\t\t\t\t\t<\/div>\n\t\t\t<\/div>\n\t\t\t\t\t<\/div>","protected":false},"excerpt":{"rendered":"<p>Iker Oyarzabal y Nahia Olaizola(Txuri Berri) Debutan Esta Temporada En La Santa Claus Cup La Copa Santa Claus es una competencia internacional de patinaje art\u00edstico para patinadores principiantes avanzados, intermedios y b\u00e1sicos y m\u00e1s j\u00f3venes, as\u00ed como para j\u00f3venes y adultos mayores que se celebra en Budapest &#8211; Hungr\u00eda, del 26 al 29 de Noviembre [&hellip;]<\/p>","protected":false},"author":3,"featured_media":2245,"comment_status":"closed","ping_status":"closed","sticky":false,"template":"elementor_header_footer","format":"standard","meta":[],"categories":[16],"tags":[],"_links":{"self":[{"href":"https:\/\/nkef.eus\/eu\/index.php\/wp-json\/wp\/v2\/posts\/2242"}],"collection":[{"href":"https:\/\/nkef.eus\/eu\/index.php\/wp-json\/wp\/v2\/posts"}],"about":[{"href":"https:\/\/nkef.eus\/eu\/index.php\/wp-json\/wp\/v2\/types\/post"}],"author":[{"embeddable":true,"href":"https:\/\/nkef.eus\/eu\/index.php\/wp-json\/wp\/v2\/users\/3"}],"replies":[{"embeddable":true,"href":"https:\/\/nkef.eus\/eu\/index.php\/wp-json\/wp\/v2\/comments?post=2242"}],"version-history":[{"count":19,"href":"https:\/\/nkef.eus\/eu\/index.php\/wp-json\/wp\/v2\/posts\/2242\/revisions"}],"predecessor-version":[{"id":2266,"href":"https:\/\/nkef.eus\/eu\/index.php\/wp-json\/wp\/v2\/posts\/2242\/revisions\/2266"}],"wp:featuredmedia":[{"embeddable":true,"href":"https:\/\/nkef.eus\/eu\/index.php\/wp-json\/wp\/v2\/media\/2245"}],"wp:attachment":[{"href":"https:\/\/nkef.eus\/eu\/index.php\/wp-json\/wp\/v2\/media?parent=2242"}],"wp:term":[{"taxonomy":"category","embeddable":true,"href":"https:\/\/nkef.eus\/eu\/index.php\/wp-json\/wp\/v2\/categories?post=2242"},{"taxonomy":"post_tag","embeddable":true,"href":"https:\/\/nkef.eus\/eu\/index.php\/wp-json\/wp\/v2\/tags?post=2242"}],"curies":[{"name":"wp","href":"https:\/\/api.w.org\/{rel}","templated":true}]}}