{"id":2181,"date":"2020-11-25T08:46:33","date_gmt":"2020-11-25T08:46:33","guid":{"rendered":"https:\/\/nkef.eus\/?p=2181"},"modified":"2020-11-25T08:50:15","modified_gmt":"2020-11-25T08:50:15","slug":"eguibar-me-da-rabia-no-ganar-porque-se-el-nivel-que-tengo-y-como-trabajo","status":"publish","type":"post","link":"https:\/\/nkef.eus\/eu\/index.php\/2020\/11\/25\/eguibar-me-da-rabia-no-ganar-porque-se-el-nivel-que-tengo-y-como-trabajo\/","title":{"rendered":"Eguibar: \u00abMe Da Rabia No Ganar Porque S\u00e9 El Nivel Que Tengo y C\u00f3mo Trabajo\u00bb"},"content":{"rendered":"<div data-elementor-type=\"wp-post\" data-elementor-id=\"2181\" class=\"elementor elementor-2181\">\n\t\t\t\t\t\t<div class=\"elementor-inner\">\n\t\t\t\t<div class=\"elementor-section-wrap\">\n\t\t\t\t\t\t\t\t\t<section class=\"elementor-section elementor-top-section elementor-element elementor-element-6a4b5f39 elementor-section-content-middle elementor-section-boxed elementor-section-height-default elementor-section-height-default\" data-id=\"6a4b5f39\" data-element_type=\"section\">\n\t\t\t\t\t\t<div class=\"elementor-container elementor-column-gap-no\">\n\t\t\t\t\t\t\t<div class=\"elementor-row\">\n\t\t\t\t\t<div class=\"elementor-column elementor-col-100 elementor-top-column elementor-element elementor-element-62b73efb\" data-id=\"62b73efb\" data-element_type=\"column\">\n\t\t\t<div class=\"elementor-column-wrap elementor-element-populated\">\n\t\t\t\t\t\t\t<div class=\"elementor-widget-wrap\">\n\t\t\t\t\t\t<div class=\"elementor-element elementor-element-108c16e4 elementor-widget elementor-widget-heading\" data-id=\"108c16e4\" data-element_type=\"widget\" data-widget_type=\"heading.default\">\n\t\t\t\t<div class=\"elementor-widget-container\">\n\t\t\t<h4 class=\"elementor-heading-title elementor-size-default\">Eguibar: \u00abMe Da Rabia No Ganar Porque S\u00e9 El Nivel Que Tengo y C\u00f3mo Trabajo\u00bb<\/h4>\t\t<\/div>\n\t\t\t\t<\/div>\n\t\t\t\t<div class=\"elementor-element elementor-element-d07a9eb elementor-widget elementor-widget-image\" data-id=\"d07a9eb\" data-element_type=\"widget\" data-widget_type=\"image.default\">\n\t\t\t\t<div class=\"elementor-widget-container\">\n\t\t\t\t\t\t\t\t<div class=\"elementor-image\">\n\t\t\t\t\t\t\t\t\t<figure class=\"wp-caption\">\n\t\t\t\t\t\t\t\t\t\t<img width=\"580\" height=\"870\" src=\"https:\/\/nkef.eus\/wp-content\/uploads\/2020\/11\/lucas-eguibar-snow-entrenamiento-2020-004-1-683x1024.jpg\" class=\"attachment-large size-large\" alt=\"\" loading=\"lazy\" srcset=\"https:\/\/nkef.eus\/wp-content\/uploads\/2020\/11\/lucas-eguibar-snow-entrenamiento-2020-004-1-683x1024.jpg 683w, https:\/\/nkef.eus\/wp-content\/uploads\/2020\/11\/lucas-eguibar-snow-entrenamiento-2020-004-1-200x300.jpg 200w, https:\/\/nkef.eus\/wp-content\/uploads\/2020\/11\/lucas-eguibar-snow-entrenamiento-2020-004-1-768x1152.jpg 768w, https:\/\/nkef.eus\/wp-content\/uploads\/2020\/11\/lucas-eguibar-snow-entrenamiento-2020-004-1-1024x1536.jpg 1024w, https:\/\/nkef.eus\/wp-content\/uploads\/2020\/11\/lucas-eguibar-snow-entrenamiento-2020-004-1-1365x2048.jpg 1365w, https:\/\/nkef.eus\/wp-content\/uploads\/2020\/11\/lucas-eguibar-snow-entrenamiento-2020-004-1-8x12.jpg 8w, https:\/\/nkef.eus\/wp-content\/uploads\/2020\/11\/lucas-eguibar-snow-entrenamiento-2020-004-1-scaled.jpg 1706w\" sizes=\"(max-width: 580px) 100vw, 580px\" \/>\t\t\t\t\t\t\t\t\t\t\t<figcaption class=\"widget-image-caption wp-caption-text\">Art\u00edculo El Diario Vasco 23 Noviembre 2020 Por Eneko P. Carrasco \/ Fotos F\u00e9lix Morquecho.<\/figcaption>\n\t\t\t\t\t\t\t\t\t\t<\/figure>\n\t\t\t\t\t\t\t\t<\/div>\n\t\t\t\t\t\t<\/div>\n\t\t\t\t<\/div>\n\t\t\t\t<div class=\"elementor-element elementor-element-e995e23 elementor-widget-divider--view-line elementor-widget elementor-widget-divider\" data-id=\"e995e23\" data-element_type=\"widget\" data-widget_type=\"divider.default\">\n\t\t\t\t<div class=\"elementor-widget-container\">\n\t\t\t\t\t<div class=\"elementor-divider\">\n\t\t\t<span class=\"elementor-divider-separator\">\n\t\t\t\t\t\t<\/span>\n\t\t<\/div>\n\t\t\t\t<\/div>\n\t\t\t\t<\/div>\n\t\t\t\t<div class=\"elementor-element elementor-element-d965857 elementor-widget elementor-widget-text-editor\" data-id=\"d965857\" data-element_type=\"widget\" data-widget_type=\"text-editor.default\">\n\t\t\t\t<div class=\"elementor-widget-container\">\n\t\t\t\t\t\t\t\t<div class=\"elementor-text-editor elementor-clearfix\">\n\t\t\t\t<p style=\"text-align: center;\"><span style=\"text-decoration: underline;\"><span style=\"color: #ff0000; text-decoration: underline;\">SNOWBOARDER PROFESIONAL, UNO DE LOS MEJORES DEL MUNDO EN SU DISCIPLINA<\/span><\/span><\/p>\t\t\t\t\t<\/div>\n\t\t\t\t\t\t<\/div>\n\t\t\t\t<\/div>\n\t\t\t\t<div class=\"elementor-element elementor-element-1fb98949 elementor-widget elementor-widget-text-editor\" data-id=\"1fb98949\" data-element_type=\"widget\" data-widget_type=\"text-editor.default\">\n\t\t\t\t<div class=\"elementor-widget-container\">\n\t\t\t\t\t\t\t\t<div class=\"elementor-text-editor elementor-clearfix\">\n\t\t\t\t<p>Hubiera resultado m\u00e1s f\u00e1cil haberse dedicado al f\u00fatbol, al ciclismo o al surf, porque la monta\u00f1a est\u00e1 muy lejos de Donostia, pero eso a Lucas Eguibar (Donostia, 1994) nunca le import\u00f3. A \u00e9l le van la nieve y el snowboarding. Y mal no le ha ido en su carrera deportiva, porque con solo 26 a\u00f1os ya est\u00e1 entre los mejores del mundo y ha participado en dos Juegos Ol\u00edmpicos. Este a\u00f1o va a volver a dar guerra.<\/p><p><strong>\u2013 \u00bfVa a haber temporada de snow o no?<\/strong><\/p><p>\u2013 Bueno, hay dudas sobre c\u00f3mo va a ser, lamentablemente no es seguro que se vayan a celebrar todas las pruebas. De momento, nos han dicho que la \u00faltima de diciembre se atrasa, y la de Austria que tenemos el 10 de diciembre la quieren hacer. Con esa carrera abriremos la temporada de la Copa del Mundo.<\/p><p><strong>\u2013 Con tantas dudas en el aire, \u00bfla preparaci\u00f3n es la misma?<\/strong><\/p><p>\u2013 A ver, yo s\u00e9 que va a ser una temporada complicada. Porque nos estamos preparando como si fu\u00e9ramos a empezar ya, pero nadie sabe cu\u00e1ntas carreras vamos a poder disputar. Mi idea es seguir entrenando normal, y si luego no se puede competir, pues es lo que hay. Bastante suerte tengo yo de poder entrenar en Austria, Suiza&#8230; Estoy contento y me siento afortunado de poder viajar para entrenar.<\/p><p><strong>\u2013 \u00bfCu\u00e1l es su objetivo para este a\u00f1o?<\/strong><\/p><p>\u2013 Voy a por el Globo de Cristal. En los \u00faltimos a\u00f1os por algunos errores me he quedado un pel\u00edn atr\u00e1s, pero he estado cuarto en la general dos a\u00f1os seguidos y yo creo que estar ah\u00ed tambi\u00e9n es complicado. He mejorado mucho, y esta pretemporada he acabado muy contento del trabajo realizado.<\/p><p><strong>\u2013 Para ser tan joven tiene un palmar\u00e9s importante. \u00bfSe imaginaba algo as\u00ed cuando empez\u00f3?<\/strong><\/p><p>\u2013 No, para nada. \u00a1Yo era mal\u00edsimo cuando empec\u00e9! (risas) Mis metas no eran estas, eran ir poco a poco mejorando, lo dem\u00e1s lo ve\u00eda s\u00faper lejos. Pero empec\u00e9 a mejorar muy r\u00e1pido y ahora estoy muy orgulloso de lo que he hecho. Llegados a este punto, me da rabia no ganar porque s\u00e9 el trabajo que hago y cu\u00e1l es mi verdadero nivel. Puedo luchar por el t\u00edtulo.<\/p><p><strong>\u2013 \u00bfCu\u00e1ndo es consciente de que puede llevar a cabo una carrera profesional en el snow?<\/strong><\/p><p>\u2013 Entre 2013 y 2014, m\u00e1s o menos.<\/p><p><strong>\u2013 \u00bfSe ve mucho tiempo compitiendo en la \u00e9lite?<\/strong><\/p><p>\u2013 Ojal\u00e1, mi intenci\u00f3n es la de hacer una carrera larga si me respetan las lesiones y si me mantengo al nivel necesario para estar entre los mejores&#8230; porque si es para estar \u00faltimo, habr\u00e1 que pensar en otras prioridades (risas). En el circuito hay un poco de todo, los m\u00e1s veteranos son algunos estadounidenses de 36 y 37 a\u00f1os.<\/p><div class=\"voc-detail-summary\"><p>\u00ab\u00bfMi palmar\u00e9s? No me lo esperaba, \u00a1pero si yo era mal\u00edsimo cuando empec\u00e9! Despu\u00e9s mejor\u00e9 mucho\u00bb<\/p><\/div><p>\u00a0<\/p><div class=\"voc-detail-summary\"><p>\u00abMe preocupo en conocerme bien a m\u00ed mismo, s\u00e9 d\u00f3nde est\u00e1n mis l\u00edmites\u00bb<\/p><\/div><p>\u00a0<\/p><div class=\"voc-detail-summary\"><p>\u00abNadie sabe cu\u00e1ntas carreras vamos a disputar&#8230; Hay dudas sobre la temporada\u00bb<\/p><\/div><p>\u00a0<\/p><p><strong>\u2013 Cu\u00e1les son sus virtudes como &#8216;rider&#8217;, y qu\u00e9 cosas le gustar\u00eda mejorar.<\/strong><\/p><p>\u2013 Soy bueno mentalmente, conservo la calma en momentos de tensi\u00f3n. Me preocupo en conocer muy bien los circuitos, conocerme a m\u00ed mismo, y eso viene bien a la hora de competir. S\u00e9 d\u00f3nde est\u00e1n mis l\u00edmites. \u00bfAlgo para mejorar? En las carreras en las que est\u00e1 nevando, o que justo ha nevado, con la nieve m\u00e1s blanda y que tienes que ser algo m\u00e1s fino&#8230; es mi punto d\u00e9bil. Cometo errores a veces que pueden costar segundos.<\/p><p><strong>\u2013 \u00bfEs de los que han tenido \u00eddolos a quienes admirar?<\/strong><\/p><p>\u2013 S\u00ed, de todos los deportes y luego tambi\u00e9n del m\u00edo. Uno de mis referentes es Rafa Nadal. Le he seguido desde siempre. Y luego en el snow me he fijado en todos los grandes un poco. Intento coger las cosas que me gustan de todos.<\/p><p><strong>\u2013 Usted compite con la limitaci\u00f3n de tener las pistas de entrenamiento muy lejos.<\/strong><\/p><p>\u2013 S\u00ed, as\u00ed es. Por ejemplo, mi mejor amigo en el circuito, que es un &#8216;rider&#8217; austriaco, que lleva dos a\u00f1os ganando, vive a treinta metros del telesilla. Por otra parte, creo que me viene bien eso, as\u00ed desconecto cuando viajo. Desde hace unos a\u00f1os mis entrenamientos son m\u00e1s cortos pero mucho m\u00e1s intensos. Igual ahora estoy una semana fuera de casa, pero esa semana es a tope hasta que me desgaste. Luego vuelvo a casa, a la playa. Ese cambio de aires me viene bien.<\/p><p><strong>\u2013 Es un deporte caro, \u00bfno?<\/strong><\/p><p>\u2013 S\u00ed. Nosotros tenemos la suerte de que la Federaci\u00f3n Espa\u00f1ola de Deportes de Invierno se hace cargo de los gastos cuando vamos a entrenar. Si yo tuviese que pagar ya me hubiese retirado, es mucho dinero solo con los viajes. Tenemos una complicaci\u00f3n extra con respecto a otros deportes, la monta\u00f1a es muy cara, es as\u00ed. En la comida, por ejemplo, lo noto mucho. En el Pa\u00eds Vasco se come muy bien, en Espa\u00f1a tambi\u00e9n, pero fuera&#8230; vas a la monta\u00f1a y el pescado es malo y te lo ponen por las nubes. Para m\u00ed es importante la alimentaci\u00f3n, es la base del entrenamiento. Tengo gente que me lleva el tema de lo que es el control alimenticio.<\/p>\t\t\t\t\t<\/div>\n\t\t\t\t\t\t<\/div>\n\t\t\t\t<\/div>\n\t\t\t\t<div class=\"elementor-element elementor-element-aec935b elementor-widget elementor-widget-image-gallery\" data-id=\"aec935b\" data-element_type=\"widget\" data-widget_type=\"image-gallery.default\">\n\t\t\t\t<div class=\"elementor-widget-container\">\n\t\t\t\t\t<div class=\"elementor-image-gallery\">\n\t\t\t<div id='gallery-1' class='gallery galleryid-2181 gallery-columns-3 gallery-size-thumbnail'><figure class='gallery-item'>\n\t\t\t<div class='gallery-icon portrait'>\n\t\t\t\t<a data-elementor-open-lightbox=\"yes\" data-elementor-lightbox-slideshow=\"aec935b\" data-elementor-lightbox-title=\"A1-1429207112.jpg\" e-action-hash=\"#elementor-action%3Aaction%3Dlightbox%26settings%3DeyJpZCI6MjE4OCwidXJsIjoiaHR0cHM6XC9cL25rZWYuZXVzXC93cC1jb250ZW50XC91cGxvYWRzXC8yMDIwXC8xMVwvbHVjYXMtZWd1aWJhci1zbm93LWVudHJlbmFtaWVudG8tMjAyMC0wMDctMS1zY2FsZWQuanBnIiwic2xpZGVzaG93IjoiYWVjOTM1YiJ9\" href='https:\/\/nkef.eus\/wp-content\/uploads\/2020\/11\/lucas-eguibar-snow-entrenamiento-2020-007-1-scaled.jpg'><img width=\"150\" height=\"150\" src=\"https:\/\/nkef.eus\/wp-content\/uploads\/2020\/11\/lucas-eguibar-snow-entrenamiento-2020-007-1-150x150.jpg\" class=\"attachment-thumbnail size-thumbnail\" alt=\"\" loading=\"lazy\" aria-describedby=\"gallery-1-2188\" \/><\/a>\n\t\t\t<\/div>\n\t\t\t\t<figcaption class='wp-caption-text gallery-caption' id='gallery-1-2188'>\n\t\t\t\tFoto F\u00e9lix Morquecho\n\t\t\t\t<\/figcaption><\/figure><figure class='gallery-item'>\n\t\t\t<div class='gallery-icon portrait'>\n\t\t\t\t<a data-elementor-open-lightbox=\"yes\" data-elementor-lightbox-slideshow=\"aec935b\" data-elementor-lightbox-title=\"A1-1429207057.jpg\" e-action-hash=\"#elementor-action%3Aaction%3Dlightbox%26settings%3DeyJpZCI6MjE4MywidXJsIjoiaHR0cHM6XC9cL25rZWYuZXVzXC93cC1jb250ZW50XC91cGxvYWRzXC8yMDIwXC8xMVwvbHVjYXMtZWd1aWJhci1zbm93LWVudHJlbmFtaWVudG8tMjAyMC0wMDItMS1zY2FsZWQuanBnIiwic2xpZGVzaG93IjoiYWVjOTM1YiJ9\" href='https:\/\/nkef.eus\/wp-content\/uploads\/2020\/11\/lucas-eguibar-snow-entrenamiento-2020-002-1-scaled.jpg'><img width=\"150\" height=\"150\" src=\"https:\/\/nkef.eus\/wp-content\/uploads\/2020\/11\/lucas-eguibar-snow-entrenamiento-2020-002-1-150x150.jpg\" class=\"attachment-thumbnail size-thumbnail\" alt=\"\" loading=\"lazy\" aria-describedby=\"gallery-1-2183\" \/><\/a>\n\t\t\t<\/div>\n\t\t\t\t<figcaption class='wp-caption-text gallery-caption' id='gallery-1-2183'>\n\t\t\t\t Foto F\u00e9lix Morquecho\n\t\t\t\t<\/figcaption><\/figure><figure class='gallery-item'>\n\t\t\t<div class='gallery-icon portrait'>\n\t\t\t\t<a data-elementor-open-lightbox=\"yes\" data-elementor-lightbox-slideshow=\"aec935b\" data-elementor-lightbox-title=\"A1-1429207098.jpg\" e-action-hash=\"#elementor-action%3Aaction%3Dlightbox%26settings%3DeyJpZCI6MjE4NSwidXJsIjoiaHR0cHM6XC9cL25rZWYuZXVzXC93cC1jb250ZW50XC91cGxvYWRzXC8yMDIwXC8xMVwvbHVjYXMtZWd1aWJhci1zbm93LWVudHJlbmFtaWVudG8tMjAyMC0wMDQtMS1zY2FsZWQuanBnIiwic2xpZGVzaG93IjoiYWVjOTM1YiJ9\" href='https:\/\/nkef.eus\/wp-content\/uploads\/2020\/11\/lucas-eguibar-snow-entrenamiento-2020-004-1-scaled.jpg'><img width=\"150\" height=\"150\" src=\"https:\/\/nkef.eus\/wp-content\/uploads\/2020\/11\/lucas-eguibar-snow-entrenamiento-2020-004-1-150x150.jpg\" class=\"attachment-thumbnail size-thumbnail\" alt=\"\" loading=\"lazy\" aria-describedby=\"gallery-1-2185\" \/><\/a>\n\t\t\t<\/div>\n\t\t\t\t<figcaption class='wp-caption-text gallery-caption' id='gallery-1-2185'>\n\t\t\t\t Foto F\u00e9lix Morquecho\n\t\t\t\t<\/figcaption><\/figure><figure class='gallery-item'>\n\t\t\t<div class='gallery-icon landscape'>\n\t\t\t\t<a data-elementor-open-lightbox=\"yes\" data-elementor-lightbox-slideshow=\"aec935b\" data-elementor-lightbox-title=\"A1-1429207115.jpg\" e-action-hash=\"#elementor-action%3Aaction%3Dlightbox%26settings%3DeyJpZCI6MjE5MCwidXJsIjoiaHR0cHM6XC9cL25rZWYuZXVzXC93cC1jb250ZW50XC91cGxvYWRzXC8yMDIwXC8xMVwvbHVjYXMtZWd1aWJhci1zbm93LWVudHJlbmFtaWVudG8tMjAyMC0wMDktMS1zY2FsZWQuanBnIiwic2xpZGVzaG93IjoiYWVjOTM1YiJ9\" href='https:\/\/nkef.eus\/wp-content\/uploads\/2020\/11\/lucas-eguibar-snow-entrenamiento-2020-009-1-scaled.jpg'><img width=\"150\" height=\"150\" src=\"https:\/\/nkef.eus\/wp-content\/uploads\/2020\/11\/lucas-eguibar-snow-entrenamiento-2020-009-1-150x150.jpg\" class=\"attachment-thumbnail size-thumbnail\" alt=\"\" loading=\"lazy\" aria-describedby=\"gallery-1-2190\" \/><\/a>\n\t\t\t<\/div>\n\t\t\t\t<figcaption class='wp-caption-text gallery-caption' id='gallery-1-2190'>\n\t\t\t\t Foto F\u00e9lix Morquecho\n\t\t\t\t<\/figcaption><\/figure><figure class='gallery-item'>\n\t\t\t<div class='gallery-icon landscape'>\n\t\t\t\t<a data-elementor-open-lightbox=\"yes\" data-elementor-lightbox-slideshow=\"aec935b\" data-elementor-lightbox-title=\"A1-1429207116.jpg\" e-action-hash=\"#elementor-action%3Aaction%3Dlightbox%26settings%3DeyJpZCI6MjE5MSwidXJsIjoiaHR0cHM6XC9cL25rZWYuZXVzXC93cC1jb250ZW50XC91cGxvYWRzXC8yMDIwXC8xMVwvbHVjYXMtZWd1aWJhci1zbm93LWVudHJlbmFtaWVudG8tMjAyMC0wMTAtMS1zY2FsZWQuanBnIiwic2xpZGVzaG93IjoiYWVjOTM1YiJ9\" href='https:\/\/nkef.eus\/wp-content\/uploads\/2020\/11\/lucas-eguibar-snow-entrenamiento-2020-010-1-scaled.jpg'><img width=\"150\" height=\"150\" src=\"https:\/\/nkef.eus\/wp-content\/uploads\/2020\/11\/lucas-eguibar-snow-entrenamiento-2020-010-1-150x150.jpg\" class=\"attachment-thumbnail size-thumbnail\" alt=\"\" loading=\"lazy\" aria-describedby=\"gallery-1-2191\" \/><\/a>\n\t\t\t<\/div>\n\t\t\t\t<figcaption class='wp-caption-text gallery-caption' id='gallery-1-2191'>\n\t\t\t\t Foto F\u00e9lix Morquecho\n\t\t\t\t<\/figcaption><\/figure><figure class='gallery-item'>\n\t\t\t<div class='gallery-icon landscape'>\n\t\t\t\t<a data-elementor-open-lightbox=\"yes\" data-elementor-lightbox-slideshow=\"aec935b\" data-elementor-lightbox-title=\"A1-1429207099.jpg\" e-action-hash=\"#elementor-action%3Aaction%3Dlightbox%26settings%3DeyJpZCI6MjE4NiwidXJsIjoiaHR0cHM6XC9cL25rZWYuZXVzXC93cC1jb250ZW50XC91cGxvYWRzXC8yMDIwXC8xMVwvbHVjYXMtZWd1aWJhci1zbm93LWVudHJlbmFtaWVudG8tMjAyMC0wMDUtMS1zY2FsZWQuanBnIiwic2xpZGVzaG93IjoiYWVjOTM1YiJ9\" href='https:\/\/nkef.eus\/wp-content\/uploads\/2020\/11\/lucas-eguibar-snow-entrenamiento-2020-005-1-scaled.jpg'><img width=\"150\" height=\"150\" src=\"https:\/\/nkef.eus\/wp-content\/uploads\/2020\/11\/lucas-eguibar-snow-entrenamiento-2020-005-1-150x150.jpg\" class=\"attachment-thumbnail size-thumbnail\" alt=\"\" loading=\"lazy\" aria-describedby=\"gallery-1-2186\" \/><\/a>\n\t\t\t<\/div>\n\t\t\t\t<figcaption class='wp-caption-text gallery-caption' id='gallery-1-2186'>\n\t\t\t\tFoto F\u00e9lix Morquecho\n\t\t\t\t<\/figcaption><\/figure><figure class='gallery-item'>\n\t\t\t<div class='gallery-icon landscape'>\n\t\t\t\t<a data-elementor-open-lightbox=\"yes\" data-elementor-lightbox-slideshow=\"aec935b\" data-elementor-lightbox-title=\"A1-1429207125.jpg\" e-action-hash=\"#elementor-action%3Aaction%3Dlightbox%26settings%3DeyJpZCI6MjE5MywidXJsIjoiaHR0cHM6XC9cL25rZWYuZXVzXC93cC1jb250ZW50XC91cGxvYWRzXC8yMDIwXC8xMVwvbHVjYXMtZWd1aWJhci1zbm93LWVudHJlbmFtaWVudG8tMjAyMC0wMTItMS1zY2FsZWQuanBnIiwic2xpZGVzaG93IjoiYWVjOTM1YiJ9\" href='https:\/\/nkef.eus\/wp-content\/uploads\/2020\/11\/lucas-eguibar-snow-entrenamiento-2020-012-1-scaled.jpg'><img width=\"150\" height=\"150\" src=\"https:\/\/nkef.eus\/wp-content\/uploads\/2020\/11\/lucas-eguibar-snow-entrenamiento-2020-012-1-150x150.jpg\" class=\"attachment-thumbnail size-thumbnail\" alt=\"\" loading=\"lazy\" aria-describedby=\"gallery-1-2193\" \/><\/a>\n\t\t\t<\/div>\n\t\t\t\t<figcaption class='wp-caption-text gallery-caption' id='gallery-1-2193'>\n\t\t\t\t Foto F\u00e9lix Morquecho\n\t\t\t\t<\/figcaption><\/figure><figure class='gallery-item'>\n\t\t\t<div class='gallery-icon landscape'>\n\t\t\t\t<a data-elementor-open-lightbox=\"yes\" data-elementor-lightbox-slideshow=\"aec935b\" data-elementor-lightbox-title=\"A1-1429207064.jpg\" e-action-hash=\"#elementor-action%3Aaction%3Dlightbox%26settings%3DeyJpZCI6MjE4NCwidXJsIjoiaHR0cHM6XC9cL25rZWYuZXVzXC93cC1jb250ZW50XC91cGxvYWRzXC8yMDIwXC8xMVwvbHVjYXMtZWd1aWJhci1zbm93LWVudHJlbmFtaWVudG8tMjAyMC0wMDMtMS1zY2FsZWQuanBnIiwic2xpZGVzaG93IjoiYWVjOTM1YiJ9\" href='https:\/\/nkef.eus\/wp-content\/uploads\/2020\/11\/lucas-eguibar-snow-entrenamiento-2020-003-1-scaled.jpg'><img width=\"150\" height=\"150\" src=\"https:\/\/nkef.eus\/wp-content\/uploads\/2020\/11\/lucas-eguibar-snow-entrenamiento-2020-003-1-150x150.jpg\" class=\"attachment-thumbnail size-thumbnail\" alt=\"\" loading=\"lazy\" aria-describedby=\"gallery-1-2184\" \/><\/a>\n\t\t\t<\/div>\n\t\t\t\t<figcaption class='wp-caption-text gallery-caption' id='gallery-1-2184'>\n\t\t\t\tFoto F\u00e9lix Morquecho\n\t\t\t\t<\/figcaption><\/figure><figure class='gallery-item'>\n\t\t\t<div class='gallery-icon landscape'>\n\t\t\t\t<a data-elementor-open-lightbox=\"yes\" data-elementor-lightbox-slideshow=\"aec935b\" data-elementor-lightbox-title=\"A1-1429207028.jpg\" e-action-hash=\"#elementor-action%3Aaction%3Dlightbox%26settings%3DeyJpZCI6MjE4MiwidXJsIjoiaHR0cHM6XC9cL25rZWYuZXVzXC93cC1jb250ZW50XC91cGxvYWRzXC8yMDIwXC8xMVwvbHVjYXMtZWd1aWJhci1zbm93LWVudHJlbmFtaWVudG8tMjAyMC0wMDEtMS1zY2FsZWQuanBnIiwic2xpZGVzaG93IjoiYWVjOTM1YiJ9\" href='https:\/\/nkef.eus\/wp-content\/uploads\/2020\/11\/lucas-eguibar-snow-entrenamiento-2020-001-1-scaled.jpg'><img width=\"150\" height=\"150\" src=\"https:\/\/nkef.eus\/wp-content\/uploads\/2020\/11\/lucas-eguibar-snow-entrenamiento-2020-001-1-150x150.jpg\" class=\"attachment-thumbnail size-thumbnail\" alt=\"\" loading=\"lazy\" aria-describedby=\"gallery-1-2182\" \/><\/a>\n\t\t\t<\/div>\n\t\t\t\t<figcaption class='wp-caption-text gallery-caption' id='gallery-1-2182'>\n\t\t\t\t Foto F\u00e9lix Morquecho\n\t\t\t\t<\/figcaption><\/figure>\n\t\t<\/div>\n\t\t<\/div>\n\t\t\t\t<\/div>\n\t\t\t\t<\/div>\n\t\t\t\t<div class=\"elementor-element elementor-element-1682082 elementor-widget-divider--view-line elementor-widget elementor-widget-divider\" data-id=\"1682082\" data-element_type=\"widget\" data-widget_type=\"divider.default\">\n\t\t\t\t<div class=\"elementor-widget-container\">\n\t\t\t\t\t<div class=\"elementor-divider\">\n\t\t\t<span class=\"elementor-divider-separator\">\n\t\t\t\t\t\t<\/span>\n\t\t<\/div>\n\t\t\t\t<\/div>\n\t\t\t\t<\/div>\n\t\t\t\t\t\t<\/div>\n\t\t\t\t\t<\/div>\n\t\t<\/div>\n\t\t\t\t\t\t\t\t<\/div>\n\t\t\t\t\t<\/div>\n\t\t<\/section>\n\t\t\t\t\t\t\t\t\t<\/div>\n\t\t\t<\/div>\n\t\t\t\t\t<\/div>","protected":false},"excerpt":{"rendered":"<p>Eguibar: \u00abMe Da Rabia No Ganar Porque S\u00e9 El Nivel Que Tengo y C\u00f3mo Trabajo\u00bb Art\u00edculo El Diario Vasco 23 Noviembre 2020 Por Eneko P. Carrasco \/ Fotos F\u00e9lix Morquecho. SNOWBOARDER PROFESIONAL, UNO DE LOS MEJORES DEL MUNDO EN SU DISCIPLINA Hubiera resultado m\u00e1s f\u00e1cil haberse dedicado al f\u00fatbol, al ciclismo o al surf, porque [&hellip;]<\/p>","protected":false},"author":3,"featured_media":2182,"comment_status":"closed","ping_status":"closed","sticky":false,"template":"elementor_header_footer","format":"standard","meta":[],"categories":[19],"tags":[],"_links":{"self":[{"href":"https:\/\/nkef.eus\/eu\/index.php\/wp-json\/wp\/v2\/posts\/2181"}],"collection":[{"href":"https:\/\/nkef.eus\/eu\/index.php\/wp-json\/wp\/v2\/posts"}],"about":[{"href":"https:\/\/nkef.eus\/eu\/index.php\/wp-json\/wp\/v2\/types\/post"}],"author":[{"embeddable":true,"href":"https:\/\/nkef.eus\/eu\/index.php\/wp-json\/wp\/v2\/users\/3"}],"replies":[{"embeddable":true,"href":"https:\/\/nkef.eus\/eu\/index.php\/wp-json\/wp\/v2\/comments?post=2181"}],"version-history":[{"count":4,"href":"https:\/\/nkef.eus\/eu\/index.php\/wp-json\/wp\/v2\/posts\/2181\/revisions"}],"predecessor-version":[{"id":2197,"href":"https:\/\/nkef.eus\/eu\/index.php\/wp-json\/wp\/v2\/posts\/2181\/revisions\/2197"}],"wp:featuredmedia":[{"embeddable":true,"href":"https:\/\/nkef.eus\/eu\/index.php\/wp-json\/wp\/v2\/media\/2182"}],"wp:attachment":[{"href":"https:\/\/nkef.eus\/eu\/index.php\/wp-json\/wp\/v2\/media?parent=2181"}],"wp:term":[{"taxonomy":"category","embeddable":true,"href":"https:\/\/nkef.eus\/eu\/index.php\/wp-json\/wp\/v2\/categories?post=2181"},{"taxonomy":"post_tag","embeddable":true,"href":"https:\/\/nkef.eus\/eu\/index.php\/wp-json\/wp\/v2\/tags?post=2181"}],"curies":[{"name":"wp","href":"https:\/\/api.w.org\/{rel}","templated":true}]}}