{"id":2065,"date":"2020-11-13T16:01:53","date_gmt":"2020-11-13T16:01:53","guid":{"rendered":"https:\/\/nkef.eus\/?p=2065"},"modified":"2020-11-13T16:52:14","modified_gmt":"2020-11-13T16:52:14","slug":"alvaro-romero-premio-carolina-ruiz-al-deportista-con-mayor-proyeccion-de-la-temporada-2019-20","status":"publish","type":"post","link":"https:\/\/nkef.eus\/eu\/index.php\/2020\/11\/13\/alvaro-romero-premio-carolina-ruiz-al-deportista-con-mayor-proyeccion-de-la-temporada-2019-20\/","title":{"rendered":"\u00c1LVARO ROMERO PREMIO \u00abCAROLINA RU\u00cdZ\u00bb AL DEPORTISTA CON MAYOR PROYECCI\u00d3N DE LA TEMPORADA 2019\/20"},"content":{"rendered":"<div data-elementor-type=\"wp-post\" data-elementor-id=\"2065\" class=\"elementor elementor-2065\">\n\t\t\t\t\t\t<div class=\"elementor-inner\">\n\t\t\t\t<div class=\"elementor-section-wrap\">\n\t\t\t\t\t\t\t\t\t<section class=\"elementor-section elementor-top-section elementor-element elementor-element-22601d6e elementor-section-content-middle elementor-section-boxed elementor-section-height-default elementor-section-height-default\" data-id=\"22601d6e\" data-element_type=\"section\">\n\t\t\t\t\t\t<div class=\"elementor-container elementor-column-gap-no\">\n\t\t\t\t\t\t\t<div class=\"elementor-row\">\n\t\t\t\t\t<div class=\"elementor-column elementor-col-100 elementor-top-column elementor-element elementor-element-43ef7794\" data-id=\"43ef7794\" data-element_type=\"column\">\n\t\t\t<div class=\"elementor-column-wrap elementor-element-populated\">\n\t\t\t\t\t\t\t<div class=\"elementor-widget-wrap\">\n\t\t\t\t\t\t<div class=\"elementor-element elementor-element-15036ac8 elementor-widget elementor-widget-heading\" data-id=\"15036ac8\" data-element_type=\"widget\" data-widget_type=\"heading.default\">\n\t\t\t\t<div class=\"elementor-widget-container\">\n\t\t\t<h4 class=\"elementor-heading-title elementor-size-default\">\u00c1LVARO ROMERO PREMIO \"CAROLINA RU\u00cdZ\" AL DEPORTISTA CON MAYOR PROYECCI\u00d3N DE LA TEMPORADA 2019\/20<\/h4>\t\t<\/div>\n\t\t\t\t<\/div>\n\t\t\t\t<div class=\"elementor-element elementor-element-be148ea elementor-widget elementor-widget-image\" data-id=\"be148ea\" data-element_type=\"widget\" data-widget_type=\"image.default\">\n\t\t\t\t<div class=\"elementor-widget-container\">\n\t\t\t\t\t\t\t\t<div class=\"elementor-image\">\n\t\t\t\t\t\t\t\t\t\t\t\t<img width=\"580\" height=\"325\" src=\"https:\/\/nkef.eus\/wp-content\/uploads\/2020\/11\/FOTO-GALA-1024x574.png\" class=\"attachment-large size-large\" alt=\"\" loading=\"lazy\" srcset=\"https:\/\/nkef.eus\/wp-content\/uploads\/2020\/11\/FOTO-GALA-1024x574.png 1024w, https:\/\/nkef.eus\/wp-content\/uploads\/2020\/11\/FOTO-GALA-300x168.png 300w, https:\/\/nkef.eus\/wp-content\/uploads\/2020\/11\/FOTO-GALA-768x430.png 768w, https:\/\/nkef.eus\/wp-content\/uploads\/2020\/11\/FOTO-GALA-16x9.png 16w, https:\/\/nkef.eus\/wp-content\/uploads\/2020\/11\/FOTO-GALA.png 1080w\" sizes=\"(max-width: 580px) 100vw, 580px\" \/>\t\t\t\t\t\t\t\t\t\t\t\t\t\t<\/div>\n\t\t\t\t\t\t<\/div>\n\t\t\t\t<\/div>\n\t\t\t\t<div class=\"elementor-element elementor-element-c3b0ba2 elementor-widget-divider--view-line elementor-widget elementor-widget-divider\" data-id=\"c3b0ba2\" data-element_type=\"widget\" data-widget_type=\"divider.default\">\n\t\t\t\t<div class=\"elementor-widget-container\">\n\t\t\t\t\t<div class=\"elementor-divider\">\n\t\t\t<span class=\"elementor-divider-separator\">\n\t\t\t\t\t\t<\/span>\n\t\t<\/div>\n\t\t\t\t<\/div>\n\t\t\t\t<\/div>\n\t\t\t\t<div class=\"elementor-element elementor-element-51b2ffd6 elementor-widget elementor-widget-text-editor\" data-id=\"51b2ffd6\" data-element_type=\"widget\" data-widget_type=\"text-editor.default\">\n\t\t\t\t<div class=\"elementor-widget-container\">\n\t\t\t\t\t\t\t\t<div class=\"elementor-text-editor elementor-clearfix\">\n\t\t\t\t<p>Este viernes 13 de noviembre la Real Federaci\u00f3n Espa\u00f1ola Deportes de Invierno (RFEDI) y la Asociaci\u00f3n de Estaciones de Esqu\u00ed y Monta\u00f1a de Espa\u00f1a (ATUDEM) han presentado, en el marco de la IV Gala en honor a los deportes de la nieve celebrada semipresencialmente en las instalaciones de Madrid SnowZone, la temporada invernal 2020-2021. En la gala se presentan las novedades, inversiones, calendarios de eventos y competiciones de la RFEDI y ATUDEM. Junto a esto, se ha hecho entrega de los IV PREMIOS NACIONALES DE LOS DEPORTES DE NIEVE a los mejores deportistas, personalidades y entidades m\u00e1s destacadas por sus m\u00e9ritos y contribuci\u00f3n durante la temporada pasada ,siendo uno de los deportistas galardonados \u00c1lvaro Romero, Club Dalton\/NKEF por sus logros deportivos durante la temporada 2019\/20\u00a0<\/p><table width=\"946\"><tbody><tr><td width=\"946\">(Medalla de Bronce\u00a0 en SBX en los Youth Olympic Winter Games celebrados la pasada temporada en Laussane )<\/td><\/tr><\/tbody><\/table>\t\t\t\t\t<\/div>\n\t\t\t\t\t\t<\/div>\n\t\t\t\t<\/div>\n\t\t\t\t<div class=\"elementor-element elementor-element-23e0167 elementor-widget elementor-widget-html\" data-id=\"23e0167\" data-element_type=\"widget\" data-widget_type=\"html.default\">\n\t\t\t\t<div class=\"elementor-widget-container\">\n\t\t\t\n<iframe loading=\"lazy\" src=\"https:\/\/www.facebook.com\/plugins\/video.php?height=314&href=https:\/\/es-es.facebook.com\/fvdinkef\/videos\/420284019130022\/text=false&width=560\" width=\"760\" height=\"514\" style=\"border:none;overflow:hidden\" scrolling=\"no\" frameborder=\"0\" allowfullscreen=\"true\" allow=\"autoplay; clipboard-write; encrypted-media; picture-in-picture; web-share\"><\/iframe>\t\t<\/div>\n\t\t\t\t<\/div>\n\t\t\t\t\t\t<\/div>\n\t\t\t\t\t<\/div>\n\t\t<\/div>\n\t\t\t\t\t\t\t\t<\/div>\n\t\t\t\t\t<\/div>\n\t\t<\/section>\n\t\t\t\t\t\t\t\t\t<\/div>\n\t\t\t<\/div>\n\t\t\t\t\t<\/div>","protected":false},"excerpt":{"rendered":"<p>\u00c1LVARO ROMERO PREMIO \u00abCAROLINA RU\u00cdZ\u00bb AL DEPORTISTA CON MAYOR PROYECCI\u00d3N DE LA TEMPORADA 2019\/20 Este viernes 13 de noviembre la Real Federaci\u00f3n Espa\u00f1ola Deportes de Invierno (RFEDI) y la Asociaci\u00f3n de Estaciones de Esqu\u00ed y Monta\u00f1a de Espa\u00f1a (ATUDEM) han presentado, en el marco de la IV Gala en honor a los deportes de la [&hellip;]<\/p>","protected":false},"author":3,"featured_media":2066,"comment_status":"closed","ping_status":"closed","sticky":false,"template":"elementor_header_footer","format":"standard","meta":[],"categories":[15,19],"tags":[],"_links":{"self":[{"href":"https:\/\/nkef.eus\/eu\/index.php\/wp-json\/wp\/v2\/posts\/2065"}],"collection":[{"href":"https:\/\/nkef.eus\/eu\/index.php\/wp-json\/wp\/v2\/posts"}],"about":[{"href":"https:\/\/nkef.eus\/eu\/index.php\/wp-json\/wp\/v2\/types\/post"}],"author":[{"embeddable":true,"href":"https:\/\/nkef.eus\/eu\/index.php\/wp-json\/wp\/v2\/users\/3"}],"replies":[{"embeddable":true,"href":"https:\/\/nkef.eus\/eu\/index.php\/wp-json\/wp\/v2\/comments?post=2065"}],"version-history":[{"count":4,"href":"https:\/\/nkef.eus\/eu\/index.php\/wp-json\/wp\/v2\/posts\/2065\/revisions"}],"predecessor-version":[{"id":2071,"href":"https:\/\/nkef.eus\/eu\/index.php\/wp-json\/wp\/v2\/posts\/2065\/revisions\/2071"}],"wp:featuredmedia":[{"embeddable":true,"href":"https:\/\/nkef.eus\/eu\/index.php\/wp-json\/wp\/v2\/media\/2066"}],"wp:attachment":[{"href":"https:\/\/nkef.eus\/eu\/index.php\/wp-json\/wp\/v2\/media?parent=2065"}],"wp:term":[{"taxonomy":"category","embeddable":true,"href":"https:\/\/nkef.eus\/eu\/index.php\/wp-json\/wp\/v2\/categories?post=2065"},{"taxonomy":"post_tag","embeddable":true,"href":"https:\/\/nkef.eus\/eu\/index.php\/wp-json\/wp\/v2\/tags?post=2065"}],"curies":[{"name":"wp","href":"https:\/\/api.w.org\/{rel}","templated":true}]}}