{"id":2041,"date":"2020-11-12T12:11:05","date_gmt":"2020-11-12T12:11:05","guid":{"rendered":"https:\/\/nkef.eus\/?p=2041"},"modified":"2020-11-12T12:33:21","modified_gmt":"2020-11-12T12:33:21","slug":"comunicado-rfedh-cancelacion-torneo-internacional-de-curling-y-concentracion-equipos-juniors-jaca-20-21-y-22-noviembre-2020","status":"publish","type":"post","link":"https:\/\/nkef.eus\/eu\/index.php\/2020\/11\/12\/comunicado-rfedh-cancelacion-torneo-internacional-de-curling-y-concentracion-equipos-juniors-jaca-20-21-y-22-noviembre-2020\/","title":{"rendered":"Comunicado RFEDH Cancelaci\u00f3n Torneo Internacional de Curling y Concentraci\u00f3n Equipos Juniors\/ Jaca 20 -21 y 22 Noviembre 2020"},"content":{"rendered":"<div data-elementor-type=\"wp-post\" data-elementor-id=\"2041\" class=\"elementor elementor-2041\">\n\t\t\t\t\t\t<div class=\"elementor-inner\">\n\t\t\t\t<div class=\"elementor-section-wrap\">\n\t\t\t\t\t\t\t\t\t<section class=\"elementor-section elementor-top-section elementor-element elementor-element-55e0d1fe elementor-section-content-middle elementor-section-boxed elementor-section-height-default elementor-section-height-default\" data-id=\"55e0d1fe\" data-element_type=\"section\">\n\t\t\t\t\t\t<div class=\"elementor-container elementor-column-gap-no\">\n\t\t\t\t\t\t\t<div class=\"elementor-row\">\n\t\t\t\t\t<div class=\"elementor-column elementor-col-100 elementor-top-column elementor-element elementor-element-5b05a840\" data-id=\"5b05a840\" data-element_type=\"column\">\n\t\t\t<div class=\"elementor-column-wrap elementor-element-populated\">\n\t\t\t\t\t\t\t<div class=\"elementor-widget-wrap\">\n\t\t\t\t\t\t<div class=\"elementor-element elementor-element-73483dc5 elementor-widget elementor-widget-heading\" data-id=\"73483dc5\" data-element_type=\"widget\" data-widget_type=\"heading.default\">\n\t\t\t\t<div class=\"elementor-widget-container\">\n\t\t\t<h4 class=\"elementor-heading-title elementor-size-default\">Comunicado RFEDH Cancelaci\u00f3n Torneo Internacional de Curling y Concentraci\u00f3n Equipos Juniors\/ Jaca 20 -21 y 22 Noviembre 2020<\/h4>\t\t<\/div>\n\t\t\t\t<\/div>\n\t\t\t\t<div class=\"elementor-element elementor-element-c506567 elementor-widget elementor-widget-image\" data-id=\"c506567\" data-element_type=\"widget\" data-widget_type=\"image.default\">\n\t\t\t\t<div class=\"elementor-widget-container\">\n\t\t\t\t\t\t\t\t<div class=\"elementor-image\">\n\t\t\t\t\t\t\t\t\t\t\t\t<img width=\"580\" height=\"580\" src=\"https:\/\/nkef.eus\/wp-content\/uploads\/2020\/11\/CONCENTRACION-JUNIOR-CURLING-3-1024x1024.png\" class=\"attachment-large size-large\" alt=\"\" loading=\"lazy\" srcset=\"https:\/\/nkef.eus\/wp-content\/uploads\/2020\/11\/CONCENTRACION-JUNIOR-CURLING-3-1024x1024.png 1024w, https:\/\/nkef.eus\/wp-content\/uploads\/2020\/11\/CONCENTRACION-JUNIOR-CURLING-3-300x300.png 300w, https:\/\/nkef.eus\/wp-content\/uploads\/2020\/11\/CONCENTRACION-JUNIOR-CURLING-3-150x150.png 150w, https:\/\/nkef.eus\/wp-content\/uploads\/2020\/11\/CONCENTRACION-JUNIOR-CURLING-3-768x768.png 768w, https:\/\/nkef.eus\/wp-content\/uploads\/2020\/11\/CONCENTRACION-JUNIOR-CURLING-3-12x12.png 12w, https:\/\/nkef.eus\/wp-content\/uploads\/2020\/11\/CONCENTRACION-JUNIOR-CURLING-3.png 1080w\" sizes=\"(max-width: 580px) 100vw, 580px\" \/>\t\t\t\t\t\t\t\t\t\t\t\t\t\t<\/div>\n\t\t\t\t\t\t<\/div>\n\t\t\t\t<\/div>\n\t\t\t\t<div class=\"elementor-element elementor-element-14894f8 elementor-widget-divider--view-line elementor-widget elementor-widget-divider\" data-id=\"14894f8\" data-element_type=\"widget\" data-widget_type=\"divider.default\">\n\t\t\t\t<div class=\"elementor-widget-container\">\n\t\t\t\t\t<div class=\"elementor-divider\">\n\t\t\t<span class=\"elementor-divider-separator\">\n\t\t\t\t\t\t<\/span>\n\t\t<\/div>\n\t\t\t\t<\/div>\n\t\t\t\t<\/div>\n\t\t\t\t<div class=\"elementor-element elementor-element-6cc11af8 elementor-widget elementor-widget-text-editor\" data-id=\"6cc11af8\" data-element_type=\"widget\" data-widget_type=\"text-editor.default\">\n\t\t\t\t<div class=\"elementor-widget-container\">\n\t\t\t\t\t\t\t\t<div class=\"elementor-text-editor elementor-clearfix\">\n\t\t\t\t<p>Siguiendo la l\u00ednea del comunicado de aplazamiento del inicio de las Ligas Espa\u00f1olas absoluta y Junior de Curling, la RFEDH ha decidido desconvocar el Torneo Internacional de Curling 2020 que convoc\u00f3 hace unas semanas que ten\u00eda que celebrarse del 20 al 22 de Noviembre en la pista de Jaca.<\/p><p>Por este motivo, la RFEDH desconvoca a los equipos llamados a participar en dicho torneo:<\/p><p><span style=\"color: #000000;\">En modalidad femenina:<\/span><\/p><p>&#8211; Txuri-Berri Caf\u00e9s Aitona<\/p><p>&#8211; SVC Iparpolo Femenino<\/p><p>&#8211; CH Pirineo Curling<\/p><p>&#8211; Equipo Junior Femenino seleccionado por Martin Stucki<\/p><p>&#8211; Selecci\u00f3n Nacional Europea femenina<\/p><p><span style=\"color: #000000;\">En modalidad masculina:<\/span><\/p><p>&#8211; Txuri-Berri Caf\u00e9s Aitona<\/p><p>&#8211; Sporting l&#8217;Olla<\/p><p>&#8211; SVC Iparpolo Masculino<\/p><p>&#8211; Equipo Junior Masculino seleccionado por Martin Stucki<\/p><p>&#8211; Selecci\u00f3n Nacional Europea masculina<\/p><p><span style=\"color: #000000;\">De este modo, se desconvoca tambi\u00e9n la concentraci\u00f3n de equipos Juniors que Martin Stucki convoc\u00f3 para participar en este torneo durante los d\u00edas 20, 21 y 22 de Noviembre.<\/span><\/p><p>\u00a0<\/p><table><tbody><tr><td><p><strong>NOMBRE <\/strong><\/p><\/td><td><p><strong>CLUB <\/strong><\/p><\/td><td><p><strong>\u00a0<\/strong><\/p><\/td><td><p><strong>NOMBRE <\/strong><\/p><\/td><td><p><strong>CLUB <\/strong><\/p><\/td><\/tr><tr><td><p>LU\u00cdS G\u00d3MEZ<\/p><\/td><td><p>IPARPOLO<\/p><\/td><td><p>\u00a0<\/p><\/td><td><p>MAR\u00cdA G\u00d3MEZ<\/p><\/td><td><p>IPARPOLO<\/p><\/td><\/tr><tr><td><p>ALEIX RAUBERT<\/p><\/td><td><p>PUIGCERD\u00c0<\/p><\/td><td><p>\u00a0<\/p><\/td><td><p>CARMEN P\u00c9REZ<\/p><\/td><td><p>CLUB HIELO JACA<\/p><\/td><\/tr><tr><td><p>ORIOL GAST\u00d3<\/p><\/td><td><p>PUIGCERD\u00c0<\/p><\/td><td><p>\u00a0<\/p><\/td><td><p>DANIELA GARC\u00cdA<\/p><\/td><td><p>TXURI &#8211; BERRI<\/p><\/td><\/tr><tr><td><p>JOEL RUIZ<\/p><\/td><td><p>PUIGCERD\u00c0<\/p><\/td><td><p>\u00a0<\/p><\/td><td><p>ANA V\u00c1ZQUEZ<\/p><\/td><td><p>IPARPOLO<\/p><\/td><\/tr><tr><td><p>ENEKO S\u00c1EZ<\/p><\/td><td><p>HARRIKADA<\/p><\/td><td><p>\u00a0<\/p><\/td><td><p>NEREA TORRALBA<\/p><\/td><td><p>CLUB HIELO DEL PIRINEO<\/p><\/td><\/tr><\/tbody><\/table><p>\u00a0<\/p>\t\t\t\t\t<\/div>\n\t\t\t\t\t\t<\/div>\n\t\t\t\t<\/div>\n\t\t\t\t\t\t<\/div>\n\t\t\t\t\t<\/div>\n\t\t<\/div>\n\t\t\t\t\t\t\t\t<\/div>\n\t\t\t\t\t<\/div>\n\t\t<\/section>\n\t\t\t\t\t\t\t\t\t<\/div>\n\t\t\t<\/div>\n\t\t\t\t\t<\/div>","protected":false},"excerpt":{"rendered":"<p>Comunicado RFEDH Cancelaci\u00f3n Torneo Internacional de Curling y Concentraci\u00f3n Equipos Juniors\/ Jaca 20 -21 y 22 Noviembre 2020 Siguiendo la l\u00ednea del comunicado de aplazamiento del inicio de las Ligas Espa\u00f1olas absoluta y Junior de Curling, la RFEDH ha decidido desconvocar el Torneo Internacional de Curling 2020 que convoc\u00f3 hace unas semanas que ten\u00eda que [&hellip;]<\/p>","protected":false},"author":3,"featured_media":2047,"comment_status":"closed","ping_status":"closed","sticky":false,"template":"elementor_header_footer","format":"standard","meta":[],"categories":[8],"tags":[],"_links":{"self":[{"href":"https:\/\/nkef.eus\/eu\/index.php\/wp-json\/wp\/v2\/posts\/2041"}],"collection":[{"href":"https:\/\/nkef.eus\/eu\/index.php\/wp-json\/wp\/v2\/posts"}],"about":[{"href":"https:\/\/nkef.eus\/eu\/index.php\/wp-json\/wp\/v2\/types\/post"}],"author":[{"embeddable":true,"href":"https:\/\/nkef.eus\/eu\/index.php\/wp-json\/wp\/v2\/users\/3"}],"replies":[{"embeddable":true,"href":"https:\/\/nkef.eus\/eu\/index.php\/wp-json\/wp\/v2\/comments?post=2041"}],"version-history":[{"count":5,"href":"https:\/\/nkef.eus\/eu\/index.php\/wp-json\/wp\/v2\/posts\/2041\/revisions"}],"predecessor-version":[{"id":2049,"href":"https:\/\/nkef.eus\/eu\/index.php\/wp-json\/wp\/v2\/posts\/2041\/revisions\/2049"}],"wp:featuredmedia":[{"embeddable":true,"href":"https:\/\/nkef.eus\/eu\/index.php\/wp-json\/wp\/v2\/media\/2047"}],"wp:attachment":[{"href":"https:\/\/nkef.eus\/eu\/index.php\/wp-json\/wp\/v2\/media?parent=2041"}],"wp:term":[{"taxonomy":"category","embeddable":true,"href":"https:\/\/nkef.eus\/eu\/index.php\/wp-json\/wp\/v2\/categories?post=2041"},{"taxonomy":"post_tag","embeddable":true,"href":"https:\/\/nkef.eus\/eu\/index.php\/wp-json\/wp\/v2\/tags?post=2041"}],"curies":[{"name":"wp","href":"https:\/\/api.w.org\/{rel}","templated":true}]}}