{"id":2037,"date":"2020-11-12T09:26:13","date_gmt":"2020-11-12T09:26:13","guid":{"rendered":"https:\/\/nkef.eus\/?p=2037"},"modified":"2020-11-12T09:32:39","modified_gmt":"2020-11-12T09:32:39","slug":"comunicado-rfedh-de-aplazamiento-del-inicio-de-las-ligas-espanolas-absoluta-y-junior-de-curling-y-del-campeonato-de-espana-iberdrola-de-patinaje-artistico-2020-21","status":"publish","type":"post","link":"https:\/\/nkef.eus\/eu\/index.php\/2020\/11\/12\/comunicado-rfedh-de-aplazamiento-del-inicio-de-las-ligas-espanolas-absoluta-y-junior-de-curling-y-del-campeonato-de-espana-iberdrola-de-patinaje-artistico-2020-21\/","title":{"rendered":"Comunicado RFEDH de aplazamiento del inicio de las Ligas Espa\u00f1olas absoluta y junior de Curling y del Campeonato de Espa\u00f1a Iberdrola de Patinaje Art\u00edstico 2020-21"},"content":{"rendered":"<div data-elementor-type=\"wp-post\" data-elementor-id=\"2037\" class=\"elementor elementor-2037\">\n\t\t\t\t\t\t<div class=\"elementor-inner\">\n\t\t\t\t<div class=\"elementor-section-wrap\">\n\t\t\t\t\t\t\t\t\t<section class=\"elementor-section elementor-top-section elementor-element elementor-element-208b7d23 elementor-section-content-middle elementor-section-boxed elementor-section-height-default elementor-section-height-default\" data-id=\"208b7d23\" data-element_type=\"section\">\n\t\t\t\t\t\t<div class=\"elementor-container elementor-column-gap-no\">\n\t\t\t\t\t\t\t<div class=\"elementor-row\">\n\t\t\t\t\t<div class=\"elementor-column elementor-col-100 elementor-top-column elementor-element elementor-element-9733b98\" data-id=\"9733b98\" data-element_type=\"column\">\n\t\t\t<div class=\"elementor-column-wrap elementor-element-populated\">\n\t\t\t\t\t\t\t<div class=\"elementor-widget-wrap\">\n\t\t\t\t\t\t<div class=\"elementor-element elementor-element-3c878f88 elementor-widget elementor-widget-heading\" data-id=\"3c878f88\" data-element_type=\"widget\" data-widget_type=\"heading.default\">\n\t\t\t\t<div class=\"elementor-widget-container\">\n\t\t\t<h4 class=\"elementor-heading-title elementor-size-default\">Comunicado RFEDH de aplazamiento del inicio de las Ligas Espa\u00f1olas absoluta y junior de Curling y del Campeonato de Espa\u00f1a Iberdrola de Patinaje Art\u00edstico 2020-21<\/h4>\t\t<\/div>\n\t\t\t\t<\/div>\n\t\t\t\t<div class=\"elementor-element elementor-element-a5a3aad elementor-widget elementor-widget-image\" data-id=\"a5a3aad\" data-element_type=\"widget\" data-widget_type=\"image.default\">\n\t\t\t\t<div class=\"elementor-widget-container\">\n\t\t\t\t\t\t\t\t<div class=\"elementor-image\">\n\t\t\t\t\t\t\t\t\t\t\t\t<img width=\"580\" height=\"580\" src=\"https:\/\/nkef.eus\/wp-content\/uploads\/2020\/11\/CURLING-PATINAJE-1024x1024.png\" class=\"attachment-large size-large\" alt=\"\" loading=\"lazy\" srcset=\"https:\/\/nkef.eus\/wp-content\/uploads\/2020\/11\/CURLING-PATINAJE-1024x1024.png 1024w, https:\/\/nkef.eus\/wp-content\/uploads\/2020\/11\/CURLING-PATINAJE-300x300.png 300w, https:\/\/nkef.eus\/wp-content\/uploads\/2020\/11\/CURLING-PATINAJE-150x150.png 150w, https:\/\/nkef.eus\/wp-content\/uploads\/2020\/11\/CURLING-PATINAJE-768x768.png 768w, https:\/\/nkef.eus\/wp-content\/uploads\/2020\/11\/CURLING-PATINAJE-12x12.png 12w, https:\/\/nkef.eus\/wp-content\/uploads\/2020\/11\/CURLING-PATINAJE.png 1080w\" sizes=\"(max-width: 580px) 100vw, 580px\" \/>\t\t\t\t\t\t\t\t\t\t\t\t\t\t<\/div>\n\t\t\t\t\t\t<\/div>\n\t\t\t\t<\/div>\n\t\t\t\t<div class=\"elementor-element elementor-element-358e238 elementor-widget-divider--view-line elementor-widget elementor-widget-divider\" data-id=\"358e238\" data-element_type=\"widget\" data-widget_type=\"divider.default\">\n\t\t\t\t<div class=\"elementor-widget-container\">\n\t\t\t\t\t<div class=\"elementor-divider\">\n\t\t\t<span class=\"elementor-divider-separator\">\n\t\t\t\t\t\t<\/span>\n\t\t<\/div>\n\t\t\t\t<\/div>\n\t\t\t\t<\/div>\n\t\t\t\t<div class=\"elementor-element elementor-element-3fd69656 elementor-widget elementor-widget-text-editor\" data-id=\"3fd69656\" data-element_type=\"widget\" data-widget_type=\"text-editor.default\">\n\t\t\t\t<div class=\"elementor-widget-container\">\n\t\t\t\t\t\t\t\t<div class=\"elementor-text-editor elementor-clearfix\">\n\t\t\t\t<p><span style=\"text-decoration: underline; color: #000000;\"><strong>Comunicado de aplazamiento del inicio de las Ligas Espa\u00f1olas absoluta y junior de Curling para la temporada 2020-21<\/strong><\/span><\/p><p><strong>\u00a0<\/strong>El Juez \u00danico de la RFEDH a instancias de la Junta Directiva de la federaci\u00f3n y tras las conversaciones mantenidas entre la RFEDH y el Ayuntamiento de Jaca, han decidido aplazar el inicio de\u00a0la Liga Espa\u00f1ola Absoluta de Curling y La Liga Junior de Dobles Mixtos de Curling. La decisi\u00f3n se ha tomado\u00a0tras valorar el impacto del cierre de las instalaciones deportivas en Arag\u00f3n y la perspectiva de fechas disponibles para celebrar dicha actividad.<\/p><p>Ambas competiciones han sido creadas por la federaci\u00f3n con la intenci\u00f3n de establecer unos eventos que den mayor actividad a nuestros deportistas, en especial a los jugadores junior, faltos de una competici\u00f3n propia de su edad. Sin embargo, las \u00faltimas restricciones dictaminadas en Arag\u00f3n, unidas a la voluntad de prevenir posibles incidencias ante el COVID-19, han sido el motivo de la decisi\u00f3n de la RFEDH que ha sido consensuada con el Ayuntamiento de Jaca y los clubes participantes.<\/p><p>De esta forma, la RFEDH deja en espera el inicio de dichas competiciones y contin\u00faa trabajando en llevar a cabo las competiciones de Campeonatos de Espa\u00f1a que se celebran en la segunda mitad de la temporada<\/p>\t\t\t\t\t<\/div>\n\t\t\t\t\t\t<\/div>\n\t\t\t\t<\/div>\n\t\t\t\t<div class=\"elementor-element elementor-element-063f960 elementor-widget-divider--view-line elementor-widget elementor-widget-divider\" data-id=\"063f960\" data-element_type=\"widget\" data-widget_type=\"divider.default\">\n\t\t\t\t<div class=\"elementor-widget-container\">\n\t\t\t\t\t<div class=\"elementor-divider\">\n\t\t\t<span class=\"elementor-divider-separator\">\n\t\t\t\t\t\t<\/span>\n\t\t<\/div>\n\t\t\t\t<\/div>\n\t\t\t\t<\/div>\n\t\t\t\t<div class=\"elementor-element elementor-element-9b56bb5 elementor-widget elementor-widget-text-editor\" data-id=\"9b56bb5\" data-element_type=\"widget\" data-widget_type=\"text-editor.default\">\n\t\t\t\t<div class=\"elementor-widget-container\">\n\t\t\t\t\t\t\t\t<div class=\"elementor-text-editor elementor-clearfix\">\n\t\t\t\t<p><span style=\"color: #000000;\"><strong><em><u>Comunicado de aplazamiento del Campeonato de Espa\u00f1a Iberdrola de Patinaje Art\u00edstico 2020-21<\/u><\/em><\/strong><\/span><\/p><p><strong>\u00a0<\/strong>El Juez \u00danico de la RFEDH a instancias de la Junta Directiva de la federaci\u00f3n, tras analizar la situaci\u00f3n actual que afecta a los patinadores que deb\u00edan participar en esta cita, ha decidido posponer hasta febrero de 2021 el Campeonato de Espa\u00f1a Iberdrola de Patinaje Art\u00edstico.<\/p><p>Esta medida se ha tomado ante la situaci\u00f3n de pandemia, tras analizar la situaci\u00f3n actual de preparaci\u00f3n de los deportistas y valorando que este aplazamiento permitir\u00e1 ampliar su preparaci\u00f3n de cara a la cita m\u00e1s importante del calendario nacional. Asimismo, se han tenido en cuenta las implicaciones que esta decisi\u00f3n pudiera tener a la hora de seleccionar los deportistas que representar\u00e1n a Espa\u00f1a en los Campeonatos de Europa y Mundial Senior y Junior.<\/p><p>Desde la RFEDH se est\u00e1 trabajando en el formato que tendr\u00e1 la competici\u00f3n, y siguiendo la experiencia de otras federaciones deportivas nacionales y para asegurar su celebraci\u00f3n, se valora tambi\u00e9n la posibilidad de celebrarla de forma telem\u00e1tica, en diferentes sedes. Los detalles del formato de competici\u00f3n y las fechas definitivas se anunciar\u00e1n en los pr\u00f3ximos d\u00edas.<\/p><p>Este aplazamiento del Campeonato de Espa\u00f1a afecta tambi\u00e9n a la categor\u00eda novice advance ISU y la competici\u00f3n de Sincro que se celebrar\u00e1n tambi\u00e9n en febrero. De esta forma, se da un plazo de tiempo para que se puedan celebrar los test de medallas necesarios para clasificar a dicha competici\u00f3n.<\/p><p>La RFEDH quiere agradecer una vez m\u00e1s la comprensi\u00f3n y el esfuerzo a toda la familia del hielo en estos dif\u00edciles momentos.<\/p>\t\t\t\t\t<\/div>\n\t\t\t\t\t\t<\/div>\n\t\t\t\t<\/div>\n\t\t\t\t\t\t<\/div>\n\t\t\t\t\t<\/div>\n\t\t<\/div>\n\t\t\t\t\t\t\t\t<\/div>\n\t\t\t\t\t<\/div>\n\t\t<\/section>\n\t\t\t\t\t\t\t\t\t<\/div>\n\t\t\t<\/div>\n\t\t\t\t\t<\/div>","protected":false},"excerpt":{"rendered":"<p>Comunicado RFEDH de aplazamiento del inicio de las Ligas Espa\u00f1olas absoluta y junior de Curling y del Campeonato de Espa\u00f1a Iberdrola de Patinaje Art\u00edstico 2020-21 Comunicado de aplazamiento del inicio de las Ligas Espa\u00f1olas absoluta y junior de Curling para la temporada 2020-21 \u00a0El Juez \u00danico de la RFEDH a instancias de la Junta Directiva [&hellip;]<\/p>","protected":false},"author":3,"featured_media":2035,"comment_status":"closed","ping_status":"closed","sticky":false,"template":"elementor_header_footer","format":"standard","meta":[],"categories":[8,16],"tags":[],"_links":{"self":[{"href":"https:\/\/nkef.eus\/eu\/index.php\/wp-json\/wp\/v2\/posts\/2037"}],"collection":[{"href":"https:\/\/nkef.eus\/eu\/index.php\/wp-json\/wp\/v2\/posts"}],"about":[{"href":"https:\/\/nkef.eus\/eu\/index.php\/wp-json\/wp\/v2\/types\/post"}],"author":[{"embeddable":true,"href":"https:\/\/nkef.eus\/eu\/index.php\/wp-json\/wp\/v2\/users\/3"}],"replies":[{"embeddable":true,"href":"https:\/\/nkef.eus\/eu\/index.php\/wp-json\/wp\/v2\/comments?post=2037"}],"version-history":[{"count":2,"href":"https:\/\/nkef.eus\/eu\/index.php\/wp-json\/wp\/v2\/posts\/2037\/revisions"}],"predecessor-version":[{"id":2039,"href":"https:\/\/nkef.eus\/eu\/index.php\/wp-json\/wp\/v2\/posts\/2037\/revisions\/2039"}],"wp:featuredmedia":[{"embeddable":true,"href":"https:\/\/nkef.eus\/eu\/index.php\/wp-json\/wp\/v2\/media\/2035"}],"wp:attachment":[{"href":"https:\/\/nkef.eus\/eu\/index.php\/wp-json\/wp\/v2\/media?parent=2037"}],"wp:term":[{"taxonomy":"category","embeddable":true,"href":"https:\/\/nkef.eus\/eu\/index.php\/wp-json\/wp\/v2\/categories?post=2037"},{"taxonomy":"post_tag","embeddable":true,"href":"https:\/\/nkef.eus\/eu\/index.php\/wp-json\/wp\/v2\/tags?post=2037"}],"curies":[{"name":"wp","href":"https:\/\/api.w.org\/{rel}","templated":true}]}}