{"id":1988,"date":"2020-11-06T08:33:21","date_gmt":"2020-11-06T08:33:21","guid":{"rendered":"https:\/\/nkef.eus\/?p=1988"},"modified":"2020-11-06T08:53:38","modified_gmt":"2020-11-06T08:53:38","slug":"se-aplaza-el-campeonato-de-euskadi-y-navarra-de-mushing-tierra","status":"publish","type":"post","link":"https:\/\/nkef.eus\/eu\/index.php\/2020\/11\/06\/se-aplaza-el-campeonato-de-euskadi-y-navarra-de-mushing-tierra\/","title":{"rendered":"SE APLAZA EL CAMPEONATO DE EUSKADI Y NAVARRA DE MUSHING TIERRA"},"content":{"rendered":"<div data-elementor-type=\"wp-post\" data-elementor-id=\"1988\" class=\"elementor elementor-1988\">\n\t\t\t\t\t\t<div class=\"elementor-inner\">\n\t\t\t\t<div class=\"elementor-section-wrap\">\n\t\t\t\t\t\t\t\t\t<section class=\"elementor-section elementor-top-section elementor-element elementor-element-78cdea76 elementor-section-content-middle elementor-section-boxed elementor-section-height-default elementor-section-height-default\" data-id=\"78cdea76\" data-element_type=\"section\">\n\t\t\t\t\t\t<div class=\"elementor-container elementor-column-gap-no\">\n\t\t\t\t\t\t\t<div class=\"elementor-row\">\n\t\t\t\t\t<div class=\"elementor-column elementor-col-100 elementor-top-column elementor-element elementor-element-18b6fc90\" data-id=\"18b6fc90\" data-element_type=\"column\">\n\t\t\t<div class=\"elementor-column-wrap elementor-element-populated\">\n\t\t\t\t\t\t\t<div class=\"elementor-widget-wrap\">\n\t\t\t\t\t\t<div class=\"elementor-element elementor-element-2bd17961 elementor-widget elementor-widget-heading\" data-id=\"2bd17961\" data-element_type=\"widget\" data-widget_type=\"heading.default\">\n\t\t\t\t<div class=\"elementor-widget-container\">\n\t\t\t<h4 class=\"elementor-heading-title elementor-size-default\">SE APLAZA EL CAMPEONATO DE EUSKADI Y NAVARRA DE MUSHING TIERRA<\/h4>\t\t<\/div>\n\t\t\t\t<\/div>\n\t\t\t\t<div class=\"elementor-element elementor-element-c54a345 elementor-widget elementor-widget-image\" data-id=\"c54a345\" data-element_type=\"widget\" data-widget_type=\"image.default\">\n\t\t\t\t<div class=\"elementor-widget-container\">\n\t\t\t\t\t\t\t\t<div class=\"elementor-image\">\n\t\t\t\t\t\t\t\t\t\t\t\t<img width=\"580\" height=\"580\" src=\"https:\/\/nkef.eus\/wp-content\/uploads\/2020\/11\/campeonato-de-euskadi-y-navarra-mushing-tierra-1024x1024.png\" class=\"attachment-large size-large\" alt=\"\" loading=\"lazy\" srcset=\"https:\/\/nkef.eus\/wp-content\/uploads\/2020\/11\/campeonato-de-euskadi-y-navarra-mushing-tierra-1024x1024.png 1024w, https:\/\/nkef.eus\/wp-content\/uploads\/2020\/11\/campeonato-de-euskadi-y-navarra-mushing-tierra-300x300.png 300w, https:\/\/nkef.eus\/wp-content\/uploads\/2020\/11\/campeonato-de-euskadi-y-navarra-mushing-tierra-150x150.png 150w, https:\/\/nkef.eus\/wp-content\/uploads\/2020\/11\/campeonato-de-euskadi-y-navarra-mushing-tierra-768x768.png 768w, https:\/\/nkef.eus\/wp-content\/uploads\/2020\/11\/campeonato-de-euskadi-y-navarra-mushing-tierra-12x12.png 12w, https:\/\/nkef.eus\/wp-content\/uploads\/2020\/11\/campeonato-de-euskadi-y-navarra-mushing-tierra.png 1080w\" sizes=\"(max-width: 580px) 100vw, 580px\" \/>\t\t\t\t\t\t\t\t\t\t\t\t\t\t<\/div>\n\t\t\t\t\t\t<\/div>\n\t\t\t\t<\/div>\n\t\t\t\t<div class=\"elementor-element elementor-element-f36b81a elementor-widget-divider--view-line elementor-widget elementor-widget-divider\" data-id=\"f36b81a\" data-element_type=\"widget\" data-widget_type=\"divider.default\">\n\t\t\t\t<div class=\"elementor-widget-container\">\n\t\t\t\t\t<div class=\"elementor-divider\">\n\t\t\t<span class=\"elementor-divider-separator\">\n\t\t\t\t\t\t<\/span>\n\t\t<\/div>\n\t\t\t\t<\/div>\n\t\t\t\t<\/div>\n\t\t\t\t<div class=\"elementor-element elementor-element-4c7c0804 elementor-widget elementor-widget-text-editor\" data-id=\"4c7c0804\" data-element_type=\"widget\" data-widget_type=\"text-editor.default\">\n\t\t\t\t<div class=\"elementor-widget-container\">\n\t\t\t\t\t\t\t\t<div class=\"elementor-text-editor elementor-clearfix\">\n\t\t\t\t<p style=\"text-align: center;\">Debido a la situaci\u00f3n sanitaria actual, tanto la Federaci\u00f3n Vasca de Deportes de Invierno como la Federaci\u00f3n Navarra de Deportes de Invierno, organizadores del Campeonato de Euskadi y Navarra de Mushing Tierra que se tendr\u00eda que disputar los d\u00edas 21 y 22 de Noviembre en el Bosque de Armentia (\u00c1lava), han decidido aplazar\u00a0 dicha prueba y marcar nuevas fechas para su disputa.<\/p><p style=\"text-align: center;\">Las nuevas fechas y siempre que las condiciones lo permitan ser\u00e1n las del 12 y 13 de Diciembre 2020.<\/p>\t\t\t\t\t<\/div>\n\t\t\t\t\t\t<\/div>\n\t\t\t\t<\/div>\n\t\t\t\t\t\t<\/div>\n\t\t\t\t\t<\/div>\n\t\t<\/div>\n\t\t\t\t\t\t\t\t<\/div>\n\t\t\t\t\t<\/div>\n\t\t<\/section>\n\t\t\t\t\t\t\t\t\t<\/div>\n\t\t\t<\/div>\n\t\t\t\t\t<\/div>","protected":false},"excerpt":{"rendered":"<p>SE APLAZA EL CAMPEONATO DE EUSKADI Y NAVARRA DE MUSHING TIERRA Debido a la situaci\u00f3n sanitaria actual, tanto la Federaci\u00f3n Vasca de Deportes de Invierno como la Federaci\u00f3n Navarra de Deportes de Invierno, organizadores del Campeonato de Euskadi y Navarra de Mushing Tierra que se tendr\u00eda que disputar los d\u00edas 21 y 22 de Noviembre [&hellip;]<\/p>","protected":false},"author":3,"featured_media":1989,"comment_status":"closed","ping_status":"closed","sticky":false,"template":"elementor_header_footer","format":"standard","meta":[],"categories":[14],"tags":[],"_links":{"self":[{"href":"https:\/\/nkef.eus\/eu\/index.php\/wp-json\/wp\/v2\/posts\/1988"}],"collection":[{"href":"https:\/\/nkef.eus\/eu\/index.php\/wp-json\/wp\/v2\/posts"}],"about":[{"href":"https:\/\/nkef.eus\/eu\/index.php\/wp-json\/wp\/v2\/types\/post"}],"author":[{"embeddable":true,"href":"https:\/\/nkef.eus\/eu\/index.php\/wp-json\/wp\/v2\/users\/3"}],"replies":[{"embeddable":true,"href":"https:\/\/nkef.eus\/eu\/index.php\/wp-json\/wp\/v2\/comments?post=1988"}],"version-history":[{"count":3,"href":"https:\/\/nkef.eus\/eu\/index.php\/wp-json\/wp\/v2\/posts\/1988\/revisions"}],"predecessor-version":[{"id":1993,"href":"https:\/\/nkef.eus\/eu\/index.php\/wp-json\/wp\/v2\/posts\/1988\/revisions\/1993"}],"wp:featuredmedia":[{"embeddable":true,"href":"https:\/\/nkef.eus\/eu\/index.php\/wp-json\/wp\/v2\/media\/1989"}],"wp:attachment":[{"href":"https:\/\/nkef.eus\/eu\/index.php\/wp-json\/wp\/v2\/media?parent=1988"}],"wp:term":[{"taxonomy":"category","embeddable":true,"href":"https:\/\/nkef.eus\/eu\/index.php\/wp-json\/wp\/v2\/categories?post=1988"},{"taxonomy":"post_tag","embeddable":true,"href":"https:\/\/nkef.eus\/eu\/index.php\/wp-json\/wp\/v2\/tags?post=1988"}],"curies":[{"name":"wp","href":"https:\/\/api.w.org\/{rel}","templated":true}]}}