{"id":1908,"date":"2020-10-27T10:03:53","date_gmt":"2020-10-27T10:03:53","guid":{"rendered":"https:\/\/nkef.eus\/?p=1908"},"modified":"2021-10-04T15:05:40","modified_gmt":"2021-10-04T15:05:40","slug":"covid","status":"publish","type":"post","link":"https:\/\/nkef.eus\/eu\/index.php\/2020\/10\/27\/covid\/","title":{"rendered":"COVID-19"},"content":{"rendered":"<div data-elementor-type=\"wp-post\" data-elementor-id=\"1908\" class=\"elementor elementor-1908\">\n\t\t\t\t\t\t<div class=\"elementor-inner\">\n\t\t\t\t<div class=\"elementor-section-wrap\">\n\t\t\t\t\t\t\t\t\t<section class=\"elementor-section elementor-top-section elementor-element elementor-element-6061acc3 elementor-section-content-middle elementor-section-boxed elementor-section-height-default elementor-section-height-default\" data-id=\"6061acc3\" data-element_type=\"section\">\n\t\t\t\t\t\t<div class=\"elementor-container elementor-column-gap-no\">\n\t\t\t\t\t\t\t<div class=\"elementor-row\">\n\t\t\t\t\t<div class=\"elementor-column elementor-col-100 elementor-top-column elementor-element elementor-element-2bc1a37e\" data-id=\"2bc1a37e\" data-element_type=\"column\">\n\t\t\t<div class=\"elementor-column-wrap elementor-element-populated\">\n\t\t\t\t\t\t\t<div class=\"elementor-widget-wrap\">\n\t\t\t\t\t\t<div class=\"elementor-element elementor-element-d933bce elementor-widget elementor-widget-heading\" data-id=\"d933bce\" data-element_type=\"widget\" data-widget_type=\"heading.default\">\n\t\t\t\t<div class=\"elementor-widget-container\">\n\t\t\t<h2 class=\"elementor-heading-title elementor-size-default\">COVID-19<\/h2>\t\t<\/div>\n\t\t\t\t<\/div>\n\t\t\t\t<div class=\"elementor-element elementor-element-98bca29 elementor-widget elementor-widget-image\" data-id=\"98bca29\" data-element_type=\"widget\" data-widget_type=\"image.default\">\n\t\t\t\t<div class=\"elementor-widget-container\">\n\t\t\t\t\t\t\t\t<div class=\"elementor-image\">\n\t\t\t\t\t\t\t\t\t\t\t\t<img width=\"294\" height=\"172\" src=\"https:\/\/nkef.eus\/wp-content\/uploads\/2020\/10\/BOPV.jpg\" class=\"attachment-large size-large\" alt=\"\" loading=\"lazy\" srcset=\"https:\/\/nkef.eus\/wp-content\/uploads\/2020\/10\/BOPV.jpg 294w, https:\/\/nkef.eus\/wp-content\/uploads\/2020\/10\/BOPV-16x9.jpg 16w\" sizes=\"(max-width: 294px) 100vw, 294px\" \/>\t\t\t\t\t\t\t\t\t\t\t\t\t\t<\/div>\n\t\t\t\t\t\t<\/div>\n\t\t\t\t<\/div>\n\t\t\t\t<div class=\"elementor-element elementor-element-03a9e18 elementor-widget elementor-widget-heading\" data-id=\"03a9e18\" data-element_type=\"widget\" data-widget_type=\"heading.default\">\n\t\t\t\t<div class=\"elementor-widget-container\">\n\t\t\t<h2 class=\"elementor-heading-title elementor-size-default\">Ayudas COVID<\/h2>\t\t<\/div>\n\t\t\t\t<\/div>\n\t\t\t\t<div class=\"elementor-element elementor-element-99d2c97 elementor-widget elementor-widget-eael-adv-accordion\" data-id=\"99d2c97\" data-element_type=\"widget\" data-widget_type=\"eael-adv-accordion.default\">\n\t\t\t\t<div class=\"elementor-widget-container\">\n\t\t\t        <div class=\"eael-adv-accordion\" id=\"eael-adv-accordion-99d2c97\" data-accordion-id=\"99d2c97\" data-accordion-type=\"accordion\" data-toogle-speed=\"300\">\n    <div class=\"eael-accordion-list\">\n                <div id=\"concesin-de-subvenciones-en-el-ao-2021-para-paliar-los-efectos-del-covid-19-en-los-clubes-deportivos-\" class=\"elementor-tab-title eael-accordion-header\" tabindex=\"1611\" data-tab=\"1\" role=\"tab\" aria-controls=\"elementor-tab-content-1611\"><i aria-hidden=\"true\" class=\"fa-accordion-icon fas fa-plus\"><\/i><span class=\"eael-accordion-tab-title\">Concesi\u00f3n de subvenciones en el a\u00f1o 2021 para paliar los efectos del COVID-19 en los clubes deportivos <\/span><i aria-hidden=\"true\" class=\"fa-toggle fas fa-angle-right\"><\/i><\/div><div id=\"elementor-tab-content-1611\" class=\"eael-accordion-content clearfix\" data-tab=\"1\" role=\"tabpanel\" aria-labelledby=\"concesin-de-subvenciones-en-el-ao-2021-para-paliar-los-efectos-del-covid-19-en-los-clubes-deportivos-\"><p>Mediante el presente, se adjunta la ORDEN de 10 de marzo de 2021, del Consejero de Cultura y Pol\u00edtica Ling\u00fc\u00edstica, por la que se convoca la concesi\u00f3n de subvenciones en el a\u00f1o 2021 para paliar los efectos del COVID-19 en los clubes deportivos que hayan participado en competiciones estatales y\/o internacionales y en las instalaciones deportivas o gimnasios en el ejercicio 2020.<br><br>\nHonen bitartez, AGINDUA, 2021eko martxoaren 10ekoa, Kultura eta Hizkuntza Politikako sailburuarena, zeinaren bidez Covid-19ak 2020ko ekitaldian Estatuko eta\/edo nazioarteko lehiaketetan parte hartu duten kirol-klubetan eta kirol-instalazio edo gimnasioetan izan dituen ondorioak arintzeko 2021eko dirulaguntzak emateko deialdia egiten den igortzen da, martxoaren 25ean argitaratuko da EHAAn, eta eskaerak aurkezteko epea martxoaren 26tik apirilaren 25era bitartekoa izango da (biak barne). <br>\n<a href=\"https:\/\/nkef.eus\/wp-content\/uploads\/2021\/03\/ORDEN-de-10-de-marzo-de-2021.pdf\"><button>PDF (en castellano)<\/button><\/a>\n<a href=\"https:\/\/nkef.eus\/wp-content\/uploads\/2021\/03\/AGINDUA-2021eko-martxoaren-10ekoa.pdf\"><button>PDF (en euskera)<\/button><\/a><\/p><\/div>\n                <\/div><\/div>\t\t<\/div>\n\t\t\t\t<\/div>\n\t\t\t\t<div class=\"elementor-element elementor-element-c400cba elementor-widget elementor-widget-heading\" data-id=\"c400cba\" data-element_type=\"widget\" data-widget_type=\"heading.default\">\n\t\t\t\t<div class=\"elementor-widget-container\">\n\t\t\t<h2 class=\"elementor-heading-title elementor-size-default\">Preguntas Frecuentes<\/h2>\t\t<\/div>\n\t\t\t\t<\/div>\n\t\t\t\t<div class=\"elementor-element elementor-element-3a8a953 elementor-widget elementor-widget-eael-adv-accordion\" data-id=\"3a8a953\" data-element_type=\"widget\" data-widget_type=\"eael-adv-accordion.default\">\n\t\t\t\t<div class=\"elementor-widget-container\">\n\t\t\t        <div class=\"eael-adv-accordion\" id=\"eael-adv-accordion-3a8a953\" data-accordion-id=\"3a8a953\" data-accordion-type=\"accordion\" data-toogle-speed=\"300\">\n    <div class=\"eael-accordion-list\">\n                <div id=\"actividad-fsica-y-deporte-preguntas-y-respuestas-20-de-septiembre\" class=\"elementor-tab-title eael-accordion-header\" tabindex=\"6131\" data-tab=\"1\" role=\"tab\" aria-controls=\"elementor-tab-content-6131\"><i aria-hidden=\"true\" class=\"fa-accordion-icon fas fa-plus\"><\/i><span class=\"eael-accordion-tab-title\">Actividad F\u00edsica y Deporte. Preguntas y Respuestas, 20 de septiembre<\/span><i aria-hidden=\"true\" class=\"fa-toggle fas fa-angle-right\"><\/i><\/div><div id=\"elementor-tab-content-6131\" class=\"eael-accordion-content clearfix\" data-tab=\"1\" role=\"tabpanel\" aria-labelledby=\"actividad-fsica-y-deporte-preguntas-y-respuestas-20-de-septiembre\"><p><a href=\"https:\/\/nkef.eus\/wp-content\/uploads\/2021\/10\/ACTIVIDAD-FISICA-Y-DEPORTE.-PREGUNTAS-Y-RESPUESTAS-20.09.21.pdf\"><button>PDF (en castellano)<\/button><\/a> <a href=\"https:\/\/nkef.eus\/wp-content\/uploads\/2021\/10\/JARDUERA-FISIKOA-ETA-KIROLA.-GALDERA-ERANTZUNAK-21.09.20.pdf\"><button>PDF (en euskera)<\/button><\/a><\/p><\/div>\n                <\/div><div class=\"eael-accordion-list\">\n                <div id=\"actividad-fsica-y-deporte-preguntas-y-respuestas-14-de-abril\" class=\"elementor-tab-title eael-accordion-header\" tabindex=\"6132\" data-tab=\"2\" role=\"tab\" aria-controls=\"elementor-tab-content-6132\"><i aria-hidden=\"true\" class=\"fa-accordion-icon fas fa-plus\"><\/i><span class=\"eael-accordion-tab-title\">Actividad F\u00edsica y Deporte. Preguntas y Respuestas, 14 de abril<\/span><i aria-hidden=\"true\" class=\"fa-toggle fas fa-angle-right\"><\/i><\/div><div id=\"elementor-tab-content-6132\" class=\"eael-accordion-content clearfix\" data-tab=\"2\" role=\"tabpanel\" aria-labelledby=\"actividad-fsica-y-deporte-preguntas-y-respuestas-14-de-abril\"><p><a href=\"https:\/\/nkef.eus\/wp-content\/uploads\/2021\/04\/ACTIVIDAD-FI\u0301SICA-Y-DEPORTE.-PREGUNTAS-Y-RESPUESTAS-14.04.21.pdf\"><button>PDF (en castellano)<\/button><\/a> <a href=\"https:\/\/nkef.eus\/wp-content\/uploads\/2021\/04\/JARDUERA-FISIKOA-ETA-KIROLA.-GALDERA-ERANTZUNAK-21.04.14.pdf\"><button>PDF (en euskera)<\/button><\/a><\/p><\/div>\n                <\/div><div class=\"eael-accordion-list\">\n                <div id=\"actividad-fsica-y-deporte-preguntas-y-respuestas-30-de-marzo\" class=\"elementor-tab-title eael-accordion-header\" tabindex=\"6133\" data-tab=\"3\" role=\"tab\" aria-controls=\"elementor-tab-content-6133\"><i aria-hidden=\"true\" class=\"fa-accordion-icon fas fa-plus\"><\/i><span class=\"eael-accordion-tab-title\">Actividad F\u00edsica y Deporte. Preguntas y Respuestas, 30 de Marzo<\/span><i aria-hidden=\"true\" class=\"fa-toggle fas fa-angle-right\"><\/i><\/div><div id=\"elementor-tab-content-6133\" class=\"eael-accordion-content clearfix\" data-tab=\"3\" role=\"tabpanel\" aria-labelledby=\"actividad-fsica-y-deporte-preguntas-y-respuestas-30-de-marzo\"><p><a href=\"https:\/\/nkef.eus\/wp-content\/uploads\/2021\/04\/ACTIVIDAD-FISICA-Y-DEPORTE.-PREGUNTAS-Y-RESPUESTAS-30.03.21.pdf\"><button>PDF (en castellano)<\/button><\/a> <a href=\"https:\/\/nkef.eus\/wp-content\/uploads\/2021\/04\/JARDUERA-FISIKOA-ETA-KIROLA.-GALDERA-ERANTZUNAK-21.03.30.pdf\"><button>PDF (en euskera)<\/button><\/a><\/p><\/div>\n                <\/div><div class=\"eael-accordion-list\">\n                <div id=\"actividad-fsica-y-deporte-preguntas-y-respuestas-9-de-marzo\" class=\"elementor-tab-title eael-accordion-header\" tabindex=\"6134\" data-tab=\"4\" role=\"tab\" aria-controls=\"elementor-tab-content-6134\"><i aria-hidden=\"true\" class=\"fa-accordion-icon fas fa-plus\"><\/i><span class=\"eael-accordion-tab-title\">Actividad F\u00edsica y Deporte. Preguntas y Respuestas, 9 de Marzo<\/span><i aria-hidden=\"true\" class=\"fa-toggle fas fa-angle-right\"><\/i><\/div><div id=\"elementor-tab-content-6134\" class=\"eael-accordion-content clearfix\" data-tab=\"4\" role=\"tabpanel\" aria-labelledby=\"actividad-fsica-y-deporte-preguntas-y-respuestas-9-de-marzo\"><p><a href=\"https:\/\/nkef.eus\/wp-content\/uploads\/2021\/03\/ACTIVIDAD-FISICA-Y-DEPORTE.-PREGUNTAS-Y-RESPUESTAS-9.03.21.pdf\"><button>PDF (en castellano)<\/button><\/a>\n<a href=\"https:\/\/nkef.eus\/wp-content\/uploads\/2021\/03\/JARDUERA-FISIKOA-ETA-KIROLA.-GALDERA-ERANTZUNAK-21.03.09.pdf\"><button>PDF (en euskera)<\/button><\/a><\/p><\/div>\n                <\/div><div class=\"eael-accordion-list\">\n                <div id=\"actividad-fsica-y-deporte-preguntas-y-respuestas-15-de-febrero\" class=\"elementor-tab-title eael-accordion-header\" tabindex=\"6135\" data-tab=\"5\" role=\"tab\" aria-controls=\"elementor-tab-content-6135\"><i aria-hidden=\"true\" class=\"fa-accordion-icon fas fa-plus\"><\/i><span class=\"eael-accordion-tab-title\">Actividad F\u00edsica y Deporte. Preguntas y Respuestas, 15 de febrero<\/span><i aria-hidden=\"true\" class=\"fa-toggle fas fa-angle-right\"><\/i><\/div><div id=\"elementor-tab-content-6135\" class=\"eael-accordion-content clearfix\" data-tab=\"5\" role=\"tabpanel\" aria-labelledby=\"actividad-fsica-y-deporte-preguntas-y-respuestas-15-de-febrero\"><p><a href=\"https:\/\/nkef.eus\/wp-content\/uploads\/2021\/02\/ACTIVIDAD-FI\u0301SICA-Y-DEPORTE.PREGUNTAS-Y-RESPUESTAS.-15.02.21.pdf\"><button>PDF (en castellano)<\/button><\/a>\n<a href=\"https:\/\/nkef.eus\/wp-content\/uploads\/2021\/02\/JARDUER-FISIKOA-ETA-KIROLA.-GALDERA-ERANTZUNAK-21.02.15.pdf\"><button>PDF (en euskera)<\/button><\/a><\/p><\/div>\n                <\/div><div class=\"eael-accordion-list\">\n                <div id=\"actividad-fsica-y-deporte-preguntas-y-respuestas-12-enero\" class=\"elementor-tab-title eael-accordion-header\" tabindex=\"6136\" data-tab=\"6\" role=\"tab\" aria-controls=\"elementor-tab-content-6136\"><i aria-hidden=\"true\" class=\"fa-accordion-icon fas fa-plus\"><\/i><span class=\"eael-accordion-tab-title\">Actividad F\u00edsica y Deporte. Preguntas y Respuestas, 12 enero<\/span><i aria-hidden=\"true\" class=\"fa-toggle fas fa-angle-right\"><\/i><\/div><div id=\"elementor-tab-content-6136\" class=\"eael-accordion-content clearfix\" data-tab=\"6\" role=\"tabpanel\" aria-labelledby=\"actividad-fsica-y-deporte-preguntas-y-respuestas-12-enero\"><p><a href=\"https:\/\/nkef.eus\/wp-content\/uploads\/2021\/01\/ACTIVIDAD-FI-SICA-Y-DEPORTE.-PREGUNTAS-Y-RESPUESTAS-12.01.21.pdf\"><button>DECRETO (en castellano)<\/button><\/a>\n<a href=\"https:\/\/nkef.eus\/wp-content\/uploads\/2021\/01\/JARDUERA-FISIKOA-ETA-KIROLA.-GALDERA-ERANTZUNAK-21.01.12.pdf\"><button>DECRETO (en euskera)<\/button><\/a><\/p><\/div>\n                <\/div><div class=\"eael-accordion-list\">\n                <div id=\"medidas-especficas-de-prevencin-17-de-noviembre\" class=\"elementor-tab-title eael-accordion-header\" tabindex=\"6137\" data-tab=\"7\" role=\"tab\" aria-controls=\"elementor-tab-content-6137\"><i aria-hidden=\"true\" class=\"fa-accordion-icon fas fa-plus\"><\/i><span class=\"eael-accordion-tab-title\">Medidas espec\u00edficas de prevenci\u00f3n, 17 de noviembre<\/span><i aria-hidden=\"true\" class=\"fa-toggle fas fa-angle-right\"><\/i><\/div><div id=\"elementor-tab-content-6137\" class=\"eael-accordion-content clearfix\" data-tab=\"7\" role=\"tabpanel\" aria-labelledby=\"medidas-especficas-de-prevencin-17-de-noviembre\"><p><strong>Preguntas frecuentes en relaci\u00f3n a las Medidas espec\u00edficas de prevenci\u00f3n ante el coronavirus del Gobierno Vasco a fecha 17 de Noviembre de\n2020<\/strong>\n\n<a href=\"https:\/\/nkef.eus\/wp-content\/uploads\/2020\/11\/Doc_actualizado_de_preguntas_y_respuestas_17_noviembre.pdf\"><button>VER PDF<\/button><\/a><\/p><\/div>\n                <\/div><div class=\"eael-accordion-list\">\n                <div id=\"pautas-actividad-fsica-y-deporte-26-de-octubre\" class=\"elementor-tab-title eael-accordion-header\" tabindex=\"6138\" data-tab=\"8\" role=\"tab\" aria-controls=\"elementor-tab-content-6138\"><i aria-hidden=\"true\" class=\"fa-accordion-icon fas fa-plus\"><\/i><span class=\"eael-accordion-tab-title\">Pautas Actividad F\u00edsica y Deporte, 26 de octubre.<\/span><i aria-hidden=\"true\" class=\"fa-toggle fas fa-angle-right\"><\/i><\/div><div id=\"elementor-tab-content-6138\" class=\"eael-accordion-content clearfix\" data-tab=\"8\" role=\"tabpanel\" aria-labelledby=\"pautas-actividad-fsica-y-deporte-26-de-octubre\"><p>Pautas Actividad F\u00edsica y Deporte.\nNueva Normalidad: 26 de Octubre de 2020.\n\n<img loading=\"lazy\" class=\"alignnone size-medium wp-image-1925\" src=\"https:\/\/nkef.eus\/wp-content\/uploads\/2020\/10\/Copia-de-POST-VACACIONES-300x300.png\" alt=\"\" width=\"300\" height=\"300\" srcset=\"https:\/\/nkef.eus\/wp-content\/uploads\/2020\/10\/Copia-de-POST-VACACIONES-300x300.png 300w, https:\/\/nkef.eus\/wp-content\/uploads\/2020\/10\/Copia-de-POST-VACACIONES-1024x1024.png 1024w, https:\/\/nkef.eus\/wp-content\/uploads\/2020\/10\/Copia-de-POST-VACACIONES-150x150.png 150w, https:\/\/nkef.eus\/wp-content\/uploads\/2020\/10\/Copia-de-POST-VACACIONES-768x768.png 768w, https:\/\/nkef.eus\/wp-content\/uploads\/2020\/10\/Copia-de-POST-VACACIONES-1536x1536.png 1536w, https:\/\/nkef.eus\/wp-content\/uploads\/2020\/10\/Copia-de-POST-VACACIONES-2048x2048.png 2048w, https:\/\/nkef.eus\/wp-content\/uploads\/2020\/10\/Copia-de-POST-VACACIONES-12x12.png 12w\" sizes=\"(max-width: 300px) 100vw, 300px\" \/>\n<a href=\"https:\/\/nkef.eus\/wp-content\/uploads\/2020\/11\/JARDUERA-FISIKOAREN-ETA-KIROLA.-GALDERAK-ETA-ERANTZUNAK.pdf\"><button>VER PDF en Euskera <\/button><\/a> <a href=\"https:\/\/nkef.eus\/wp-content\/uploads\/2020\/11\/ACTIVIDAD-FISICA-Y-DEPORTE.-PREGUNTAS-Y-RESPUESTAS.pdf\"><button>VER PDF en Castellano <\/button><\/a><\/p><\/div>\n                <\/div><\/div>\t\t<\/div>\n\t\t\t\t<\/div>\n\t\t\t\t<div class=\"elementor-element elementor-element-66a8c08 elementor-widget elementor-widget-heading\" data-id=\"66a8c08\" data-element_type=\"widget\" data-widget_type=\"heading.default\">\n\t\t\t\t<div class=\"elementor-widget-container\">\n\t\t\t<h2 class=\"elementor-heading-title elementor-size-default\">DECRETOS<\/h2>\t\t<\/div>\n\t\t\t\t<\/div>\n\t\t\t\t<div class=\"elementor-element elementor-element-6bcea30 elementor-widget elementor-widget-eael-adv-accordion\" data-id=\"6bcea30\" data-element_type=\"widget\" data-widget_type=\"eael-adv-accordion.default\">\n\t\t\t\t<div class=\"elementor-widget-container\">\n\t\t\t        <div class=\"eael-adv-accordion\" id=\"eael-adv-accordion-6bcea30\" data-accordion-id=\"6bcea30\" data-accordion-type=\"accordion\" data-toogle-speed=\"300\">\n    <div class=\"eael-accordion-list\">\n                <div id=\"decreto-13-2021-de-6-de-marzo\" class=\"elementor-tab-title eael-accordion-header\" tabindex=\"1131\" data-tab=\"1\" role=\"tab\" aria-controls=\"elementor-tab-content-1131\"><i aria-hidden=\"true\" class=\"fa-accordion-icon fas fa-plus\"><\/i><span class=\"eael-accordion-tab-title\">DECRETO 13-2021, de 6 de marzo<\/span><i aria-hidden=\"true\" class=\"fa-toggle fas fa-angle-right\"><\/i><\/div><div id=\"elementor-tab-content-1131\" class=\"eael-accordion-content clearfix\" data-tab=\"1\" role=\"tabpanel\" aria-labelledby=\"decreto-13-2021-de-6-de-marzo\"><p>Honen bitartez, 13\/2021 DEKRETUA, martxoaren 6koa, lehendakariarena, zeinaren bidez prebentzio-neurri espezifikoak 2021ean testu bakar batean lehen aldiz bateratu eta eguneratuko diren, alarma-egoeraren deklarazioaren eremuan, egoera epidemiologikoaren bilakaeraren ondorioz eta SARS-CoV-2k eragindako infekzioen hedapena geldiarazteko, igortzen da.\n\n<a href=\"https:\/\/nkef.eus\/wp-content\/uploads\/2021\/03\/BOPV-Lehendakari-medidas-2021-03-06-es.pdf\"><button>DECRETO (en castellano)<\/button><\/a>\n<a href=\"https:\/\/nkef.eus\/wp-content\/uploads\/2021\/03\/BOPV-Lehendakari-medidas-2021-03-06-eu.pdf\"><button>DECRETO (en euskera)<\/button><\/a><\/p><\/div>\n                <\/div><div class=\"eael-accordion-list\">\n                <div id=\"decreto-72021-de-12-de-febrero\" class=\"elementor-tab-title eael-accordion-header\" tabindex=\"1132\" data-tab=\"2\" role=\"tab\" aria-controls=\"elementor-tab-content-1132\"><i aria-hidden=\"true\" class=\"fa-accordion-icon fas fa-plus\"><\/i><span class=\"eael-accordion-tab-title\">DECRETO 7\/2021, de 12 de febrero<\/span><i aria-hidden=\"true\" class=\"fa-toggle fas fa-angle-right\"><\/i><\/div><div id=\"elementor-tab-content-1132\" class=\"eael-accordion-content clearfix\" data-tab=\"2\" role=\"tabpanel\" aria-labelledby=\"decreto-72021-de-12-de-febrero\"><p><p>Mediante el presente, se adjunta el DECRETO 7\/2021, de 12 de febrero, del Lehendakari, de cuarta modificaci\u00f3n del Decreto 44\/2020, de 10 de diciembre, de refundici\u00f3n en un \u00fanico texto y actualizaci\u00f3n de medidas espec\u00edficas de prevenci\u00f3n, en el \u00e1mbito de la declaraci\u00f3n del estado de alarma, como consecuencia de la evoluci\u00f3n de la situaci\u00f3n epidemiol\u00f3gica y para contener la propagaci\u00f3n de infecciones causadas por el SARS-CoV-2.<\/p><p><a href=\"https:\/\/nkef.eus\/wp-content\/uploads\/2021\/02\/Decreto-7-2021-12-febrero-4.-modificacio\u0301n-Decreto-44-2020-10-diciembre-medidas-restrictivas-COVID-19.pdf\"><button>DECRETO (en castellano)<\/button><\/a><br \/><a href=\"https:\/\/nkef.eus\/wp-content\/uploads\/2021\/02\/7-2021-DEKRETUA-otsailaren-12koa.pdf\"><button>DECRETO (en euskera)<\/button><\/a><\/p><\/p><\/div>\n                <\/div><div class=\"eael-accordion-list\">\n                <div id=\"decreto-38-2020-de-6-de-noviembre-del-lehendakari\" class=\"elementor-tab-title eael-accordion-header\" tabindex=\"1133\" data-tab=\"3\" role=\"tab\" aria-controls=\"elementor-tab-content-1133\"><i aria-hidden=\"true\" class=\"fa-accordion-icon fas fa-plus\"><\/i><span class=\"eael-accordion-tab-title\">DECRETO 38-2020, de 6 de noviembre, del Lehendakari<\/span><i aria-hidden=\"true\" class=\"fa-toggle fas fa-angle-right\"><\/i><\/div><div id=\"elementor-tab-content-1133\" class=\"eael-accordion-content clearfix\" data-tab=\"3\" role=\"tabpanel\" aria-labelledby=\"decreto-38-2020-de-6-de-noviembre-del-lehendakari\"><p><p>DECRETO 38-2020, de 6 de noviembre, del Lehendakari<br \/><a href=\"https:\/\/nkef.eus\/wp-content\/uploads\/2020\/11\/DECRETO-38-2020-de-6-de-noviembre-del-Lehendakari.pdf\"><button>DECRETO (en castellano)<\/button><\/a><\/p><\/p><\/div>\n                <\/div><div class=\"eael-accordion-list\">\n                <div id=\"decreto-362020-de-26-de-octubre\" class=\"elementor-tab-title eael-accordion-header\" tabindex=\"1134\" data-tab=\"4\" role=\"tab\" aria-controls=\"elementor-tab-content-1134\"><i aria-hidden=\"true\" class=\"fa-accordion-icon fas fa-plus\"><\/i><span class=\"eael-accordion-tab-title\">DECRETO 36\/2020, de 26 de octubre<\/span><i aria-hidden=\"true\" class=\"fa-toggle fas fa-angle-right\"><\/i><\/div><div id=\"elementor-tab-content-1134\" class=\"eael-accordion-content clearfix\" data-tab=\"4\" role=\"tabpanel\" aria-labelledby=\"decreto-362020-de-26-de-octubre\"><p><p>DECRETO 36\/2020, de 26 de octubre, del Lehendakari, por el que se determinan medidas espec\u00edficas<br \/>de prevenci\u00f3n, en el \u00e1mbito de la declaraci\u00f3n del estado de alarma, como consecuencia<br \/>de la evoluci\u00f3n de la situaci\u00f3n epidemiol\u00f3gica y para contener la propagaci\u00f3n de infecciones<br \/>causadas por el SARS-CoV-2.<\/p><p><a href=\"https:\/\/nkef.eus\/wp-content\/uploads\/2020\/11\/2004490e-1.pdf\"><button>Ver Decreto en Euskera<\/button><\/a> <a href=\"https:\/\/nkef.eus\/wp-content\/uploads\/2020\/10\/decreto-gobierno-vasco-segundo-estado-de-alarma.pdf\"><button>Ver Decreto en Castellano<\/button><\/a><br \/>Ampliaci\u00f3n Art\u00edculo 14.1 del decreto 36\/2020, de 26 de Octubre del Lehendakari<br \/><a href=\"https:\/\/nkef.eus\/wp-content\/uploads\/2020\/11\/Euskal-Federazioentzako-Oharra-20.11.4.pdf\"><button>Ver PDF Euskera\/ Castellano <\/button><\/a><\/p><\/p><\/div>\n                <\/div><div class=\"eael-accordion-list\">\n                <div id=\"decreto-12021-de-12-de-enero\" class=\"elementor-tab-title eael-accordion-header\" tabindex=\"1135\" data-tab=\"5\" role=\"tab\" aria-controls=\"elementor-tab-content-1135\"><i aria-hidden=\"true\" class=\"fa-accordion-icon fas fa-plus\"><\/i><span class=\"eael-accordion-tab-title\">DECRETO 1\/2021, de 12 de enero<\/span><i aria-hidden=\"true\" class=\"fa-toggle fas fa-angle-right\"><\/i><\/div><div id=\"elementor-tab-content-1135\" class=\"eael-accordion-content clearfix\" data-tab=\"5\" role=\"tabpanel\" aria-labelledby=\"decreto-12021-de-12-de-enero\"><p>DECRETO 1\/2021, de 12 de enero, del Lehendakari, de segunda modificaci\u00f3n del Decreto 44\/2020,\nde 10 de diciembre.\n<a href=\"https:\/\/nkef.eus\/wp-content\/uploads\/2021\/01\/DECRETO-12021-de-12-de-enero-del-Lehendakari-de-segunda-modificacion-del-Decreto-442020.pdf\"><button>DECRETO (en castellano)<\/button><\/a>\n<a href=\"https:\/\/nkef.eus\/wp-content\/uploads\/2021\/01\/12021-DEKRETUA-urtarrilaren-12koa-lehendakariarena-zeinaren-bidez-bigarren-aldiz-aldatzen.pdf\"><button>DECRETO (en euskera)<\/button><\/a><\/p><\/div>\n                <\/div><\/div>\t\t<\/div>\n\t\t\t\t<\/div>\n\t\t\t\t<div class=\"elementor-element elementor-element-1140603 elementor-widget elementor-widget-heading\" data-id=\"1140603\" data-element_type=\"widget\" data-widget_type=\"heading.default\">\n\t\t\t\t<div class=\"elementor-widget-container\">\n\t\t\t<h2 class=\"elementor-heading-title elementor-size-default\">CRITERIOS<\/h2>\t\t<\/div>\n\t\t\t\t<\/div>\n\t\t\t\t<div class=\"elementor-element elementor-element-8f1675f elementor-widget elementor-widget-eael-adv-accordion\" data-id=\"8f1675f\" data-element_type=\"widget\" data-widget_type=\"eael-adv-accordion.default\">\n\t\t\t\t<div class=\"elementor-widget-container\">\n\t\t\t        <div class=\"eael-adv-accordion\" id=\"eael-adv-accordion-8f1675f\" data-accordion-id=\"8f1675f\" data-accordion-type=\"accordion\" data-toogle-speed=\"300\">\n    <div class=\"eael-accordion-list\">\n                <div id=\"criterios-de-aplicacin-ertzaintza-y-policia-local-6-de-marzo-de-2020\" class=\"elementor-tab-title eael-accordion-header\" tabindex=\"1501\" data-tab=\"1\" role=\"tab\" aria-controls=\"elementor-tab-content-1501\"><i aria-hidden=\"true\" class=\"fa-accordion-icon fas fa-plus\"><\/i><span class=\"eael-accordion-tab-title\">Criterios de aplicaci\u00f3n Ertzaintza y Policia Local, 6 de marzo de 2020.<\/span><i aria-hidden=\"true\" class=\"fa-toggle fas fa-angle-right\"><\/i><\/div><div id=\"elementor-tab-content-1501\" class=\"eael-accordion-content clearfix\" data-tab=\"1\" role=\"tabpanel\" aria-labelledby=\"criterios-de-aplicacin-ertzaintza-y-policia-local-6-de-marzo-de-2020\"><p>Se adjuntan los CRITERIOS DE APLICACI\u00d3N DE LA ERTZAINTZA Y POLIC\u00cdAS LOCALES SOBRE LA ALARMA SANITARIA en relaci\u00f3n al DECRETO 13\/2021, de 6 de marzo, del Lehendakari enviado anteriormente.<br>\n<a href=\"https:\/\/nkef.eus\/wp-content\/uploads\/2021\/03\/2021.03.08-Criterios-Ertzaintza-Rev.-7.pdf\"><button>VER PDF <\/button><\/a><\/p><\/div>\n                <\/div><div class=\"eael-accordion-list\">\n                <div id=\"criterios-de-aplicacin-ertzaintza-y-policia-local-6-de-noviembre-de-2020\" class=\"elementor-tab-title eael-accordion-header\" tabindex=\"1502\" data-tab=\"2\" role=\"tab\" aria-controls=\"elementor-tab-content-1502\"><i aria-hidden=\"true\" class=\"fa-accordion-icon fas fa-plus\"><\/i><span class=\"eael-accordion-tab-title\">Criterios de aplicaci\u00f3n Ertzaintza y Policia Local, 6 de noviembre de 2020.<\/span><i aria-hidden=\"true\" class=\"fa-toggle fas fa-angle-right\"><\/i><\/div><div id=\"elementor-tab-content-1502\" class=\"eael-accordion-content clearfix\" data-tab=\"2\" role=\"tabpanel\" aria-labelledby=\"criterios-de-aplicacin-ertzaintza-y-policia-local-6-de-noviembre-de-2020\"><p><p>CRITERIOS DE APLICACI\u00d3N DE LA ERTZAINTZA Y POLIC\u00cdAS LOCALES SOBRE\u00a0 LA ALARMA SANITARIA, de fecha 6 de noviembre de 2020.<br \/><a href=\"https:\/\/nkef.eus\/wp-content\/uploads\/2020\/11\/2020.11.06-Criterios-Ertzaintza-Udaltzaingoa.pdf\"><button>VER PDF <\/button><\/a><\/p><\/p><\/div>\n                <\/div><div class=\"eael-accordion-list\">\n                <div id=\"criterios-de-aplicacin-ertzaintza-y-policia-local-2-de-noviembre-de-2020\" class=\"elementor-tab-title eael-accordion-header\" tabindex=\"1503\" data-tab=\"3\" role=\"tab\" aria-controls=\"elementor-tab-content-1503\"><i aria-hidden=\"true\" class=\"fa-accordion-icon fas fa-plus\"><\/i><span class=\"eael-accordion-tab-title\">Criterios de aplicaci\u00f3n Ertzaintza y Policia Local, 2 de noviembre de 2020.<\/span><i aria-hidden=\"true\" class=\"fa-toggle fas fa-angle-right\"><\/i><\/div><div id=\"elementor-tab-content-1503\" class=\"eael-accordion-content clearfix\" data-tab=\"3\" role=\"tabpanel\" aria-labelledby=\"criterios-de-aplicacin-ertzaintza-y-policia-local-2-de-noviembre-de-2020\"><p>CRITERIOS DE APLICACI\u00d3N DE LA ERTZAINTZA Y POLIC\u00cdAS LOCALES SOBRE\u00a0 LA ALARMA SANITARIA, de fecha 2 de noviembre de 2020.<br>\n<a href=\"https:\/\/nkef.eus\/wp-content\/uploads\/2020\/11\/2020.11.02-Criterios-Ertzaintza-Rev.1-1.pdf\"><button>VER PDF <\/button><\/a><\/p><\/div>\n                <\/div><\/div>\t\t<\/div>\n\t\t\t\t<\/div>\n\t\t\t\t\t\t<\/div>\n\t\t\t\t\t<\/div>\n\t\t<\/div>\n\t\t\t\t\t\t\t\t<\/div>\n\t\t\t\t\t<\/div>\n\t\t<\/section>\n\t\t\t\t<section class=\"elementor-section elementor-top-section elementor-element elementor-element-6d30ea5 elementor-section-boxed elementor-section-height-default elementor-section-height-default\" data-id=\"6d30ea5\" data-element_type=\"section\">\n\t\t\t\t\t\t<div class=\"elementor-container elementor-column-gap-default\">\n\t\t\t\t\t\t\t<div class=\"elementor-row\">\n\t\t\t\t\t<div class=\"elementor-column elementor-col-100 elementor-top-column elementor-element elementor-element-5513aa4\" data-id=\"5513aa4\" data-element_type=\"column\">\n\t\t\t<div class=\"elementor-column-wrap elementor-element-populated\">\n\t\t\t\t\t\t\t<div class=\"elementor-widget-wrap\">\n\t\t\t\t\t\t<div class=\"elementor-element elementor-element-f620e5f elementor-widget elementor-widget-spacer\" data-id=\"f620e5f\" data-element_type=\"widget\" data-widget_type=\"spacer.default\">\n\t\t\t\t<div class=\"elementor-widget-container\">\n\t\t\t\t\t<div class=\"elementor-spacer\">\n\t\t\t<div class=\"elementor-spacer-inner\"><\/div>\n\t\t<\/div>\n\t\t\t\t<\/div>\n\t\t\t\t<\/div>\n\t\t\t\t\t\t<\/div>\n\t\t\t\t\t<\/div>\n\t\t<\/div>\n\t\t\t\t\t\t\t\t<\/div>\n\t\t\t\t\t<\/div>\n\t\t<\/section>\n\t\t\t\t\t\t\t\t\t<\/div>\n\t\t\t<\/div>\n\t\t\t\t\t<\/div>","protected":false},"excerpt":{"rendered":"<p>COVID-19 Ayudas COVID Concesi\u00f3n de subvenciones en el a\u00f1o 2021 para paliar los efectos del COVID-19 en los clubes deportivos Mediante el presente, se adjunta la ORDEN de 10 de marzo de 2021, del Consejero de Cultura y Pol\u00edtica Ling\u00fc\u00edstica, por la que se convoca la concesi\u00f3n de subvenciones en el a\u00f1o 2021 para paliar [&hellip;]<\/p>","protected":false},"author":3,"featured_media":1927,"comment_status":"closed","ping_status":"closed","sticky":false,"template":"elementor_header_footer","format":"standard","meta":[],"categories":[15],"tags":[],"_links":{"self":[{"href":"https:\/\/nkef.eus\/eu\/index.php\/wp-json\/wp\/v2\/posts\/1908"}],"collection":[{"href":"https:\/\/nkef.eus\/eu\/index.php\/wp-json\/wp\/v2\/posts"}],"about":[{"href":"https:\/\/nkef.eus\/eu\/index.php\/wp-json\/wp\/v2\/types\/post"}],"author":[{"embeddable":true,"href":"https:\/\/nkef.eus\/eu\/index.php\/wp-json\/wp\/v2\/users\/3"}],"replies":[{"embeddable":true,"href":"https:\/\/nkef.eus\/eu\/index.php\/wp-json\/wp\/v2\/comments?post=1908"}],"version-history":[{"count":83,"href":"https:\/\/nkef.eus\/eu\/index.php\/wp-json\/wp\/v2\/posts\/1908\/revisions"}],"predecessor-version":[{"id":4427,"href":"https:\/\/nkef.eus\/eu\/index.php\/wp-json\/wp\/v2\/posts\/1908\/revisions\/4427"}],"wp:featuredmedia":[{"embeddable":true,"href":"https:\/\/nkef.eus\/eu\/index.php\/wp-json\/wp\/v2\/media\/1927"}],"wp:attachment":[{"href":"https:\/\/nkef.eus\/eu\/index.php\/wp-json\/wp\/v2\/media?parent=1908"}],"wp:term":[{"taxonomy":"category","embeddable":true,"href":"https:\/\/nkef.eus\/eu\/index.php\/wp-json\/wp\/v2\/categories?post=1908"},{"taxonomy":"post_tag","embeddable":true,"href":"https:\/\/nkef.eus\/eu\/index.php\/wp-json\/wp\/v2\/tags?post=1908"}],"curies":[{"name":"wp","href":"https:\/\/api.w.org\/{rel}","templated":true}]}}